{"id":5209,"date":"2025-05-12T19:44:16","date_gmt":"2025-05-12T16:44:16","guid":{"rendered":"https:\/\/propertybook.ro\/blog\/apartament-modern-cu-3-camere-semidecomandate-in-marasti-ideal-pentru-o-familie\/"},"modified":"2025-05-12T19:44:16","modified_gmt":"2025-05-12T16:44:16","slug":"apartament-modern-cu-3-camere-semidecomandate-in-marasti-ideal-pentru-o-familie","status":"publish","type":"post","link":"https:\/\/propertybook.ro\/blog\/apartament-modern-cu-3-camere-semidecomandate-in-marasti-ideal-pentru-o-familie\/","title":{"rendered":"Apartament modern cu 3 camere semidecomandate \u00een Marasti \u2013 ideal pentru o familie!"},"content":{"rendered":"\n<!-- ngfb content-buttons begin -->\n<!-- generated on 2026-04-29T07:46:46+00:00 -->\n<div class=\"ngfb-content-buttons\">\n<div class=\"ngfb-buttons en_US\">\n<!-- Email Button --><div class=\"css-button email-button\">\n  <a href=\"mailto:?subject=Share:%20Apartament%20modern%20cu%203%20camere%20semidecomandate%20%C3%AEn%20Marasti%20%E2%80%93%20ideal%20pentru%20o%20familie%21&body=Cluj-Napoca%2C%20M%C4%83r%C4%83%C8%99ti%20-%20Apartament%20semidecomandat%20cu%203%20camere%20de%20v%C3%A2nzare%20%C3%AEn%20cartierul%20M%C4%83r%C4%83%C8%99ti%2C%20situat%20la%20etajul%205%20din%208%2C%20cu%20o%20suprafa%C8%9B%C4%83%20de%2057%20mp.%20Proprietatea%20include%202%20dormitoare%2C%20living%2C%20buc%C4%83t%C4%83rie%2C%20baie%20%C8%99i%20balcon%2C%20fiind%20mobilat%C4%83%20%C8%99i%20utilat%C4%83.%20Finisajele%20moderne%20includ%20parchet%20laminat%2C%20gresie%20%C8%99i%20faian%C8%9B%C4%83%2C%20u%C8%99i%20din%20lemn%20%C8%99i%20geamuri%20termopan.%20Beneficiaz%C4%83%20de%20central%C4%83%20termic%C4%83%20proprie%20%C8%99i%20aparat%20de%20aer%20condi%C8%9Bionat%2C%20precum%20%C8%99i%20parcare%20subteran%C4%83.%0D%0A%0D%0AShared%20from%20https:\/\/propertybook.ro\/blog\/apartament-modern-cu-3-camere-semidecomandate-in-marasti-ideal-pentru-o-familie\/%0D%0A\">\n    <span class=\"ngfb-icon\">\n      <svg xmlns=\"http:\/\/www.w3.org\/2000\/svg\" width=\"9\" height=\"9\" viewBox=\"0 0 28 28\">\n        <path d=\"M20.11 26.147c-2.335 1.05-4.36 1.4-7.124 1.4C6.524 27.548.84 22.916.84 15.284.84 7.343 6.602.45 15.4.45c6.854 0 11.8 4.7 11.8 11.252 0 5.684-3.193 9.265-7.398 9.3-1.83 0-3.153-.934-3.347-2.997h-.077c-1.208 1.986-2.96 2.997-5.023 2.997-2.532 0-4.36-1.868-4.36-5.062 0-4.75 3.503-9.07 9.11-9.07 1.713 0 3.7.4 4.6.972l-1.17 7.203c-.387 2.298-.115 3.3 1 3.4 1.674 0 3.774-2.102 3.774-6.58 0-5.06-3.27-8.994-9.304-8.994C9.05 2.87 3.83 7.545 3.83 14.97c0 6.5 4.2 10.2 10 10.202 1.987 0 4.09-.43 5.647-1.245l.634 2.22zM16.647 10.1c-.31-.078-.7-.155-1.207-.155-2.572 0-4.596 2.53-4.596 5.53 0 1.5.7 2.4 1.9 2.4 1.44 0 2.96-1.83 3.31-4.088l.592-3.72z\" \/>\n      <\/svg>\n    <\/span>\n    <span class=\"ngfb-text\"><\/span>\n  <\/a>\n<\/div><\/div><!-- .ngfb-buttons.en_US -->\n<\/div><!-- .ngfb-content-buttons -->\n<!-- ngfb content-buttons end -->\n\n\n<!-- ngfb schema image for pinterest pin it button -->\n<div class=\"ngfb-schema-image-for-pinterest\" style=\"display:none;\">\n<img loading=\"lazy\" decoding=\"async\" src=\"https:\/\/propertybook.ro\/blog\/wp-content\/uploads\/2025\/05\/152758.webp\" width=\"0\" height=\"0\" style=\"width:0;height:0;\" data-pin-description=\"Cluj-Napoca, M\u0103r\u0103\u0219ti - Apartament semidecomandat cu 3 camere de v&acirc;nzare &icirc;n cartierul M\u0103r\u0103\u0219ti, situat la etajul 5 din 8, cu o suprafa\u021b\u0103 de 57 mp. Proprietatea include 2 dormitoare, living, buc\u0103t\u0103rie, baie \u0219i balcon, fiind mobilat\u0103 \u0219i utilat\u0103. Finisajele moderne includ parchet laminat, gresie \u0219i...\" alt=\"\"\/>\n<\/div><!-- .ngfb-schema-image-for-pinterest -->\n\n<figure class=\"wp-block-image size-large\"><img decoding=\"async\" src=\"https:\/\/cdn.propertybook.ro\/napoca_imobiliare\/152758.webp\" alt=\"\" \/><\/figure>\n<ul>\n<li><a href=\"\/cluj-napoca\/\">Imobiliare Cluj-Napoca<\/a><\/li>\n<li><a href=\"\/cluj-napoca\/apartamente-vanzare\/\">Apartamente de vanzare Cluj-Napoca<\/a><\/li>\n<li><a href=\"\/cluj-napoca\/apartamente-vanzare\/3-camere\/\">Apartamente cu 3 camere de vanzare Cluj-Napoca<\/a><\/li>\n<li><a href=\"\/cluj-napoca\/apartamente-vanzare\/marasti\/3-camere\/\">Apartamente cu 3 camere de vanzare M\u0103r\u0103\u0219ti, Cluj-Napoca<\/a><\/li>\n<\/ul>\n<p><a href=\"\/cluj-napoca\/imobiliare-25-152758-se-vinde-apartament-3-camere-in-marasti\/\" class=\"pb-listing-action\">Detaliile proprietatii<\/a><\/p>\n<p><h2 class=\"wp-block-heading\">Descoper\u0103 Apartamentul Ideal \u00een Cartierul M\u0103r\u0103\u0219ti<\/h2>\n<p>Dac\u0103 e\u0219ti \u00een c\u0103utarea unui apartament confortabil \u0219i modern \u00een Cluj-Napoca, cartierul M\u0103r\u0103\u0219ti ar putea fi exact ceea ce \u00ee\u021bi dore\u0219ti! Oferim spre aten\u021bia ta un apartament cu 3 camere, semidecomandat, situat \u00eentr-un imobil nou, cu facilit\u0103\u021bi unde confortul \u0219i stilul se \u00eent\u00e2lnesc.<\/p>\n<p>#<\/p>\n<h2 class=\"wp-block-heading\">Detalii despre Apartament<\/h2>\n<p>Acest apartament se afl\u0103 la etajul 5 al unui imobil cu 8 niveluri, av\u00e2nd o suprafa\u021b\u0103 util\u0103 de 57 mp. Spa\u021biul este inteligent compartimentat, incluz\u00e2nd:<\/p>\n<p>&#8211; **2 dormitoare**: Locuri ideale pentru odihn\u0103 \u0219i relaxare.<\/p>\n<p>&#8211; **1 living**: Un spa\u021biu primitor care invit\u0103 la socializare \u0219i petrecerea timpului liber.<\/p>\n<p>&#8211; **1 buc\u0103t\u0103rie**: Complet mobilat\u0103 \u0219i utilat\u0103, perfect\u0103 pentru pasiona\u021bii de g\u0103tit.<\/p>\n<p>&#8211; **1 baie**: Dotat\u0103 cu cele mai moderne finisaje.<\/p>\n<p>&#8211; **1 balcon**: Oferind oportunitatea de a savura cafeaua de diminea\u021b\u0103 sau de a te relaxa la apus.<\/p>\n<p>#<\/p>\n<h2 class=\"wp-block-heading\">Finisaje de Calitate<\/h2>\n<p>Apartamentul se bucur\u0103 de finisaje moderne, precum:<\/p>\n<p>&#8211; **Parchet laminat** \u00een camere, care asigur\u0103 un aspect elegant \u0219i cald.<\/p>\n<p>&#8211; **Gresie \u0219i faian\u021b\u0103** de calitate \u00een buc\u0103t\u0103rie \u0219i baie, u\u0219or de \u00eentre\u021binut.<\/p>\n<p>&#8211; **U\u0219i interioare din lemn** \u0219i **u\u0219\u0103 metalic\u0103 la intrare** pentru un plus de siguran\u021b\u0103.<\/p>\n<p>&#8211; **Geamuri termopan** cu structur\u0103 din PVC, asigur\u00e2nd izola\u021bie termic\u0103 \u0219i fonic\u0103.<\/p>\n<p>#<\/p>\n<h2 class=\"wp-block-heading\">Confort \u0219i Eficien\u021b\u0103 Energetic\u0103<\/h2>\n<p>\u00ce\u021bi vei putea bucura de confortul termic asigurat de centrala termic\u0103 proprie \u0219i de un aparat de aer condi\u021bionat, ideal pentru a face fa\u021b\u0103 zilelor c\u0103lduroase de var\u0103 sau pentru a te men\u021bine c\u0103lduros \u00een timpul iernii.<\/p>\n<p>#<\/p>\n<h2 class=\"wp-block-heading\">Zona M\u0103r\u0103\u0219ti<\/h2>\n<p>Una dintre cele mai atr\u0103g\u0103toare aspecte ale acestui apartament este amplasarea sa \u00eentr-o zon\u0103 bine cotat\u0103 din Cluj-Napoca. Cartierul M\u0103r\u0103\u0219ti ofer\u0103 acces facil la transport public, magazine, restaurante \u0219i parcuri, fiind perfect pentru cei care doresc s\u0103 se bucure de confortul vie\u021bii urbane.<\/p>\n<p>#<\/p>\n<h2 class=\"wp-block-heading\">Loc de Parcare<\/h2>\n<p>Un alt avantaj al acestui apartament este disponibilitatea unei parc\u0103ri subterane, un aspect esen\u021bial pentru confortul zilnic, elimin\u00e2nd grija locului de parcare.<\/p>\n<p>#<\/p>\n<h2 class=\"wp-block-heading\">Concluzie<\/h2>\n<p>Aceast\u0103 proprietate cu 3 camere \u00een cartierul M\u0103r\u0103\u0219ti reprezint\u0103 o oportunitate excelent\u0103 pentru cei care caut\u0103 un c\u0103min pe termen lung, un loc prietenos \u0219i modern, perfect adaptat nevoilor contemporane. Fie c\u0103 e\u0219ti un t\u00e2n\u0103r profesionist, o familie sau pur \u0219i simplu cau\u021bi o investi\u021bie valoroas\u0103, acest apartament are toate caracteristicile necesare.<\/p>\n<p>Dac\u0103 te intereseaz\u0103 o vizionare sau mai multe detalii, nu ezita s\u0103 explorezi aceast\u0103 oportunitate! M\u0103r\u0103\u0219ti te a\u0219teapt\u0103 s\u0103 devii noul s\u0103u locuitor!<\/p>\n<p><a href=\"\/cluj-napoca\/imobiliare-25-152758-se-vinde-apartament-3-camere-in-marasti\/\" class=\"pb-listing-action\">Stabileste o vizionare<\/a><\/p>\n<ul>\n<li><a href=\"\/cluj-napoca\/\">Imobiliare Cluj-Napoca<\/a><\/li>\n<li><a href=\"\/cluj-napoca\/apartamente-vanzare\/\">Apartamente de vanzare Cluj-Napoca<\/a><\/li>\n<li><a href=\"\/cluj-napoca\/apartamente-vanzare\/3-camere\/\">Apartamente cu 3 camere de vanzare Cluj-Napoca<\/a><\/li>\n<li><a href=\"\/cluj-napoca\/apartamente-vanzare\/marasti\/3-camere\/\">Apartamente cu 3 camere de vanzare M\u0103r\u0103\u0219ti, Cluj-Napoca<\/a><\/li>\n<\/ul>\n\n<!-- ngfb content-buttons begin -->\n<!-- generated on 2026-04-29T07:46:46+00:00 -->\n<div class=\"ngfb-content-buttons\">\n<div class=\"ngfb-buttons en_US\">\n<!-- Email Button --><div class=\"css-button email-button\">\n  <a href=\"mailto:?subject=Share:%20Apartament%20modern%20cu%203%20camere%20semidecomandate%20%C3%AEn%20Marasti%20%E2%80%93%20ideal%20pentru%20o%20familie%21&body=Cluj-Napoca%2C%20M%C4%83r%C4%83%C8%99ti%20-%20Apartament%20semidecomandat%20cu%203%20camere%20de%20v%C3%A2nzare%20%C3%AEn%20cartierul%20M%C4%83r%C4%83%C8%99ti%2C%20situat%20la%20etajul%205%20din%208%2C%20cu%20o%20suprafa%C8%9B%C4%83%20de%2057%20mp.%20Proprietatea%20include%202%20dormitoare%2C%20living%2C%20buc%C4%83t%C4%83rie%2C%20baie%20%C8%99i%20balcon%2C%20fiind%20mobilat%C4%83%20%C8%99i%20utilat%C4%83.%20Finisajele%20moderne%20includ%20parchet%20laminat%2C%20gresie%20%C8%99i%20faian%C8%9B%C4%83%2C%20u%C8%99i%20din%20lemn%20%C8%99i%20geamuri%20termopan.%20Beneficiaz%C4%83%20de%20central%C4%83%20termic%C4%83%20proprie%20%C8%99i%20aparat%20de%20aer%20condi%C8%9Bionat%2C%20precum%20%C8%99i%20parcare%20subteran%C4%83.%0D%0A%0D%0AShared%20from%20https:\/\/propertybook.ro\/blog\/apartament-modern-cu-3-camere-semidecomandate-in-marasti-ideal-pentru-o-familie\/%0D%0A\">\n    <span class=\"ngfb-icon\">\n      <svg xmlns=\"http:\/\/www.w3.org\/2000\/svg\" width=\"9\" height=\"9\" viewBox=\"0 0 28 28\">\n        <path d=\"M20.11 26.147c-2.335 1.05-4.36 1.4-7.124 1.4C6.524 27.548.84 22.916.84 15.284.84 7.343 6.602.45 15.4.45c6.854 0 11.8 4.7 11.8 11.252 0 5.684-3.193 9.265-7.398 9.3-1.83 0-3.153-.934-3.347-2.997h-.077c-1.208 1.986-2.96 2.997-5.023 2.997-2.532 0-4.36-1.868-4.36-5.062 0-4.75 3.503-9.07 9.11-9.07 1.713 0 3.7.4 4.6.972l-1.17 7.203c-.387 2.298-.115 3.3 1 3.4 1.674 0 3.774-2.102 3.774-6.58 0-5.06-3.27-8.994-9.304-8.994C9.05 2.87 3.83 7.545 3.83 14.97c0 6.5 4.2 10.2 10 10.202 1.987 0 4.09-.43 5.647-1.245l.634 2.22zM16.647 10.1c-.31-.078-.7-.155-1.207-.155-2.572 0-4.596 2.53-4.596 5.53 0 1.5.7 2.4 1.9 2.4 1.44 0 2.96-1.83 3.31-4.088l.592-3.72z\" \/>\n      <\/svg>\n    <\/span>\n    <span class=\"ngfb-text\"><\/span>\n  <\/a>\n<\/div><\/div><!-- .ngfb-buttons.en_US -->\n<\/div><!-- .ngfb-content-buttons -->\n<!-- ngfb content-buttons end -->\n\n","protected":false},"excerpt":{"rendered":"<p>Cluj-Napoca, M\u0103r\u0103\u0219ti &#8211; Apartament semidecomandat cu 3 camere de v\u00e2nzare \u00een cartierul M\u0103r\u0103\u0219ti, situat la etajul 5 din 8, cu o suprafa\u021b\u0103 de 57 mp. Proprietatea include 2 dormitoare, living, buc\u0103t\u0103rie, baie \u0219i balcon, fiind mobilat\u0103 \u0219i utilat\u0103. Finisajele moderne includ parchet laminat, gresie \u0219i faian\u021b\u0103, u\u0219i din lemn \u0219i geamuri termopan. Beneficiaz\u0103 de central\u0103 termic\u0103 proprie \u0219i aparat de aer condi\u021bionat, precum \u0219i parcare subteran\u0103.<\/p>\n","protected":false},"author":8,"featured_media":5208,"comment_status":"open","ping_status":"open","sticky":false,"template":"","format":"standard","meta":{"footnotes":""},"categories":[50,48,47],"tags":[55,74,65,91,170,92,376,60,70,63,85],"class_list":["post-5209","post","type-post","status-publish","format-standard","has-post-thumbnail","hentry","category-apartamente-de-vanzare-in-cluj-napoca","category-oferte-imobiliare-in-cluj-napoca","category-oferte","tag-3-camere","tag-balcon","tag-centrala-termica","tag-cluj-napoca","tag-etaj-5-8","tag-marasti","tag-o-baie","tag-parcare","tag-parchet","tag-semidecomandat","tag-termopane"],"_links":{"self":[{"href":"https:\/\/propertybook.ro\/blog\/wp-json\/wp\/v2\/posts\/5209","targetHints":{"allow":["GET"]}}],"collection":[{"href":"https:\/\/propertybook.ro\/blog\/wp-json\/wp\/v2\/posts"}],"about":[{"href":"https:\/\/propertybook.ro\/blog\/wp-json\/wp\/v2\/types\/post"}],"author":[{"embeddable":true,"href":"https:\/\/propertybook.ro\/blog\/wp-json\/wp\/v2\/users\/8"}],"replies":[{"embeddable":true,"href":"https:\/\/propertybook.ro\/blog\/wp-json\/wp\/v2\/comments?post=5209"}],"version-history":[{"count":0,"href":"https:\/\/propertybook.ro\/blog\/wp-json\/wp\/v2\/posts\/5209\/revisions"}],"wp:featuredmedia":[{"embeddable":true,"href":"https:\/\/propertybook.ro\/blog\/wp-json\/wp\/v2\/media\/5208"}],"wp:attachment":[{"href":"https:\/\/propertybook.ro\/blog\/wp-json\/wp\/v2\/media?parent=5209"}],"wp:term":[{"taxonomy":"category","embeddable":true,"href":"https:\/\/propertybook.ro\/blog\/wp-json\/wp\/v2\/categories?post=5209"},{"taxonomy":"post_tag","embeddable":true,"href":"https:\/\/propertybook.ro\/blog\/wp-json\/wp\/v2\/tags?post=5209"}],"curies":[{"name":"wp","href":"https:\/\/api.w.org\/{rel}","templated":true}]}}