{"id":5215,"date":"2025-05-13T15:43:49","date_gmt":"2025-05-13T12:43:49","guid":{"rendered":"https:\/\/propertybook.ro\/blog\/descopera-apartamentul-perfect-cu-vedere-spre-catedrala-mantuirii-neamului-si-palatul-parlamentului\/"},"modified":"2025-05-13T15:43:49","modified_gmt":"2025-05-13T12:43:49","slug":"descopera-apartamentul-perfect-cu-vedere-spre-catedrala-mantuirii-neamului-si-palatul-parlamentului","status":"publish","type":"post","link":"https:\/\/propertybook.ro\/blog\/descopera-apartamentul-perfect-cu-vedere-spre-catedrala-mantuirii-neamului-si-palatul-parlamentului\/","title":{"rendered":"Descoper\u0103 apartamentul perfect, cu vedere spre Catedrala M\u00e2ntuirii Neamului \u0219i Palatul Parlamentului!"},"content":{"rendered":"\n<!-- ngfb content-buttons begin -->\n<!-- generated on 2026-05-02T00:36:47+00:00 -->\n<div class=\"ngfb-content-buttons\">\n<div class=\"ngfb-buttons en_US\">\n<!-- Email Button --><div class=\"css-button email-button\">\n  <a href=\"mailto:?subject=Share:%20Descoper%C4%83%20apartamentul%20perfect%2C%20cu%20vedere%20spre%20Catedrala%20M%C3%A2ntuirii%20Neamului%20%C8%99i%20Palatul%20Parlamentului%21&body=Bucure%C8%99ti%2C%2013%20Septembrie%20-%20Apartamentul%20situat%20vizavi%20de%20Catedrala%20M%C3%A2ntuirii%20Neamului%20%C8%99i%20Palatul%20Parlamentului%20ofer%C4%83%20confort%20%C8%99i%20accesibilitate.%20Recent%20renovat%2C%20cu%20finisaje%20premium%20%C8%99i%20instala%C8%9Bii%20noi%2C%20este%20complet%20mobilat%20%C8%99i%20utilat.%20Livingul%20spa%C8%9Bios%20de%2027%20mp%20are%20vedere%20c%C4%83tre%20obiective%20emblematice.%20Beneficiaz%C4%83%20de%20box%C4%83%2C%20usc%C4%83torie%20comun%C4%83%20%C8%99i%20locuri%20de%20parcare.%20Zona%20exclusivist%C4%83%20este%20aproape%20de%20transport%2C%20parcuri%20%C8%99i%20restaurante%2C%20fiind%20potrivit%20at%C3%A2t%20pentru%20locuire%2C%20c%C3%A2t%20%C8%99i%20pentru%20investi%C8%9Bie.%0D%0A%0D%0AShared%20from%20https:\/\/propertybook.ro\/blog\/descopera-apartamentul-perfect-cu-vedere-spre-catedrala-mantuirii-neamului-si-palatul-parlamentului\/%0D%0A\">\n    <span class=\"ngfb-icon\">\n      <svg xmlns=\"http:\/\/www.w3.org\/2000\/svg\" width=\"9\" height=\"9\" viewBox=\"0 0 28 28\">\n        <path d=\"M20.11 26.147c-2.335 1.05-4.36 1.4-7.124 1.4C6.524 27.548.84 22.916.84 15.284.84 7.343 6.602.45 15.4.45c6.854 0 11.8 4.7 11.8 11.252 0 5.684-3.193 9.265-7.398 9.3-1.83 0-3.153-.934-3.347-2.997h-.077c-1.208 1.986-2.96 2.997-5.023 2.997-2.532 0-4.36-1.868-4.36-5.062 0-4.75 3.503-9.07 9.11-9.07 1.713 0 3.7.4 4.6.972l-1.17 7.203c-.387 2.298-.115 3.3 1 3.4 1.674 0 3.774-2.102 3.774-6.58 0-5.06-3.27-8.994-9.304-8.994C9.05 2.87 3.83 7.545 3.83 14.97c0 6.5 4.2 10.2 10 10.202 1.987 0 4.09-.43 5.647-1.245l.634 2.22zM16.647 10.1c-.31-.078-.7-.155-1.207-.155-2.572 0-4.596 2.53-4.596 5.53 0 1.5.7 2.4 1.9 2.4 1.44 0 2.96-1.83 3.31-4.088l.592-3.72z\" \/>\n      <\/svg>\n    <\/span>\n    <span class=\"ngfb-text\"><\/span>\n  <\/a>\n<\/div><\/div><!-- .ngfb-buttons.en_US -->\n<\/div><!-- .ngfb-content-buttons -->\n<!-- ngfb content-buttons end -->\n\n\n<!-- ngfb schema image for pinterest pin it button -->\n<div class=\"ngfb-schema-image-for-pinterest\" style=\"display:none;\">\n<img loading=\"lazy\" decoding=\"async\" src=\"https:\/\/propertybook.ro\/blog\/wp-content\/uploads\/2025\/05\/11023648.webp\" width=\"0\" height=\"0\" style=\"width:0;height:0;\" data-pin-description=\"Bucure\u0219ti, 13 Septembrie - Apartamentul situat vizavi de Catedrala M&acirc;ntuirii Neamului \u0219i Palatul Parlamentului ofer\u0103 confort \u0219i accesibilitate. Recent renovat, cu finisaje premium \u0219i instala\u021bii noi, este complet mobilat \u0219i utilat. Livingul spa\u021bios de 27 mp are vedere c\u0103tre obiective emblematice...\" alt=\"\"\/>\n<\/div><!-- .ngfb-schema-image-for-pinterest -->\n\n<figure class=\"wp-block-image size-large\"><img decoding=\"async\" src=\"https:\/\/cdn.propertybook.ro\/svn_residentialist\/11023648.webp\" alt=\"\" \/><\/figure>\n<ul>\n<li><a href=\"\/bucuresti\/\">Imobiliare Bucure\u0219ti<\/a><\/li>\n<li><a href=\"\/bucuresti\/apartamente-vanzare\/\">Apartamente de vanzare Bucure\u0219ti<\/a><\/li>\n<li><a href=\"\/bucuresti\/apartamente-vanzare\/3-camere\/\">Apartamente cu 3 camere de vanzare Bucure\u0219ti<\/a><\/li>\n<li><a href=\"\/bucuresti\/apartamente-vanzare\/13_septembrie\/3-camere\/\">Apartamente cu 3 camere de vanzare 13 Septembrie, Bucure\u0219ti<\/a><\/li>\n<\/ul>\n<p><a href=\"\/bucuresti\/imobiliare-163-11023648-se-vinde-apartament-3-camere-in-sector-5-zona-13-septembrie\/\" class=\"pb-listing-action\">Detaliile proprietatii<\/a><\/p>\n<p><h2 class=\"wp-block-heading\">Descoper\u0103 un Apartament de Vis \u00een Inima Bucure\u0219tiului<\/h2>\n<p>Dac\u0103 e\u0219ti \u00een c\u0103utarea unui apartament cu totul special \u00een Bucure\u0219ti, avem o propunere care \u00eembin\u0103 confortul, elegan\u021ba \u0219i o loca\u021bie deosebit\u0103. Situat \u00eentr-o zon\u0103 cu o vizibilitate \u0219i valoare rar\u0103 pe pia\u021b\u0103, aceast\u0103 proprietate se afl\u0103 exact vizavi de Catedrala M\u00e2ntuirii Neamului \u0219i Palatul Parlamentului, oferind nu doar un c\u0103min, ci \u0219i un stil de via\u021b\u0103 urban sofisticat.<\/p>\n<p>#<\/p>\n<h2 class=\"wp-block-heading\">Loca\u021bie Ideal\u0103<\/h2>\n<p>Imobilul se afl\u0103 \u00eentr-o cl\u0103dire stradal\u0103 recent anvelopat\u0103, cu un lift nou, ceea ce asigur\u0103 accesibilitate \u0219i comfort. Datorit\u0103 pozi\u021bion\u0103rii sale centrale, ai acces rapid la toate punctele de interes administrativ \u0219i cultural din ora\u0219. \u00cen imediata apropiere, vei g\u0103si mijloace de transport \u00een comun, parcuri verzi pentru relaxare, restaurante \u0219i institu\u021bii importante, f\u0103c\u00e2ndu-l o alegere ideal\u0103 pentru cei care apreciaz\u0103 via\u021ba \u00een ora\u0219.<\/p>\n<p>#<\/p>\n<h2 class=\"wp-block-heading\">Design \u0219i Confort<\/h2>\n<p>Apartamentul beneficiaz\u0103 de un etaj intermediar, considerat optim din punct de vedere al confortului termic. Recent renovat, acesta dispune de finisaje premium \u0219i a fost dotat cu toate instala\u021biile noi \u2013 electrice, termice \u0219i sanitare \u2013 oferind astfel un ambient modern \u0219i func\u021bional. Mobilat \u0219i utilat complet, apartamentul este gata pentru a fi locuit imediat, av\u00e2nd o central\u0103 termic\u0103 proprie pentru un plus de confort.<\/p>\n<p>#<\/p>\n<h2 class=\"wp-block-heading\">Compartimentare Eficient\u0103<\/h2>\n<p>Ce face cu adev\u0103rat acest apartament deosebit este compartimentarea sa bine g\u00e2ndit\u0103. Cu o suprafa\u021b\u0103 generoas\u0103, livingul are aproximativ 27 mp \u0219i ofer\u0103 un spa\u021biu aerisit \u0219i luminos, cu o vedere mixt\u0103 c\u0103tre obiectivele emblematice din zon\u0103, ceea ce \u00eel transform\u0103 \u00eentr-un loc perfect pentru relaxare sau socializare. <\/p>\n<p>\u00cen plus, proprietatea dispune de o box\u0103 de depozitare trecut\u0103 \u00een acte, usc\u0103torie comun\u0103 \u0219i locuri de parcare libere disponibile \u00een spatele blocului, sporind astfel func\u021bionalitatea \u0219i confortul vie\u021bii de zi cu zi.<\/p>\n<p>#<\/p>\n<h2 class=\"wp-block-heading\">Oportunitate de Investi\u021bie<\/h2>\n<p>Aceast\u0103 proprietate nu este doar un c\u0103min perfect, ci \u0219i o oportunitate excelent\u0103 de investi\u021bie. Zona exclusivist\u0103, cu cerere constant\u0103 \u0219i poten\u021bial excelent de valorizare, face ca acest apartament s\u0103 fie o alegere \u00een\u021beleapt\u0103 at\u00e2t pentru locuire, c\u00e2t \u0219i pentru \u00eenchiriere.<\/p>\n<p>#<\/p>\n<h2 class=\"wp-block-heading\">Concluzie<\/h2>\n<p>Dac\u0103 \u00ee\u021bi dore\u0219ti s\u0103 tr\u0103ie\u0219ti \u00eentr-un apartament rafinat, \u00eentr-o zon\u0103 central\u0103 care \u00eembin\u0103 cultura \u0219i confortul, aceast\u0103 proprietate este alegerea ideal\u0103. Cu toate dot\u0103rile moderne \u0219i o loca\u021bie superb\u0103, te a\u0219teapt\u0103 s\u0103 \u00eei descoperi frumuse\u021bea \u0219i s\u0103 devii parte din acest stil de via\u021b\u0103 vibrant. F\u0103-\u021bi visul realitate \u0219i exploreaz\u0103 oportunit\u0103\u021bile de care acest apartament are parte!<\/p>\n<p><a href=\"\/bucuresti\/imobiliare-163-11023648-se-vinde-apartament-3-camere-in-sector-5-zona-13-septembrie\/\" class=\"pb-listing-action\">Stabileste o vizionare<\/a><\/p>\n<ul>\n<li><a href=\"\/bucuresti\/\">Imobiliare Bucure\u0219ti<\/a><\/li>\n<li><a href=\"\/bucuresti\/apartamente-vanzare\/\">Apartamente de vanzare Bucure\u0219ti<\/a><\/li>\n<li><a href=\"\/bucuresti\/apartamente-vanzare\/3-camere\/\">Apartamente cu 3 camere de vanzare Bucure\u0219ti<\/a><\/li>\n<li><a href=\"\/bucuresti\/apartamente-vanzare\/13_septembrie\/3-camere\/\">Apartamente cu 3 camere de vanzare 13 Septembrie, Bucure\u0219ti<\/a><\/li>\n<\/ul>\n\n<!-- ngfb content-buttons begin -->\n<!-- generated on 2026-05-02T00:36:47+00:00 -->\n<div class=\"ngfb-content-buttons\">\n<div class=\"ngfb-buttons en_US\">\n<!-- Email Button --><div class=\"css-button email-button\">\n  <a href=\"mailto:?subject=Share:%20Descoper%C4%83%20apartamentul%20perfect%2C%20cu%20vedere%20spre%20Catedrala%20M%C3%A2ntuirii%20Neamului%20%C8%99i%20Palatul%20Parlamentului%21&body=Bucure%C8%99ti%2C%2013%20Septembrie%20-%20Apartamentul%20situat%20vizavi%20de%20Catedrala%20M%C3%A2ntuirii%20Neamului%20%C8%99i%20Palatul%20Parlamentului%20ofer%C4%83%20confort%20%C8%99i%20accesibilitate.%20Recent%20renovat%2C%20cu%20finisaje%20premium%20%C8%99i%20instala%C8%9Bii%20noi%2C%20este%20complet%20mobilat%20%C8%99i%20utilat.%20Livingul%20spa%C8%9Bios%20de%2027%20mp%20are%20vedere%20c%C4%83tre%20obiective%20emblematice.%20Beneficiaz%C4%83%20de%20box%C4%83%2C%20usc%C4%83torie%20comun%C4%83%20%C8%99i%20locuri%20de%20parcare.%20Zona%20exclusivist%C4%83%20este%20aproape%20de%20transport%2C%20parcuri%20%C8%99i%20restaurante%2C%20fiind%20potrivit%20at%C3%A2t%20pentru%20locuire%2C%20c%C3%A2t%20%C8%99i%20pentru%20investi%C8%9Bie.%0D%0A%0D%0AShared%20from%20https:\/\/propertybook.ro\/blog\/descopera-apartamentul-perfect-cu-vedere-spre-catedrala-mantuirii-neamului-si-palatul-parlamentului\/%0D%0A\">\n    <span class=\"ngfb-icon\">\n      <svg xmlns=\"http:\/\/www.w3.org\/2000\/svg\" width=\"9\" height=\"9\" viewBox=\"0 0 28 28\">\n        <path d=\"M20.11 26.147c-2.335 1.05-4.36 1.4-7.124 1.4C6.524 27.548.84 22.916.84 15.284.84 7.343 6.602.45 15.4.45c6.854 0 11.8 4.7 11.8 11.252 0 5.684-3.193 9.265-7.398 9.3-1.83 0-3.153-.934-3.347-2.997h-.077c-1.208 1.986-2.96 2.997-5.023 2.997-2.532 0-4.36-1.868-4.36-5.062 0-4.75 3.503-9.07 9.11-9.07 1.713 0 3.7.4 4.6.972l-1.17 7.203c-.387 2.298-.115 3.3 1 3.4 1.674 0 3.774-2.102 3.774-6.58 0-5.06-3.27-8.994-9.304-8.994C9.05 2.87 3.83 7.545 3.83 14.97c0 6.5 4.2 10.2 10 10.202 1.987 0 4.09-.43 5.647-1.245l.634 2.22zM16.647 10.1c-.31-.078-.7-.155-1.207-.155-2.572 0-4.596 2.53-4.596 5.53 0 1.5.7 2.4 1.9 2.4 1.44 0 2.96-1.83 3.31-4.088l.592-3.72z\" \/>\n      <\/svg>\n    <\/span>\n    <span class=\"ngfb-text\"><\/span>\n  <\/a>\n<\/div><\/div><!-- .ngfb-buttons.en_US -->\n<\/div><!-- .ngfb-content-buttons -->\n<!-- ngfb content-buttons end -->\n\n","protected":false},"excerpt":{"rendered":"<p>Bucure\u0219ti, 13 Septembrie &#8211; Apartamentul situat vizavi de Catedrala M\u00e2ntuirii Neamului \u0219i Palatul Parlamentului ofer\u0103 confort \u0219i accesibilitate. Recent renovat, cu finisaje premium \u0219i instala\u021bii noi, este complet mobilat \u0219i utilat. Livingul spa\u021bios de 27 mp are vedere c\u0103tre obiective emblematice. Beneficiaz\u0103 de box\u0103, usc\u0103torie comun\u0103 \u0219i locuri de parcare. Zona exclusivist\u0103 este aproape de transport, parcuri \u0219i restaurante, fiind potrivit at\u00e2t pentru locuire, c\u00e2t \u0219i pentru investi\u021bie.<\/p>\n","protected":false},"author":8,"featured_media":5214,"comment_status":"open","ping_status":"open","sticky":false,"template":"","format":"standard","meta":{"footnotes":""},"categories":[52,49,47],"tags":[221,55,97,89,82,376,70,63,85],"class_list":["post-5215","post","type-post","status-publish","format-standard","has-post-thumbnail","hentry","category-apartamente-de-vanzare-bucuresti","category-oferte-imobiliare-bucuresti","category-oferte","tag-13-septembrie","tag-3-camere","tag-an-const-1980","tag-bucuresti","tag-etaj-3-8","tag-o-baie","tag-parchet","tag-semidecomandat","tag-termopane"],"_links":{"self":[{"href":"https:\/\/propertybook.ro\/blog\/wp-json\/wp\/v2\/posts\/5215","targetHints":{"allow":["GET"]}}],"collection":[{"href":"https:\/\/propertybook.ro\/blog\/wp-json\/wp\/v2\/posts"}],"about":[{"href":"https:\/\/propertybook.ro\/blog\/wp-json\/wp\/v2\/types\/post"}],"author":[{"embeddable":true,"href":"https:\/\/propertybook.ro\/blog\/wp-json\/wp\/v2\/users\/8"}],"replies":[{"embeddable":true,"href":"https:\/\/propertybook.ro\/blog\/wp-json\/wp\/v2\/comments?post=5215"}],"version-history":[{"count":0,"href":"https:\/\/propertybook.ro\/blog\/wp-json\/wp\/v2\/posts\/5215\/revisions"}],"wp:featuredmedia":[{"embeddable":true,"href":"https:\/\/propertybook.ro\/blog\/wp-json\/wp\/v2\/media\/5214"}],"wp:attachment":[{"href":"https:\/\/propertybook.ro\/blog\/wp-json\/wp\/v2\/media?parent=5215"}],"wp:term":[{"taxonomy":"category","embeddable":true,"href":"https:\/\/propertybook.ro\/blog\/wp-json\/wp\/v2\/categories?post=5215"},{"taxonomy":"post_tag","embeddable":true,"href":"https:\/\/propertybook.ro\/blog\/wp-json\/wp\/v2\/tags?post=5215"}],"curies":[{"name":"wp","href":"https:\/\/api.w.org\/{rel}","templated":true}]}}