{"id":5227,"date":"2025-05-14T15:43:50","date_gmt":"2025-05-14T12:43:50","guid":{"rendered":"https:\/\/propertybook.ro\/blog\/apartament-semidecomandat-cu-2-camere-loc-de-parcare-si-balcon-la-etajul-5\/"},"modified":"2025-05-14T15:43:50","modified_gmt":"2025-05-14T12:43:50","slug":"apartament-semidecomandat-cu-2-camere-loc-de-parcare-si-balcon-la-etajul-5","status":"publish","type":"post","link":"https:\/\/propertybook.ro\/blog\/apartament-semidecomandat-cu-2-camere-loc-de-parcare-si-balcon-la-etajul-5\/","title":{"rendered":"Apartament semidecomandat cu 2 camere, loc de parcare \u0219i balcon, la etajul 5"},"content":{"rendered":"\n<!-- ngfb content-buttons begin -->\n<!-- generated on 2026-05-02T00:36:21+00:00 -->\n<div class=\"ngfb-content-buttons\">\n<div class=\"ngfb-buttons en_US\">\n<!-- Email Button --><div class=\"css-button email-button\">\n  <a href=\"mailto:?subject=Share:%20Apartament%20semidecomandat%20cu%202%20camere%2C%20loc%20de%20parcare%20%C8%99i%20balcon%2C%20la%20etajul%205&body=Bucure%C8%99ti%2C%20Berceni%20-%20Apartament%20semidecomandat%20de%202%20camere%2C%20cu%20o%20suprafa%C8%9B%C4%83%20util%C4%83%20de%2034%20mp%20%C8%99i%20total%C4%83%20de%2037%20mp%2C%20situat%20la%20etajul%205%20%C3%AEntr-un%20bloc%20reabilitat%20termic%20cu%2010%20nivele.%20Include%20loc%20de%20parcare%20%C8%99i%20se%20vinde%20mobilat.%20%C3%8En%20apropiere%20se%20afl%C4%83%20transport%20%C3%AEn%20comun%2C%20unit%C4%83%C8%9Bi%20comerciale%2C%20institu%C8%9Bii%20de%20%C3%AEnv%C4%83%C8%9B%C4%83m%C3%A2nt%2C%20bancare%2C%20locuri%20de%20cult%20%C8%99i%20de%20agrement%2C%20fiind%20la%20doar%2015%20minute%20de%20Grand%20Arena%20%C8%99i%20Pia%C8%9Ba%20Resia.%0D%0A%0D%0AShared%20from%20https:\/\/propertybook.ro\/blog\/apartament-semidecomandat-cu-2-camere-loc-de-parcare-si-balcon-la-etajul-5\/%0D%0A\">\n    <span class=\"ngfb-icon\">\n      <svg xmlns=\"http:\/\/www.w3.org\/2000\/svg\" width=\"9\" height=\"9\" viewBox=\"0 0 28 28\">\n        <path d=\"M20.11 26.147c-2.335 1.05-4.36 1.4-7.124 1.4C6.524 27.548.84 22.916.84 15.284.84 7.343 6.602.45 15.4.45c6.854 0 11.8 4.7 11.8 11.252 0 5.684-3.193 9.265-7.398 9.3-1.83 0-3.153-.934-3.347-2.997h-.077c-1.208 1.986-2.96 2.997-5.023 2.997-2.532 0-4.36-1.868-4.36-5.062 0-4.75 3.503-9.07 9.11-9.07 1.713 0 3.7.4 4.6.972l-1.17 7.203c-.387 2.298-.115 3.3 1 3.4 1.674 0 3.774-2.102 3.774-6.58 0-5.06-3.27-8.994-9.304-8.994C9.05 2.87 3.83 7.545 3.83 14.97c0 6.5 4.2 10.2 10 10.202 1.987 0 4.09-.43 5.647-1.245l.634 2.22zM16.647 10.1c-.31-.078-.7-.155-1.207-.155-2.572 0-4.596 2.53-4.596 5.53 0 1.5.7 2.4 1.9 2.4 1.44 0 2.96-1.83 3.31-4.088l.592-3.72z\" \/>\n      <\/svg>\n    <\/span>\n    <span class=\"ngfb-text\"><\/span>\n  <\/a>\n<\/div><\/div><!-- .ngfb-buttons.en_US -->\n<\/div><!-- .ngfb-content-buttons -->\n<!-- ngfb content-buttons end -->\n\n\n<!-- ngfb schema image for pinterest pin it button -->\n<div class=\"ngfb-schema-image-for-pinterest\" style=\"display:none;\">\n<img loading=\"lazy\" decoding=\"async\" src=\"https:\/\/propertybook.ro\/blog\/wp-content\/uploads\/2025\/05\/11023710.webp\" width=\"0\" height=\"0\" style=\"width:0;height:0;\" data-pin-description=\"Bucure\u0219ti, Berceni - Apartament semidecomandat de 2 camere, cu o suprafa\u021b\u0103 util\u0103 de 34 mp \u0219i total\u0103 de 37 mp, situat la etajul 5 &icirc;ntr-un bloc reabilitat termic cu 10 nivele. Include loc de parcare \u0219i se vinde mobilat. &Icirc;n apropiere se afl\u0103 transport &icirc;n comun, unit\u0103\u021bi comerciale, institu\u021bii de...\" alt=\"\"\/>\n<\/div><!-- .ngfb-schema-image-for-pinterest -->\n\n<figure class=\"wp-block-image size-large\"><img decoding=\"async\" src=\"https:\/\/cdn.propertybook.ro\/svn_residentialist\/11023710.webp\" alt=\"\" \/><\/figure>\n<ul>\n<li><a href=\"\/bucuresti\/\">Imobiliare Bucure\u0219ti<\/a><\/li>\n<li><a href=\"\/bucuresti\/apartamente-vanzare\/\">Apartamente de vanzare Bucure\u0219ti<\/a><\/li>\n<li><a href=\"\/bucuresti\/apartamente-vanzare\/2-camere\/\">Apartamente cu 2 camere de vanzare Bucure\u0219ti<\/a><\/li>\n<li><a href=\"\/bucuresti\/apartamente-vanzare\/berceni\/2-camere\/\">Apartamente cu 2 camere de vanzare Berceni, Bucure\u0219ti<\/a><\/li>\n<\/ul>\n<p><a href=\"\/bucuresti\/imobiliare-163-11023710-de-vanzare-apartament-2-camere-in-sector-4-zona-piata-de-gros\/\" class=\"pb-listing-action\">Detaliile proprietatii<\/a><\/p>\n<p><h2 class=\"wp-block-heading\">Descoper\u0103 \u00cenc\u00e2ntarea unui Apartament cu 2 Camere \u00een Zona \u00cenc\u0103rcat\u0103 de Via\u021b\u0103!<\/h2>\n<p>Dac\u0103 e\u0219ti \u00een c\u0103utarea unui apartament confortabil, practic \u0219i situat \u00eentr-o zon\u0103 vibrant\u0103, am g\u0103sit solu\u021bia perfect\u0103 pentru tine! Acest apartament semidecomandat cu 2 camere a fost conceput pentru a oferi un spa\u021biu optim de locuit, av\u00e2nd o suprafa\u021b\u0103 util\u0103 de 34 mp \u0219i o suprafa\u021b\u0103 total\u0103 de 37 mp, ideal\u0103 pentru cupluri sau tineri profesioni\u0219ti.<\/p>\n<p><h2 class=\"wp-block-heading\">Despre Apartament<\/h2>\n<p>Situat la etajul 5 al unui bloc cu 10 niveluri, acest apartament beneficiaz\u0103 de o lumin\u0103 natural\u0103 excelent\u0103 \u0219i de un balcon care \u00ee\u021bi va oferi un col\u021b de relaxare dup\u0103 o zi lung\u0103. \u00cen interior, vei g\u0103si un living primitor, o camer\u0103 suplimentar\u0103 care poate fi utilizat\u0103 ca dormitor sau birou, o buc\u0103t\u0103rie practic\u0103 \u0219i o baie utilat\u0103, totul mobilat cu bun gust.<\/p>\n<p>Un alt avantaj important al acestui apartament este locul de parcare inclus, ceea ce face vizitele \u0219i deplas\u0103rile mult mai convenabile.<\/p>\n<p><h2 class=\"wp-block-heading\">Loca\u021bie Excelent\u0103<\/h2>\n<p>Unul dintre cele mai mari atuuri ale apartamentului este loca\u021bia sa. Amplasat \u00eentr-o zon\u0103 cu acces u\u0219or la transportul \u00een comun, nu va fi o problem\u0103 s\u0103 ajungi la orice destina\u021bie \u00een ora\u0219. \u00ce\u021bi va lua doar 15 minute s\u0103 ajungi la Grand Arena adic\u0103 s\u0103 te bucuri de cump\u0103r\u0103turi sau c\u0103ut\u00e2nd cele mai noi tendin\u021be de mod\u0103. \u00cen apropiere se afl\u0103 \u0219i Pia\u021ba Resia, unde po\u021bi g\u0103si o varietate de unit\u0103\u021bi comerciale, locuri de relaxare \u0219i op\u021biuni de divertisment.<\/p>\n<p>De asemenea, zona beneficiaz\u0103 de o re\u021bea bine dezvoltat\u0103 de unit\u0103\u021bi de \u00eenv\u0103\u021b\u0103m\u00e2nt, b\u0103nci, centre de cult \u0219i locuri de agrement, ceea ce face aceast\u0103 proprietate nu doar un loc confortabil de locuit, ci \u0219i un mediu ideal pentru o via\u021b\u0103 urban\u0103 activ\u0103.<\/p>\n<p><h2 class=\"wp-block-heading\">Concluzie<\/h2>\n<p>Acest apartament cu 2 camere reprezint\u0103 o oportunitate excelent\u0103 pentru cei care caut\u0103 s\u0103 investeasc\u0103 \u00eentr-un spa\u021biu primitor, bine amplasat \u0219i practic\u0103. Cu facilit\u0103\u021bile sale moderne \u0219i accesibilitatea la diverse servicii, acest imobil se prezint\u0103 ca o alegere inspirat\u0103 pentru viitorii s\u0103i locatari.<\/p>\n<p>Dac\u0103 e\u0219ti interesat de a afla mai multe despre aceast\u0103 proprietate sau vrei s\u0103 o vizionezi personal, urm\u0103re\u0219te anun\u021burile din zon\u0103 sau contacteaz\u0103 agen\u021biile imobiliare locale pentru a programa o vizionare. Nu rata ocazia de a deveni proprietar \u00eentr-o zon\u0103 at\u00e2t de vibrant\u0103 \u0219i plin\u0103 de via\u021b\u0103!<\/p>\n<p><a href=\"\/bucuresti\/imobiliare-163-11023710-de-vanzare-apartament-2-camere-in-sector-4-zona-piata-de-gros\/\" class=\"pb-listing-action\">Stabileste o vizionare<\/a><\/p>\n<ul>\n<li><a href=\"\/bucuresti\/\">Imobiliare Bucure\u0219ti<\/a><\/li>\n<li><a href=\"\/bucuresti\/apartamente-vanzare\/\">Apartamente de vanzare Bucure\u0219ti<\/a><\/li>\n<li><a href=\"\/bucuresti\/apartamente-vanzare\/2-camere\/\">Apartamente cu 2 camere de vanzare Bucure\u0219ti<\/a><\/li>\n<li><a href=\"\/bucuresti\/apartamente-vanzare\/berceni\/2-camere\/\">Apartamente cu 2 camere de vanzare Berceni, Bucure\u0219ti<\/a><\/li>\n<\/ul>\n\n<!-- ngfb content-buttons begin -->\n<!-- generated on 2026-05-02T00:36:21+00:00 -->\n<div class=\"ngfb-content-buttons\">\n<div class=\"ngfb-buttons en_US\">\n<!-- Email Button --><div class=\"css-button email-button\">\n  <a href=\"mailto:?subject=Share:%20Apartament%20semidecomandat%20cu%202%20camere%2C%20loc%20de%20parcare%20%C8%99i%20balcon%2C%20la%20etajul%205&body=Bucure%C8%99ti%2C%20Berceni%20-%20Apartament%20semidecomandat%20de%202%20camere%2C%20cu%20o%20suprafa%C8%9B%C4%83%20util%C4%83%20de%2034%20mp%20%C8%99i%20total%C4%83%20de%2037%20mp%2C%20situat%20la%20etajul%205%20%C3%AEntr-un%20bloc%20reabilitat%20termic%20cu%2010%20nivele.%20Include%20loc%20de%20parcare%20%C8%99i%20se%20vinde%20mobilat.%20%C3%8En%20apropiere%20se%20afl%C4%83%20transport%20%C3%AEn%20comun%2C%20unit%C4%83%C8%9Bi%20comerciale%2C%20institu%C8%9Bii%20de%20%C3%AEnv%C4%83%C8%9B%C4%83m%C3%A2nt%2C%20bancare%2C%20locuri%20de%20cult%20%C8%99i%20de%20agrement%2C%20fiind%20la%20doar%2015%20minute%20de%20Grand%20Arena%20%C8%99i%20Pia%C8%9Ba%20Resia.%0D%0A%0D%0AShared%20from%20https:\/\/propertybook.ro\/blog\/apartament-semidecomandat-cu-2-camere-loc-de-parcare-si-balcon-la-etajul-5\/%0D%0A\">\n    <span class=\"ngfb-icon\">\n      <svg xmlns=\"http:\/\/www.w3.org\/2000\/svg\" width=\"9\" height=\"9\" viewBox=\"0 0 28 28\">\n        <path d=\"M20.11 26.147c-2.335 1.05-4.36 1.4-7.124 1.4C6.524 27.548.84 22.916.84 15.284.84 7.343 6.602.45 15.4.45c6.854 0 11.8 4.7 11.8 11.252 0 5.684-3.193 9.265-7.398 9.3-1.83 0-3.153-.934-3.347-2.997h-.077c-1.208 1.986-2.96 2.997-5.023 2.997-2.532 0-4.36-1.868-4.36-5.062 0-4.75 3.503-9.07 9.11-9.07 1.713 0 3.7.4 4.6.972l-1.17 7.203c-.387 2.298-.115 3.3 1 3.4 1.674 0 3.774-2.102 3.774-6.58 0-5.06-3.27-8.994-9.304-8.994C9.05 2.87 3.83 7.545 3.83 14.97c0 6.5 4.2 10.2 10 10.202 1.987 0 4.09-.43 5.647-1.245l.634 2.22zM16.647 10.1c-.31-.078-.7-.155-1.207-.155-2.572 0-4.596 2.53-4.596 5.53 0 1.5.7 2.4 1.9 2.4 1.44 0 2.96-1.83 3.31-4.088l.592-3.72z\" \/>\n      <\/svg>\n    <\/span>\n    <span class=\"ngfb-text\"><\/span>\n  <\/a>\n<\/div><\/div><!-- .ngfb-buttons.en_US -->\n<\/div><!-- .ngfb-content-buttons -->\n<!-- ngfb content-buttons end -->\n\n","protected":false},"excerpt":{"rendered":"<p>Bucure\u0219ti, Berceni &#8211; Apartament semidecomandat de 2 camere, cu o suprafa\u021b\u0103 util\u0103 de 34 mp \u0219i total\u0103 de 37 mp, situat la etajul 5 \u00eentr-un bloc reabilitat termic cu 10 nivele. Include loc de parcare \u0219i se vinde mobilat. \u00cen apropiere se afl\u0103 transport \u00een comun, unit\u0103\u021bi comerciale, institu\u021bii de \u00eenv\u0103\u021b\u0103m\u00e2nt, bancare, locuri de cult \u0219i de agrement, fiind la doar 15 minute de Grand Arena \u0219i Pia\u021ba Resia.<\/p>\n","protected":false},"author":8,"featured_media":5226,"comment_status":"open","ping_status":"open","sticky":false,"template":"","format":"standard","meta":{"footnotes":""},"categories":[52,49,47],"tags":[62,212,74,236,89,122,376,70,63,85],"class_list":["post-5227","post","type-post","status-publish","format-standard","has-post-thumbnail","hentry","category-apartamente-de-vanzare-bucuresti","category-oferte-imobiliare-bucuresti","category-oferte","tag-2-camere","tag-an-const-1973","tag-balcon","tag-berceni","tag-bucuresti","tag-etaj-5-10","tag-o-baie","tag-parchet","tag-semidecomandat","tag-termopane"],"_links":{"self":[{"href":"https:\/\/propertybook.ro\/blog\/wp-json\/wp\/v2\/posts\/5227","targetHints":{"allow":["GET"]}}],"collection":[{"href":"https:\/\/propertybook.ro\/blog\/wp-json\/wp\/v2\/posts"}],"about":[{"href":"https:\/\/propertybook.ro\/blog\/wp-json\/wp\/v2\/types\/post"}],"author":[{"embeddable":true,"href":"https:\/\/propertybook.ro\/blog\/wp-json\/wp\/v2\/users\/8"}],"replies":[{"embeddable":true,"href":"https:\/\/propertybook.ro\/blog\/wp-json\/wp\/v2\/comments?post=5227"}],"version-history":[{"count":0,"href":"https:\/\/propertybook.ro\/blog\/wp-json\/wp\/v2\/posts\/5227\/revisions"}],"wp:featuredmedia":[{"embeddable":true,"href":"https:\/\/propertybook.ro\/blog\/wp-json\/wp\/v2\/media\/5226"}],"wp:attachment":[{"href":"https:\/\/propertybook.ro\/blog\/wp-json\/wp\/v2\/media?parent=5227"}],"wp:term":[{"taxonomy":"category","embeddable":true,"href":"https:\/\/propertybook.ro\/blog\/wp-json\/wp\/v2\/categories?post=5227"},{"taxonomy":"post_tag","embeddable":true,"href":"https:\/\/propertybook.ro\/blog\/wp-json\/wp\/v2\/tags?post=5227"}],"curies":[{"name":"wp","href":"https:\/\/api.w.org\/{rel}","templated":true}]}}