{"id":5231,"date":"2025-05-14T17:44:12","date_gmt":"2025-05-14T14:44:12","guid":{"rendered":"https:\/\/propertybook.ro\/blog\/eleganta-si-confort-in-apartament-cu-2-camere-priveliste-spectaculoasa-si-accesibilitate-excelenta\/"},"modified":"2025-05-14T17:44:12","modified_gmt":"2025-05-14T14:44:12","slug":"eleganta-si-confort-in-apartament-cu-2-camere-priveliste-spectaculoasa-si-accesibilitate-excelenta","status":"publish","type":"post","link":"https:\/\/propertybook.ro\/blog\/eleganta-si-confort-in-apartament-cu-2-camere-priveliste-spectaculoasa-si-accesibilitate-excelenta\/","title":{"rendered":"Elegan\u021b\u0103 \u0219i Confort \u00een Apartament cu 2 Camere \u2013 Priveli\u0219te Spectaculoas\u0103 \u0219i Accesibilitate Excelent\u0103"},"content":{"rendered":"\n<!-- ngfb content-buttons begin -->\n<!-- generated on 2026-05-02T00:36:47+00:00 -->\n<div class=\"ngfb-content-buttons\">\n<div class=\"ngfb-buttons en_US\">\n<!-- Email Button --><div class=\"css-button email-button\">\n  <a href=\"mailto:?subject=Share:%20Elegan%C8%9B%C4%83%20%C8%99i%20Confort%20%C3%AEn%20Apartament%20cu%202%20Camere%20%E2%80%93%20Priveli%C8%99te%20Spectaculoas%C4%83%20%C8%99i%20Accesibilitate%20Excelent%C4%83&body=Bucure%C8%99ti%2C%20Militari%20-%20Apartament%20de%202%20camere%20la%20etajul%2010%2C%20%C3%AEn%20cartierul%20Exigent%20Plaza%2C%20cu%20priveli%C8%99te%20spectaculoas%C4%83%20%C8%99i%20lumin%C4%83%20natural%C4%83.%20Decomandat%2C%20complet%20mobilat%20%C8%99i%20utilat%20la%20standarde%20de%20lux.%20Aproape%20de%20Auchan%2C%20Plaza%20Mall%2C%20AFI%20Cotroceni%20%C8%99i%20Parcul%20Liniei.%20La%2010%20minute%20de%20mers%20pe%20jos%20de%20metrou%20Lujerului%2C%20ideal%20pentru%20stil%20de%20via%C8%9B%C4%83%20modern.%20Potrivit%20at%C3%A2t%20pentru%20locuit%2C%20c%C3%A2t%20%C8%99i%20pentru%20investi%C8%9Bie.%20Certificatul%20Energetic%20va%20fi%20disponibil%20la%20momentul%20v%C3%A2nz%C4%83rii.%0D%0A%0D%0AShared%20from%20https:\/\/propertybook.ro\/blog\/eleganta-si-confort-in-apartament-cu-2-camere-priveliste-spectaculoasa-si-accesibilitate-excelenta\/%0D%0A\">\n    <span class=\"ngfb-icon\">\n      <svg xmlns=\"http:\/\/www.w3.org\/2000\/svg\" width=\"9\" height=\"9\" viewBox=\"0 0 28 28\">\n        <path d=\"M20.11 26.147c-2.335 1.05-4.36 1.4-7.124 1.4C6.524 27.548.84 22.916.84 15.284.84 7.343 6.602.45 15.4.45c6.854 0 11.8 4.7 11.8 11.252 0 5.684-3.193 9.265-7.398 9.3-1.83 0-3.153-.934-3.347-2.997h-.077c-1.208 1.986-2.96 2.997-5.023 2.997-2.532 0-4.36-1.868-4.36-5.062 0-4.75 3.503-9.07 9.11-9.07 1.713 0 3.7.4 4.6.972l-1.17 7.203c-.387 2.298-.115 3.3 1 3.4 1.674 0 3.774-2.102 3.774-6.58 0-5.06-3.27-8.994-9.304-8.994C9.05 2.87 3.83 7.545 3.83 14.97c0 6.5 4.2 10.2 10 10.202 1.987 0 4.09-.43 5.647-1.245l.634 2.22zM16.647 10.1c-.31-.078-.7-.155-1.207-.155-2.572 0-4.596 2.53-4.596 5.53 0 1.5.7 2.4 1.9 2.4 1.44 0 2.96-1.83 3.31-4.088l.592-3.72z\" \/>\n      <\/svg>\n    <\/span>\n    <span class=\"ngfb-text\"><\/span>\n  <\/a>\n<\/div><\/div><!-- .ngfb-buttons.en_US -->\n<\/div><!-- .ngfb-content-buttons -->\n<!-- ngfb content-buttons end -->\n\n\n<!-- ngfb schema image for pinterest pin it button -->\n<div class=\"ngfb-schema-image-for-pinterest\" style=\"display:none;\">\n<img loading=\"lazy\" decoding=\"async\" src=\"https:\/\/propertybook.ro\/blog\/wp-content\/uploads\/2025\/05\/11023700.webp\" width=\"0\" height=\"0\" style=\"width:0;height:0;\" data-pin-description=\"Bucure\u0219ti, Militari - Apartament de 2 camere la etajul 10, &icirc;n cartierul Exigent Plaza, cu priveli\u0219te spectaculoas\u0103 \u0219i lumin\u0103 natural\u0103. Decomandat, complet mobilat \u0219i utilat la standarde de lux. Aproape de Auchan, Plaza Mall, AFI Cotroceni \u0219i Parcul Liniei. La 10 minute de mers pe jos de metrou...\" alt=\"\"\/>\n<\/div><!-- .ngfb-schema-image-for-pinterest -->\n\n<figure class=\"wp-block-image size-large\"><img decoding=\"async\" src=\"https:\/\/cdn.propertybook.ro\/svn_residentialist\/11023700.webp\" alt=\"\" \/><\/figure>\n<ul>\n<li><a href=\"\/bucuresti\/\">Imobiliare Bucure\u0219ti<\/a><\/li>\n<li><a href=\"\/bucuresti\/apartamente-vanzare\/\">Apartamente de vanzare Bucure\u0219ti<\/a><\/li>\n<li><a href=\"\/bucuresti\/apartamente-vanzare\/2-camere\/\">Apartamente cu 2 camere de vanzare Bucure\u0219ti<\/a><\/li>\n<li><a href=\"\/bucuresti\/apartamente-vanzare\/militari\/2-camere\/\">Apartamente cu 2 camere de vanzare Militari, Bucure\u0219ti<\/a><\/li>\n<\/ul>\n<p><a href=\"\/bucuresti\/imobiliare-163-11023700-vanzare-apartament-2-camere-in-sector-6-zona-timisoara\/\" class=\"pb-listing-action\">Detaliile proprietatii<\/a><\/p>\n<p><h2 class=\"wp-block-heading\">Apartament de lux cu 2 camere \u00een Exigent Plaza \u2013 Stil de via\u021b\u0103 modern \u00eentr-o zon\u0103 privilegiat\u0103<\/h2>\n<p>Dac\u0103 sunte\u021bi \u00een c\u0103utarea unui apartament care s\u0103 combine elegan\u021ba modern\u0103 cu confortul \u0219i convenien\u021ba, apartamentul de 2 camere din cartierul Exigent Plaza ar putea fi alegerea perfect\u0103 pentru dumneavoastr\u0103.<\/p>\n<p>#<\/p>\n<h2 class=\"wp-block-heading\">Loca\u021bie de excep\u021bie<\/h2>\n<p>Situat la etajul 10 din 11, acest apartament ofer\u0103 o priveli\u0219te spectaculoas\u0103 asupra ora\u0219ului, fiind ideal pentru cei care apreciaz\u0103 frumuse\u021bea panoramic\u0103. Zona \u00een care este amplasat apartamentul este extrem de avantajoas\u0103, av\u00e2nd un magazin Auchan \u00een apropiere pentru cump\u0103r\u0103turi zilnice \u0219i fiind aproape de centre comerciale renumite precum Plaza Mall \u0219i AFI Cotroceni. Mai mult, parcul Liniei, situat la doar dou\u0103 minute de mers pe jos, asigur\u0103 un spa\u021biu verde perfect pentru relaxare sau pentru diverse activit\u0103\u021bi \u00een aer liber.<\/p>\n<p>Accesibilitatea este un alt avantaj major al acestei propriet\u0103\u021bi. Statia de metrou Lujerului se afl\u0103 la aproximativ 10 minute de mers pe jos, facilit\u00e2nd astfel deplas\u0103rile rapide c\u0103tre celelalte zone ale ora\u0219ului.<\/p>\n<p>#<\/p>\n<h2 class=\"wp-block-heading\">Interior elegant \u0219i func\u021bional<\/h2>\n<p>Apartamentul este decomandat, ceea ce asigur\u0103 o compartimentare practic\u0103 \u0219i bine g\u00e2ndit\u0103. Fiecare col\u021bi\u0219or a fost atent amenajat pentru a maximiza lumina natural\u0103, cre\u00e2nd un mediu cald \u0219i primitor. Proprietatea se vinde complet mobilat\u0103 \u0219i utilat\u0103 la standarde de lux, incluz\u00e2nd electrocasnice moderne de ultim\u0103 genera\u021bie, precum ma\u0219ina de sp\u0103lat vase, care adaug\u0103 un plus de confort vie\u021bii de zi cu zi.<\/p>\n<p>#<\/p>\n<h2 class=\"wp-block-heading\">Un stil de via\u021b\u0103 modern<\/h2>\n<p>Aceast\u0103 locuin\u021b\u0103 nu este doar un simplu apartament, ci un adev\u0103rat refugiu urban. Designerii au reu\u0219it s\u0103 creeze un spa\u021biu elegant \u0219i confortabil, perfect pentru cei care doresc s\u0103 tr\u0103iasc\u0103 \u00eentr-un mediu cald, dar sofisticat. Indiferent dac\u0103 sunte\u021bi o familie \u00een c\u0103utare de un nou \u00eenceput sau un investitor \u00een c\u0103utarea unei oportunit\u0103\u021bi profitabile, acest apartament ofer\u0103 toate atuurile necesare pentru un trai confortabil \u0219i practic.<\/p>\n<p>#<\/p>\n<h2 class=\"wp-block-heading\">O oportunitate de investi\u021bie<\/h2>\n<p>Datorit\u0103 loca\u021biei privilegiate \u0219i a facilit\u0103\u021bilor de care dispune, acest apartament reprezint\u0103 o oportunitate excelent\u0103 pentru investi\u021bie. Valoarea propriet\u0103\u021bilor \u00een zona Exigent Plaza este \u00een continu\u0103 cre\u0219tere, iar cererea pentru locuin\u021be de calitate se men\u021bine la un nivel ridicat.<\/p>\n<p>#<\/p>\n<h2 class=\"wp-block-heading\">\u00cen concluzie<\/h2>\n<p>Apartamentul din Exigent Plaza este o alegere ideal\u0103 pentru oricine \u00ee\u0219i dore\u0219te un stil de via\u021b\u0103 modern, \u00eentr-o locuin\u021b\u0103 elegant\u0103 \u0219i confortabil\u0103, situat\u0103 \u00eentr-o zon\u0103 excelent\u0103, aproape de tot ceea ce conteaz\u0103. Dac\u0103 sunte\u021bi gata s\u0103 face\u021bi urm\u0103torul pas \u00een realizarea visului dumneavoastr\u0103 de a avea un c\u0103min perfect, nu ezita\u021bi s\u0103 explora\u021bi aceast\u0103 oportunitate unic\u0103. Viziunea asupra unui trai confortabil \u0219i de calitate v\u0103 a\u0219teapt\u0103!<\/p>\n<p><a href=\"\/bucuresti\/imobiliare-163-11023700-vanzare-apartament-2-camere-in-sector-6-zona-timisoara\/\" class=\"pb-listing-action\">Stabileste o vizionare<\/a><\/p>\n<ul>\n<li><a href=\"\/bucuresti\/\">Imobiliare Bucure\u0219ti<\/a><\/li>\n<li><a href=\"\/bucuresti\/apartamente-vanzare\/\">Apartamente de vanzare Bucure\u0219ti<\/a><\/li>\n<li><a href=\"\/bucuresti\/apartamente-vanzare\/2-camere\/\">Apartamente cu 2 camere de vanzare Bucure\u0219ti<\/a><\/li>\n<li><a href=\"\/bucuresti\/apartamente-vanzare\/militari\/2-camere\/\">Apartamente cu 2 camere de vanzare Militari, Bucure\u0219ti<\/a><\/li>\n<\/ul>\n\n<!-- ngfb content-buttons begin -->\n<!-- generated on 2026-05-02T00:36:47+00:00 -->\n<div class=\"ngfb-content-buttons\">\n<div class=\"ngfb-buttons en_US\">\n<!-- Email Button --><div class=\"css-button email-button\">\n  <a href=\"mailto:?subject=Share:%20Elegan%C8%9B%C4%83%20%C8%99i%20Confort%20%C3%AEn%20Apartament%20cu%202%20Camere%20%E2%80%93%20Priveli%C8%99te%20Spectaculoas%C4%83%20%C8%99i%20Accesibilitate%20Excelent%C4%83&body=Bucure%C8%99ti%2C%20Militari%20-%20Apartament%20de%202%20camere%20la%20etajul%2010%2C%20%C3%AEn%20cartierul%20Exigent%20Plaza%2C%20cu%20priveli%C8%99te%20spectaculoas%C4%83%20%C8%99i%20lumin%C4%83%20natural%C4%83.%20Decomandat%2C%20complet%20mobilat%20%C8%99i%20utilat%20la%20standarde%20de%20lux.%20Aproape%20de%20Auchan%2C%20Plaza%20Mall%2C%20AFI%20Cotroceni%20%C8%99i%20Parcul%20Liniei.%20La%2010%20minute%20de%20mers%20pe%20jos%20de%20metrou%20Lujerului%2C%20ideal%20pentru%20stil%20de%20via%C8%9B%C4%83%20modern.%20Potrivit%20at%C3%A2t%20pentru%20locuit%2C%20c%C3%A2t%20%C8%99i%20pentru%20investi%C8%9Bie.%20Certificatul%20Energetic%20va%20fi%20disponibil%20la%20momentul%20v%C3%A2nz%C4%83rii.%0D%0A%0D%0AShared%20from%20https:\/\/propertybook.ro\/blog\/eleganta-si-confort-in-apartament-cu-2-camere-priveliste-spectaculoasa-si-accesibilitate-excelenta\/%0D%0A\">\n    <span class=\"ngfb-icon\">\n      <svg xmlns=\"http:\/\/www.w3.org\/2000\/svg\" width=\"9\" height=\"9\" viewBox=\"0 0 28 28\">\n        <path d=\"M20.11 26.147c-2.335 1.05-4.36 1.4-7.124 1.4C6.524 27.548.84 22.916.84 15.284.84 7.343 6.602.45 15.4.45c6.854 0 11.8 4.7 11.8 11.252 0 5.684-3.193 9.265-7.398 9.3-1.83 0-3.153-.934-3.347-2.997h-.077c-1.208 1.986-2.96 2.997-5.023 2.997-2.532 0-4.36-1.868-4.36-5.062 0-4.75 3.503-9.07 9.11-9.07 1.713 0 3.7.4 4.6.972l-1.17 7.203c-.387 2.298-.115 3.3 1 3.4 1.674 0 3.774-2.102 3.774-6.58 0-5.06-3.27-8.994-9.304-8.994C9.05 2.87 3.83 7.545 3.83 14.97c0 6.5 4.2 10.2 10 10.202 1.987 0 4.09-.43 5.647-1.245l.634 2.22zM16.647 10.1c-.31-.078-.7-.155-1.207-.155-2.572 0-4.596 2.53-4.596 5.53 0 1.5.7 2.4 1.9 2.4 1.44 0 2.96-1.83 3.31-4.088l.592-3.72z\" \/>\n      <\/svg>\n    <\/span>\n    <span class=\"ngfb-text\"><\/span>\n  <\/a>\n<\/div><\/div><!-- .ngfb-buttons.en_US -->\n<\/div><!-- .ngfb-content-buttons -->\n<!-- ngfb content-buttons end -->\n\n","protected":false},"excerpt":{"rendered":"<p>Bucure\u0219ti, Militari &#8211; Apartament de 2 camere la etajul 10, \u00een cartierul Exigent Plaza, cu priveli\u0219te spectaculoas\u0103 \u0219i lumin\u0103 natural\u0103. Decomandat, complet mobilat \u0219i utilat la standarde de lux. Aproape de Auchan, Plaza Mall, AFI Cotroceni \u0219i Parcul Liniei. La 10 minute de mers pe jos de metrou Lujerului, ideal pentru stil de via\u021b\u0103 modern. Potrivit at\u00e2t pentru locuit, c\u00e2t \u0219i pentru investi\u021bie. Certificatul Energetic va fi disponibil la momentul v\u00e2nz\u0103rii.<\/p>\n","protected":false},"author":8,"featured_media":5230,"comment_status":"open","ping_status":"open","sticky":false,"template":"","format":"standard","meta":{"footnotes":""},"categories":[52,49,47],"tags":[62,210,74,89,68,391,215,376,70,85],"class_list":["post-5231","post","type-post","status-publish","format-standard","has-post-thumbnail","hentry","category-apartamente-de-vanzare-bucuresti","category-oferte-imobiliare-bucuresti","category-oferte","tag-2-camere","tag-an-const-2024","tag-balcon","tag-bucuresti","tag-decomandat","tag-etaj-1-11","tag-militari","tag-o-baie","tag-parchet","tag-termopane"],"_links":{"self":[{"href":"https:\/\/propertybook.ro\/blog\/wp-json\/wp\/v2\/posts\/5231","targetHints":{"allow":["GET"]}}],"collection":[{"href":"https:\/\/propertybook.ro\/blog\/wp-json\/wp\/v2\/posts"}],"about":[{"href":"https:\/\/propertybook.ro\/blog\/wp-json\/wp\/v2\/types\/post"}],"author":[{"embeddable":true,"href":"https:\/\/propertybook.ro\/blog\/wp-json\/wp\/v2\/users\/8"}],"replies":[{"embeddable":true,"href":"https:\/\/propertybook.ro\/blog\/wp-json\/wp\/v2\/comments?post=5231"}],"version-history":[{"count":0,"href":"https:\/\/propertybook.ro\/blog\/wp-json\/wp\/v2\/posts\/5231\/revisions"}],"wp:featuredmedia":[{"embeddable":true,"href":"https:\/\/propertybook.ro\/blog\/wp-json\/wp\/v2\/media\/5230"}],"wp:attachment":[{"href":"https:\/\/propertybook.ro\/blog\/wp-json\/wp\/v2\/media?parent=5231"}],"wp:term":[{"taxonomy":"category","embeddable":true,"href":"https:\/\/propertybook.ro\/blog\/wp-json\/wp\/v2\/categories?post=5231"},{"taxonomy":"post_tag","embeddable":true,"href":"https:\/\/propertybook.ro\/blog\/wp-json\/wp\/v2\/tags?post=5231"}],"curies":[{"name":"wp","href":"https:\/\/api.w.org\/{rel}","templated":true}]}}