{"id":5235,"date":"2025-05-14T19:43:58","date_gmt":"2025-05-14T16:43:58","guid":{"rendered":"https:\/\/propertybook.ro\/blog\/apartament-de-lux-cu-3-camere-si-terasa-generoasa-in-marasti-cluj-napoca\/"},"modified":"2025-05-14T19:43:58","modified_gmt":"2025-05-14T16:43:58","slug":"apartament-de-lux-cu-3-camere-si-terasa-generoasa-in-marasti-cluj-napoca","status":"publish","type":"post","link":"https:\/\/propertybook.ro\/blog\/apartament-de-lux-cu-3-camere-si-terasa-generoasa-in-marasti-cluj-napoca\/","title":{"rendered":"Apartament de lux cu 3 camere \u0219i teras\u0103 generoas\u0103 \u00een Marasti, Cluj-Napoca!"},"content":{"rendered":"\n<!-- ngfb content-buttons begin -->\n<!-- generated on 2026-04-29T06:19:31+00:00 -->\n<div class=\"ngfb-content-buttons\">\n<div class=\"ngfb-buttons en_US\">\n<!-- Email Button --><div class=\"css-button email-button\">\n  <a href=\"mailto:?subject=Share:%20Apartament%20de%20lux%20cu%203%20camere%20%C8%99i%20teras%C4%83%20generoas%C4%83%20%C3%AEn%20Marasti%2C%20Cluj-Napoca%21&body=Cluj-Napoca%2C%20M%C4%83r%C4%83%C8%99ti%20-%20Apartament%20deosebit%20cu%203%20camere%20%C8%99i%20teras%C4%83%20de%2030%20mp%20%C3%AEn%20cartierul%20M%C4%83r%C4%83%C8%99ti%2C%20Cluj-Napoca.%20Situat%20la%20ultimul%20etaj%20al%20unei%20cl%C4%83diri%20P%2B4E%2C%20are%20o%20suprafa%C8%9B%C4%83%20util%C4%83%20de%2080%20mp%2C%20incluz%C3%A2nd%202%20dormitoare%2C%20un%20living%20open%20space%20%C8%99i%202%20b%C4%83i.%20Finisajele%20de%20lux%20includ%20%C3%AEnc%C4%83lzire%20%C3%AEn%20pardoseal%C4%83%20%C8%99i%20mobilier%20personalizat.%20Proprietatea%20are%202%20locuri%20de%20parcare%20%C8%99i%20un%20spa%C8%9Biu%20de%20depozitare%2C%20fiind%20ideal%C4%83%20pentru%20locuin%C8%9B%C4%83%20sau%20investi%C8%9Bie.%0D%0A%0D%0AShared%20from%20https:\/\/propertybook.ro\/blog\/apartament-de-lux-cu-3-camere-si-terasa-generoasa-in-marasti-cluj-napoca\/%0D%0A\">\n    <span class=\"ngfb-icon\">\n      <svg xmlns=\"http:\/\/www.w3.org\/2000\/svg\" width=\"9\" height=\"9\" viewBox=\"0 0 28 28\">\n        <path d=\"M20.11 26.147c-2.335 1.05-4.36 1.4-7.124 1.4C6.524 27.548.84 22.916.84 15.284.84 7.343 6.602.45 15.4.45c6.854 0 11.8 4.7 11.8 11.252 0 5.684-3.193 9.265-7.398 9.3-1.83 0-3.153-.934-3.347-2.997h-.077c-1.208 1.986-2.96 2.997-5.023 2.997-2.532 0-4.36-1.868-4.36-5.062 0-4.75 3.503-9.07 9.11-9.07 1.713 0 3.7.4 4.6.972l-1.17 7.203c-.387 2.298-.115 3.3 1 3.4 1.674 0 3.774-2.102 3.774-6.58 0-5.06-3.27-8.994-9.304-8.994C9.05 2.87 3.83 7.545 3.83 14.97c0 6.5 4.2 10.2 10 10.202 1.987 0 4.09-.43 5.647-1.245l.634 2.22zM16.647 10.1c-.31-.078-.7-.155-1.207-.155-2.572 0-4.596 2.53-4.596 5.53 0 1.5.7 2.4 1.9 2.4 1.44 0 2.96-1.83 3.31-4.088l.592-3.72z\" \/>\n      <\/svg>\n    <\/span>\n    <span class=\"ngfb-text\"><\/span>\n  <\/a>\n<\/div><\/div><!-- .ngfb-buttons.en_US -->\n<\/div><!-- .ngfb-content-buttons -->\n<!-- ngfb content-buttons end -->\n\n\n<!-- ngfb schema image for pinterest pin it button -->\n<div class=\"ngfb-schema-image-for-pinterest\" style=\"display:none;\">\n<img loading=\"lazy\" decoding=\"async\" src=\"https:\/\/propertybook.ro\/blog\/wp-content\/uploads\/2025\/05\/152802.webp\" width=\"0\" height=\"0\" style=\"width:0;height:0;\" data-pin-description=\"Cluj-Napoca, M\u0103r\u0103\u0219ti - Apartament deosebit cu 3 camere \u0219i teras\u0103 de 30 mp &icirc;n cartierul M\u0103r\u0103\u0219ti, Cluj-Napoca. Situat la ultimul etaj al unei cl\u0103diri P+4E, are o suprafa\u021b\u0103 util\u0103 de 80 mp, incluz&acirc;nd 2 dormitoare, un living open space \u0219i 2 b\u0103i. Finisajele de lux includ &icirc;nc\u0103lzire &icirc;n pardoseal\u0103 \u0219i...\" alt=\"\"\/>\n<\/div><!-- .ngfb-schema-image-for-pinterest -->\n\n<figure class=\"wp-block-image size-large\"><img decoding=\"async\" src=\"https:\/\/cdn.propertybook.ro\/napoca_imobiliare\/152802.webp\" alt=\"\" \/><\/figure>\n<ul>\n<li><a href=\"\/cluj-napoca\/\">Imobiliare Cluj-Napoca<\/a><\/li>\n<li><a href=\"\/cluj-napoca\/apartamente-vanzare\/\">Apartamente de vanzare Cluj-Napoca<\/a><\/li>\n<li><a href=\"\/cluj-napoca\/apartamente-vanzare\/3-camere\/\">Apartamente cu 3 camere de vanzare Cluj-Napoca<\/a><\/li>\n<li><a href=\"\/cluj-napoca\/apartamente-vanzare\/marasti\/3-camere\/\">Apartamente cu 3 camere de vanzare M\u0103r\u0103\u0219ti, Cluj-Napoca<\/a><\/li>\n<\/ul>\n<p><a href=\"\/cluj-napoca\/imobiliare-25-152802-de-vanzare-apartament-3-camere-in-marasti\/\" class=\"pb-listing-action\">Detaliile proprietatii<\/a><\/p>\n<p><h2 class=\"wp-block-heading\">Apartament deosebit \u00een Cluj-Napoca: Lux \u0219i Confort \u00eentr-o Zon\u0103 C\u0103utat\u0103<\/h2>\n<p>Dac\u0103 e\u0219ti \u00een c\u0103utarea unei noi locuin\u021be \u00een Cluj-Napoca, acest apartament cu 3 camere din cartierul M\u0103r\u0103\u0219ti ar putea fi solu\u021bia perfect\u0103 pentru tine. Situat la ultimul etaj al unei cl\u0103diri cu regim de \u00een\u0103l\u021bime P+4E, acest imobil ofer\u0103 nu doar confort, ci \u0219i un stil de via\u021b\u0103 modern, ideal at\u00e2t pentru familii, c\u00e2t \u0219i pentru investitori.<\/p>\n<p>#<\/p>\n<h2 class=\"wp-block-heading\">Detalii despre Proprietate<\/h2>\n<p>Apartamentul dispune de o suprafa\u021b\u0103 util\u0103 de 80 mp, inteligent compartimentat, oferind dou\u0103 dormitoare spa\u021bioase, un living generos cu buc\u0103t\u0103rie open space, un hol \u0219i dou\u0103 b\u0103i. Aceast\u0103 distribu\u021bie ra\u021bional\u0103 a spa\u021biului asigur\u0103 at\u00e2t intimitate, c\u00e2t \u0219i zone comune confortabile, perfecte pentru petrecerea timpului cu cei dragi.<\/p>\n<p>Unul dintre cele mai atr\u0103g\u0103toare aspecte ale acestui apartament este terasa de 30 mp, care reprezint\u0103 un veritabil col\u021b de rai pentru relaxare. Fie c\u0103 \u00ee\u021bi place s\u0103 savurezi o cafea diminea\u021ba sau s\u0103 organizezi cine cu prietenii seara, acest spa\u021biu exterior \u00ee\u021bi va oferi cadrul ideal.<\/p>\n<p>#<\/p>\n<h2 class=\"wp-block-heading\">Finisaje de Lux<\/h2>\n<p>Un alt punct forte al propriet\u0103\u021bii sunt finisajele de lux care scot \u00een eviden\u021b\u0103 elegan\u021ba \u0219i rafinamentul interiorului. Pardoseala din parchet laminat, sistemul de \u00eenc\u0103lzire \u00een pardoseal\u0103 \u0219i pere\u021bii vopsi\u021bi \u00een lavabil sunt doar c\u00e2teva dintre caracteristicile care contribuie la confortul cotidian al locatarilor. U\u0219ile interioare din lemn masiv \u0219i geamurile din t\u00e2mpl\u0103rie PVC adaug\u0103 un plus de valoare \u0219i siguran\u021b\u0103.<\/p>\n<p>B\u0103ile \u0219i buc\u0103t\u0103ria sunt dotate cu gresie \u0219i faian\u021b\u0103 modern\u0103, iar apartamentul se va preda complet mobilat cu mobilier de tip MDF realizat la comand\u0103, ce ofer\u0103 nu doar stil, ci \u0219i func\u021bionalitate. Electrocasnicele premium incluse fac aceast\u0103 locuin\u021b\u0103 imediat preg\u0103tit\u0103 pentru a fi utilizat\u0103.<\/p>\n<p>#<\/p>\n<h2 class=\"wp-block-heading\">Mediul \u00cenconjur\u0103tor<\/h2>\n<p>Apartamentul este situat \u00eentr-o zon\u0103 c\u0103utat\u0103 din Cluj-Napoca, oferind acces facil la diverse facilit\u0103\u021bi, inclusiv \u0219coli, magazine, parcuri \u0219i sta\u021bii de transport \u00een comun. Aceast\u0103 loca\u021bie face ca proprietatea s\u0103 fie ideal\u0103 nu doar pentru locuire, ci \u0219i ca oportunitate de investi\u021bie pe termen lung.<\/p>\n<p>#<\/p>\n<h2 class=\"wp-block-heading\">Spa\u021bii de Parcare \u0219i Depozitare<\/h2>\n<p>Pentru confortul locatarilor, acest apartament ofer\u0103 dou\u0103 locuri de parcare cu certificat de proprietate separat, precum \u0219i un spa\u021biu de depozitare. Aceste facilit\u0103\u021bi sunt incluse \u00een pre\u021bul apartamentului, ad\u0103ug\u00e2nd \u0219i mai mult\u0103 valoare ofertei.<\/p>\n<h2 class=\"wp-block-heading\">Concluzie<\/h2>\n<p>Acest apartament deosebit din Cluj-Napoca reprezint\u0103 o oportunitate rar\u0103 de a te bucura de un stil de via\u021b\u0103 de lux. Cu finisaje de calitate superioar\u0103, o compartimentare inteligent\u0103 \u0219i o teras\u0103 splendid\u0103, el se prezint\u0103 ca fiind ideal at\u00e2t pentru locuin\u021b\u0103, c\u00e2t \u0219i ca investi\u021bie pe termen lung. Dac\u0103 e\u0219ti \u00een c\u0103utarea unui nou c\u0103min, nu rata ocazia de a descoperi toate calit\u0103\u021bile pe care le ofer\u0103 aceast\u0103 proprietate!<\/p>\n<p><a href=\"\/cluj-napoca\/imobiliare-25-152802-de-vanzare-apartament-3-camere-in-marasti\/\" class=\"pb-listing-action\">Stabileste o vizionare<\/a><\/p>\n<ul>\n<li><a href=\"\/cluj-napoca\/\">Imobiliare Cluj-Napoca<\/a><\/li>\n<li><a href=\"\/cluj-napoca\/apartamente-vanzare\/\">Apartamente de vanzare Cluj-Napoca<\/a><\/li>\n<li><a href=\"\/cluj-napoca\/apartamente-vanzare\/3-camere\/\">Apartamente cu 3 camere de vanzare Cluj-Napoca<\/a><\/li>\n<li><a href=\"\/cluj-napoca\/apartamente-vanzare\/marasti\/3-camere\/\">Apartamente cu 3 camere de vanzare M\u0103r\u0103\u0219ti, Cluj-Napoca<\/a><\/li>\n<\/ul>\n\n<!-- ngfb content-buttons begin -->\n<!-- generated on 2026-04-29T06:19:31+00:00 -->\n<div class=\"ngfb-content-buttons\">\n<div class=\"ngfb-buttons en_US\">\n<!-- Email Button --><div class=\"css-button email-button\">\n  <a href=\"mailto:?subject=Share:%20Apartament%20de%20lux%20cu%203%20camere%20%C8%99i%20teras%C4%83%20generoas%C4%83%20%C3%AEn%20Marasti%2C%20Cluj-Napoca%21&body=Cluj-Napoca%2C%20M%C4%83r%C4%83%C8%99ti%20-%20Apartament%20deosebit%20cu%203%20camere%20%C8%99i%20teras%C4%83%20de%2030%20mp%20%C3%AEn%20cartierul%20M%C4%83r%C4%83%C8%99ti%2C%20Cluj-Napoca.%20Situat%20la%20ultimul%20etaj%20al%20unei%20cl%C4%83diri%20P%2B4E%2C%20are%20o%20suprafa%C8%9B%C4%83%20util%C4%83%20de%2080%20mp%2C%20incluz%C3%A2nd%202%20dormitoare%2C%20un%20living%20open%20space%20%C8%99i%202%20b%C4%83i.%20Finisajele%20de%20lux%20includ%20%C3%AEnc%C4%83lzire%20%C3%AEn%20pardoseal%C4%83%20%C8%99i%20mobilier%20personalizat.%20Proprietatea%20are%202%20locuri%20de%20parcare%20%C8%99i%20un%20spa%C8%9Biu%20de%20depozitare%2C%20fiind%20ideal%C4%83%20pentru%20locuin%C8%9B%C4%83%20sau%20investi%C8%9Bie.%0D%0A%0D%0AShared%20from%20https:\/\/propertybook.ro\/blog\/apartament-de-lux-cu-3-camere-si-terasa-generoasa-in-marasti-cluj-napoca\/%0D%0A\">\n    <span class=\"ngfb-icon\">\n      <svg xmlns=\"http:\/\/www.w3.org\/2000\/svg\" width=\"9\" height=\"9\" viewBox=\"0 0 28 28\">\n        <path d=\"M20.11 26.147c-2.335 1.05-4.36 1.4-7.124 1.4C6.524 27.548.84 22.916.84 15.284.84 7.343 6.602.45 15.4.45c6.854 0 11.8 4.7 11.8 11.252 0 5.684-3.193 9.265-7.398 9.3-1.83 0-3.153-.934-3.347-2.997h-.077c-1.208 1.986-2.96 2.997-5.023 2.997-2.532 0-4.36-1.868-4.36-5.062 0-4.75 3.503-9.07 9.11-9.07 1.713 0 3.7.4 4.6.972l-1.17 7.203c-.387 2.298-.115 3.3 1 3.4 1.674 0 3.774-2.102 3.774-6.58 0-5.06-3.27-8.994-9.304-8.994C9.05 2.87 3.83 7.545 3.83 14.97c0 6.5 4.2 10.2 10 10.202 1.987 0 4.09-.43 5.647-1.245l.634 2.22zM16.647 10.1c-.31-.078-.7-.155-1.207-.155-2.572 0-4.596 2.53-4.596 5.53 0 1.5.7 2.4 1.9 2.4 1.44 0 2.96-1.83 3.31-4.088l.592-3.72z\" \/>\n      <\/svg>\n    <\/span>\n    <span class=\"ngfb-text\"><\/span>\n  <\/a>\n<\/div><\/div><!-- .ngfb-buttons.en_US -->\n<\/div><!-- .ngfb-content-buttons -->\n<!-- ngfb content-buttons end -->\n\n","protected":false},"excerpt":{"rendered":"<p>Cluj-Napoca, M\u0103r\u0103\u0219ti &#8211; Apartament deosebit cu 3 camere \u0219i teras\u0103 de 30 mp \u00een cartierul M\u0103r\u0103\u0219ti, Cluj-Napoca. Situat la ultimul etaj al unei cl\u0103diri P+4E, are o suprafa\u021b\u0103 util\u0103 de 80 mp, incluz\u00e2nd 2 dormitoare, un living open space \u0219i 2 b\u0103i. Finisajele de lux includ \u00eenc\u0103lzire \u00een pardoseal\u0103 \u0219i mobilier personalizat. Proprietatea are 2 locuri de parcare \u0219i un spa\u021biu de depozitare, fiind ideal\u0103 pentru locuin\u021b\u0103 sau investi\u021bie.<\/p>\n","protected":false},"author":8,"featured_media":5234,"comment_status":"open","ping_status":"open","sticky":false,"template":"","format":"standard","meta":{"footnotes":""},"categories":[50,48,47],"tags":[380,55,74,91,79,92,60,70,63],"class_list":["post-5235","post","type-post","status-publish","format-standard","has-post-thumbnail","hentry","category-apartamente-de-vanzare-in-cluj-napoca","category-oferte-imobiliare-in-cluj-napoca","category-oferte","tag-1-bai","tag-3-camere","tag-balcon","tag-cluj-napoca","tag-etaj-4-4","tag-marasti","tag-parcare","tag-parchet","tag-semidecomandat"],"_links":{"self":[{"href":"https:\/\/propertybook.ro\/blog\/wp-json\/wp\/v2\/posts\/5235","targetHints":{"allow":["GET"]}}],"collection":[{"href":"https:\/\/propertybook.ro\/blog\/wp-json\/wp\/v2\/posts"}],"about":[{"href":"https:\/\/propertybook.ro\/blog\/wp-json\/wp\/v2\/types\/post"}],"author":[{"embeddable":true,"href":"https:\/\/propertybook.ro\/blog\/wp-json\/wp\/v2\/users\/8"}],"replies":[{"embeddable":true,"href":"https:\/\/propertybook.ro\/blog\/wp-json\/wp\/v2\/comments?post=5235"}],"version-history":[{"count":0,"href":"https:\/\/propertybook.ro\/blog\/wp-json\/wp\/v2\/posts\/5235\/revisions"}],"wp:featuredmedia":[{"embeddable":true,"href":"https:\/\/propertybook.ro\/blog\/wp-json\/wp\/v2\/media\/5234"}],"wp:attachment":[{"href":"https:\/\/propertybook.ro\/blog\/wp-json\/wp\/v2\/media?parent=5235"}],"wp:term":[{"taxonomy":"category","embeddable":true,"href":"https:\/\/propertybook.ro\/blog\/wp-json\/wp\/v2\/categories?post=5235"},{"taxonomy":"post_tag","embeddable":true,"href":"https:\/\/propertybook.ro\/blog\/wp-json\/wp\/v2\/tags?post=5235"}],"curies":[{"name":"wp","href":"https:\/\/api.w.org\/{rel}","templated":true}]}}