{"id":5265,"date":"2025-05-16T13:44:04","date_gmt":"2025-05-16T10:44:04","guid":{"rendered":"https:\/\/propertybook.ro\/blog\/apartament-modern-cu-2-camere-si-loc-de-parcare-aproape-de-metrou-berceni\/"},"modified":"2025-05-16T13:44:04","modified_gmt":"2025-05-16T10:44:04","slug":"apartament-modern-cu-2-camere-si-loc-de-parcare-aproape-de-metrou-berceni","status":"publish","type":"post","link":"https:\/\/propertybook.ro\/blog\/apartament-modern-cu-2-camere-si-loc-de-parcare-aproape-de-metrou-berceni\/","title":{"rendered":"Apartament modern cu 2 camere \u0219i loc de parcare, aproape de metrou Berceni!"},"content":{"rendered":"\n<!-- ngfb content-buttons begin -->\n<!-- generated on 2026-05-01T21:34:16+00:00 -->\n<div class=\"ngfb-content-buttons\">\n<div class=\"ngfb-buttons en_US\">\n<!-- Email Button --><div class=\"css-button email-button\">\n  <a href=\"mailto:?subject=Share:%20Apartament%20modern%20cu%202%20camere%20%C8%99i%20loc%20de%20parcare%2C%20aproape%20de%20metrou%20Berceni%21&body=Bucure%C8%99ti%20-%20Apartamentul%20cu%202%20camere%2C%20situat%20%C3%AEntr-un%20ansamblu%20reziden%C8%9Bial%20din%20sudul%20Bucure%C8%99tiului%2C%20ofer%C4%83%20confort%20%C8%99i%20accesibilitate%2C%20fiind%20aproape%20de%20metrou%20Berceni.%20Finalizat%20%C3%AEn%202016%2C%20dispune%20de%20central%C4%83%20proprie%2C%20loc%20de%20parcare%20inclus%20%C8%99i%20preinstalare%20pentru%20aer%20condi%C8%9Bionat.%20Ansamblul%20include%20zone%20verzi%2C%20piscin%C4%83%20%C8%99i%20locuri%20de%20joac%C4%83%2C%20iar%20apropierea%20de%20restaurante%2C%20%C8%99coli%20%C8%99i%20centre%20sportive%20%C3%AEl%20face%20ideal%20pentru%20locuit%20sau%20investi%C8%9Bie.%20Programeaz%C4%83%20o%20vizionare%21%0D%0A%0D%0AShared%20from%20https:\/\/propertybook.ro\/blog\/apartament-modern-cu-2-camere-si-loc-de-parcare-aproape-de-metrou-berceni\/%0D%0A\">\n    <span class=\"ngfb-icon\">\n      <svg xmlns=\"http:\/\/www.w3.org\/2000\/svg\" width=\"9\" height=\"9\" viewBox=\"0 0 28 28\">\n        <path d=\"M20.11 26.147c-2.335 1.05-4.36 1.4-7.124 1.4C6.524 27.548.84 22.916.84 15.284.84 7.343 6.602.45 15.4.45c6.854 0 11.8 4.7 11.8 11.252 0 5.684-3.193 9.265-7.398 9.3-1.83 0-3.153-.934-3.347-2.997h-.077c-1.208 1.986-2.96 2.997-5.023 2.997-2.532 0-4.36-1.868-4.36-5.062 0-4.75 3.503-9.07 9.11-9.07 1.713 0 3.7.4 4.6.972l-1.17 7.203c-.387 2.298-.115 3.3 1 3.4 1.674 0 3.774-2.102 3.774-6.58 0-5.06-3.27-8.994-9.304-8.994C9.05 2.87 3.83 7.545 3.83 14.97c0 6.5 4.2 10.2 10 10.202 1.987 0 4.09-.43 5.647-1.245l.634 2.22zM16.647 10.1c-.31-.078-.7-.155-1.207-.155-2.572 0-4.596 2.53-4.596 5.53 0 1.5.7 2.4 1.9 2.4 1.44 0 2.96-1.83 3.31-4.088l.592-3.72z\" \/>\n      <\/svg>\n    <\/span>\n    <span class=\"ngfb-text\"><\/span>\n  <\/a>\n<\/div><\/div><!-- .ngfb-buttons.en_US -->\n<\/div><!-- .ngfb-content-buttons -->\n<!-- ngfb content-buttons end -->\n\n\n<!-- ngfb schema image for pinterest pin it button -->\n<div class=\"ngfb-schema-image-for-pinterest\" style=\"display:none;\">\n<img loading=\"lazy\" decoding=\"async\" src=\"https:\/\/propertybook.ro\/blog\/wp-content\/uploads\/2025\/05\/11023719.webp\" width=\"0\" height=\"0\" style=\"width:0;height:0;\" data-pin-description=\"Bucure\u0219ti - Apartamentul cu 2 camere, situat &icirc;ntr-un ansamblu reziden\u021bial din sudul Bucure\u0219tiului, ofer\u0103 confort \u0219i accesibilitate, fiind aproape de metrou Berceni. Finalizat &icirc;n 2016, dispune de central\u0103 proprie, loc de parcare inclus \u0219i preinstalare pentru aer condi\u021bionat. Ansamblul include...\" alt=\"\"\/>\n<\/div><!-- .ngfb-schema-image-for-pinterest -->\n\n<figure class=\"wp-block-image size-large\"><img decoding=\"async\" src=\"https:\/\/cdn.propertybook.ro\/svn_residentialist\/11023719.webp\" alt=\"\" \/><\/figure>\n<ul>\n<li><a href=\"\/bucuresti\/\">Imobiliare Bucure\u0219ti<\/a><\/li>\n<li><a href=\"\/bucuresti\/apartamente-vanzare\/2-camere\/\">Apartamente cu 2 camere de vanzare Bucure\u0219ti<\/a><\/li>\n<\/ul>\n<p><a href=\"\/bucuresti\/imobiliare-163-11023719-de-vanzare-apartament-2-camere-in-sector-4-zona-berceni\/\" class=\"pb-listing-action\">Detaliile proprietatii<\/a><\/p>\n<p><h2 class=\"wp-block-heading\">Descoper\u0103 confortul \u0219i accesibilitatea \u00eentr-un apartament modern cu 2 camere<\/h2>\n<p>\u00cen c\u0103utarea unei locuin\u021be care s\u0103 ofere un echilibru perfect \u00eentre confort \u0219i conectivitate urban\u0103? Te invit\u0103m s\u0103 explorezi un apartament cu 2 camere aflat \u00eentr-un ansamblu reziden\u021bial din zona de Sud, aproape de sta\u021bia de metrou Berceni. Aceast\u0103 proprietate este ideal\u0103 at\u00e2t pentru cei care doresc s\u0103 locuiasc\u0103, c\u00e2t \u0219i pentru investitorii care caut\u0103 o oportunitate rentabil\u0103 \u00eentr-o zon\u0103 \u00een plin\u0103 dezvoltare.<\/p>\n<p>#<\/p>\n<h2 class=\"wp-block-heading\">Confort \u0219i modernitate<\/h2>\n<p>Apartamentul, finalizat \u00een 2016, vine cu toate dot\u0103rile necesare pentru un stil de via\u021b\u0103 modern. Beneficiind de o central\u0103 proprie, locuin\u021ba asigur\u0103 un confort termic optim, iar preinstalarea pentru aer condi\u021bionat va contribui la men\u021binerea unei atmosfere pl\u0103cute \u00een zilele toride de var\u0103. De asemenea, locul de parcare inclus este un mare avantaj, oferind o solu\u021bie practic\u0103 pentru reziden\u021bi.<\/p>\n<p>#<\/p>\n<h2 class=\"wp-block-heading\">Ansamblu deosebit<\/h2>\n<p>Caracterizat prin regimul mic de \u00een\u0103l\u021bime \u0219i zone verzi, acest ansamblu reziden\u021bial creeaz\u0103 un cadru lini\u0219tit \u0219i aerisit, ideal pentru familii sau pentru cei care caut\u0103 un refugiu departe de agita\u021bia urban\u0103. Printre facilit\u0103\u021bile disponibile se num\u0103r\u0103 o piscin\u0103, locuri de joac\u0103 pentru copii \u0219i spa\u021bii de recreere, toate g\u00e2ndite pentru a \u00eembun\u0103t\u0103\u021bi calitatea vie\u021bii locatarilor.<\/p>\n<p>#<\/p>\n<h2 class=\"wp-block-heading\">Accesibilitate \u0219i facilit\u0103\u021bi<\/h2>\n<p>Un alt aspect important este accesibilitatea. Apartamentul se afl\u0103 la o distan\u021b\u0103 mic\u0103 de sta\u021bia de metrou Berceni, facilit\u00e2nd astfel transportul rapid c\u0103tre centrul ora\u0219ului. Zona este bine deservit\u0103 de o varietate de restaurante, \u0219coli, gr\u0103dini\u021be \u0219i centre sportive de top, precum Berry Sports &amp; Spa, oferind tuturor reziden\u021bilor oportunit\u0103\u021bi de recreere \u0219i dezvoltare personal\u0103.<\/p>\n<p>#<\/p>\n<h2 class=\"wp-block-heading\">O oportunitate unic\u0103<\/h2>\n<p>Fiind situat \u00eentr-o zon\u0103 cu cerere constant\u0103 pentru \u00eenchiriere, acest apartament reprezint\u0103 o alegere excelent\u0103 pentru investitori. De asemenea, datorit\u0103 tuturor avantajelor men\u021bionate, locuin\u021ba se dovede\u0219te a fi o op\u021biune perfect\u0103 pentru cei care doresc s\u0103 se bucure de confortul unei case moderne, \u00eentr-un mediu bine organizat \u0219i lini\u0219tit.<\/p>\n<p>\u00cen concluzie, dac\u0103 e\u0219ti \u00een c\u0103utarea unei locuin\u021be care s\u0103 \u00eembine confortul, accesibilitatea \u0219i facilit\u0103\u021bile moderne, acest apartament cu 2 camere, \u00een ansamblul reziden\u021bial din zona Berceni, merit\u0103 s\u0103 fie luat \u00een considerare. Programeaz\u0103 o vizionare pentru a descoperi dac\u0103 acesta este locul perfect pentru tine!<\/p>\n<p><a href=\"\/bucuresti\/imobiliare-163-11023719-de-vanzare-apartament-2-camere-in-sector-4-zona-berceni\/\" class=\"pb-listing-action\">Stabileste o vizionare<\/a><\/p>\n<ul>\n<li><a href=\"\/bucuresti\/\">Imobiliare Bucure\u0219ti<\/a><\/li>\n<li><a href=\"\/bucuresti\/apartamente-vanzare\/2-camere\/\">Apartamente cu 2 camere de vanzare Bucure\u0219ti<\/a><\/li>\n<\/ul>\n\n<!-- ngfb content-buttons begin -->\n<!-- generated on 2026-05-01T21:34:16+00:00 -->\n<div class=\"ngfb-content-buttons\">\n<div class=\"ngfb-buttons en_US\">\n<!-- Email Button --><div class=\"css-button email-button\">\n  <a href=\"mailto:?subject=Share:%20Apartament%20modern%20cu%202%20camere%20%C8%99i%20loc%20de%20parcare%2C%20aproape%20de%20metrou%20Berceni%21&body=Bucure%C8%99ti%20-%20Apartamentul%20cu%202%20camere%2C%20situat%20%C3%AEntr-un%20ansamblu%20reziden%C8%9Bial%20din%20sudul%20Bucure%C8%99tiului%2C%20ofer%C4%83%20confort%20%C8%99i%20accesibilitate%2C%20fiind%20aproape%20de%20metrou%20Berceni.%20Finalizat%20%C3%AEn%202016%2C%20dispune%20de%20central%C4%83%20proprie%2C%20loc%20de%20parcare%20inclus%20%C8%99i%20preinstalare%20pentru%20aer%20condi%C8%9Bionat.%20Ansamblul%20include%20zone%20verzi%2C%20piscin%C4%83%20%C8%99i%20locuri%20de%20joac%C4%83%2C%20iar%20apropierea%20de%20restaurante%2C%20%C8%99coli%20%C8%99i%20centre%20sportive%20%C3%AEl%20face%20ideal%20pentru%20locuit%20sau%20investi%C8%9Bie.%20Programeaz%C4%83%20o%20vizionare%21%0D%0A%0D%0AShared%20from%20https:\/\/propertybook.ro\/blog\/apartament-modern-cu-2-camere-si-loc-de-parcare-aproape-de-metrou-berceni\/%0D%0A\">\n    <span class=\"ngfb-icon\">\n      <svg xmlns=\"http:\/\/www.w3.org\/2000\/svg\" width=\"9\" height=\"9\" viewBox=\"0 0 28 28\">\n        <path d=\"M20.11 26.147c-2.335 1.05-4.36 1.4-7.124 1.4C6.524 27.548.84 22.916.84 15.284.84 7.343 6.602.45 15.4.45c6.854 0 11.8 4.7 11.8 11.252 0 5.684-3.193 9.265-7.398 9.3-1.83 0-3.153-.934-3.347-2.997h-.077c-1.208 1.986-2.96 2.997-5.023 2.997-2.532 0-4.36-1.868-4.36-5.062 0-4.75 3.503-9.07 9.11-9.07 1.713 0 3.7.4 4.6.972l-1.17 7.203c-.387 2.298-.115 3.3 1 3.4 1.674 0 3.774-2.102 3.774-6.58 0-5.06-3.27-8.994-9.304-8.994C9.05 2.87 3.83 7.545 3.83 14.97c0 6.5 4.2 10.2 10 10.202 1.987 0 4.09-.43 5.647-1.245l.634 2.22zM16.647 10.1c-.31-.078-.7-.155-1.207-.155-2.572 0-4.596 2.53-4.596 5.53 0 1.5.7 2.4 1.9 2.4 1.44 0 2.96-1.83 3.31-4.088l.592-3.72z\" \/>\n      <\/svg>\n    <\/span>\n    <span class=\"ngfb-text\"><\/span>\n  <\/a>\n<\/div><\/div><!-- .ngfb-buttons.en_US -->\n<\/div><!-- .ngfb-content-buttons -->\n<!-- ngfb content-buttons end -->\n\n","protected":false},"excerpt":{"rendered":"<p>Bucure\u0219ti &#8211; Apartamentul cu 2 camere, situat \u00eentr-un ansamblu reziden\u021bial din sudul Bucure\u0219tiului, ofer\u0103 confort \u0219i accesibilitate, fiind aproape de metrou Berceni. Finalizat \u00een 2016, dispune de central\u0103 proprie, loc de parcare inclus \u0219i preinstalare pentru aer condi\u021bionat. Ansamblul include zone verzi, piscin\u0103 \u0219i locuri de joac\u0103, iar apropierea de restaurante, \u0219coli \u0219i centre sportive \u00eel face ideal pentru locuit sau investi\u021bie. Programeaz\u0103 o vizionare!<\/p>\n","protected":false},"author":8,"featured_media":5264,"comment_status":"open","ping_status":"open","sticky":false,"template":"","format":"standard","meta":{"footnotes":""},"categories":[52,49,47],"tags":[62,111,74,89,68,67,376,70,85],"class_list":["post-5265","post","type-post","status-publish","format-standard","has-post-thumbnail","hentry","category-apartamente-de-vanzare-bucuresti","category-oferte-imobiliare-bucuresti","category-oferte","tag-2-camere","tag-an-const-2016","tag-balcon","tag-bucuresti","tag-decomandat","tag-etaj-1-4","tag-o-baie","tag-parchet","tag-termopane"],"_links":{"self":[{"href":"https:\/\/propertybook.ro\/blog\/wp-json\/wp\/v2\/posts\/5265","targetHints":{"allow":["GET"]}}],"collection":[{"href":"https:\/\/propertybook.ro\/blog\/wp-json\/wp\/v2\/posts"}],"about":[{"href":"https:\/\/propertybook.ro\/blog\/wp-json\/wp\/v2\/types\/post"}],"author":[{"embeddable":true,"href":"https:\/\/propertybook.ro\/blog\/wp-json\/wp\/v2\/users\/8"}],"replies":[{"embeddable":true,"href":"https:\/\/propertybook.ro\/blog\/wp-json\/wp\/v2\/comments?post=5265"}],"version-history":[{"count":0,"href":"https:\/\/propertybook.ro\/blog\/wp-json\/wp\/v2\/posts\/5265\/revisions"}],"wp:featuredmedia":[{"embeddable":true,"href":"https:\/\/propertybook.ro\/blog\/wp-json\/wp\/v2\/media\/5264"}],"wp:attachment":[{"href":"https:\/\/propertybook.ro\/blog\/wp-json\/wp\/v2\/media?parent=5265"}],"wp:term":[{"taxonomy":"category","embeddable":true,"href":"https:\/\/propertybook.ro\/blog\/wp-json\/wp\/v2\/categories?post=5265"},{"taxonomy":"post_tag","embeddable":true,"href":"https:\/\/propertybook.ro\/blog\/wp-json\/wp\/v2\/tags?post=5265"}],"curies":[{"name":"wp","href":"https:\/\/api.w.org\/{rel}","templated":true}]}}