{"id":5271,"date":"2025-05-16T17:44:11","date_gmt":"2025-05-16T14:44:11","guid":{"rendered":"https:\/\/propertybook.ro\/blog\/apartament-elegant-complet-mobilat-la-doar-8-minute-de-parcul-herastrau\/"},"modified":"2025-05-16T17:44:11","modified_gmt":"2025-05-16T14:44:11","slug":"apartament-elegant-complet-mobilat-la-doar-8-minute-de-parcul-herastrau","status":"publish","type":"post","link":"https:\/\/propertybook.ro\/blog\/apartament-elegant-complet-mobilat-la-doar-8-minute-de-parcul-herastrau\/","title":{"rendered":"Apartament elegant, complet mobilat, la doar 8 minute de Parcul Her\u0103str\u0103u"},"content":{"rendered":"\n<!-- ngfb content-buttons begin -->\n<!-- generated on 2026-05-01T21:33:30+00:00 -->\n<div class=\"ngfb-content-buttons\">\n<div class=\"ngfb-buttons en_US\">\n<!-- Email Button --><div class=\"css-button email-button\">\n  <a href=\"mailto:?subject=Share:%20Apartament%20elegant%2C%20complet%20mobilat%2C%20la%20doar%208%20minute%20de%20Parcul%20Her%C4%83str%C4%83u&body=Bucure%C8%99ti%20-%20Oferim%20spre%20v%C3%A2nzare%20un%20apartament%20elegant%2C%20complet%20mobilat%20%C8%99i%20utilat%2C%20situat%20la%20etajul%201%20%C3%AEn%20ansamblul%20reziden%C8%9Bial%20Aviatiei%20Park%2C%20la%208%20minute%20de%20Parcul%20Her%C4%83str%C4%83u.%20Finisajele%20sunt%20de%20calitate%20superioar%C4%83%2C%20iar%20compartimentarea%20este%20practic%C4%83%20%C8%99i%20luminoas%C4%83.%20Complexul%20beneficiaz%C4%83%20de%20arhitectur%C4%83%20modern%C4%83%2C%20spa%C8%9Bii%20verzi%20generoase%20%C8%99i%20acces%20facil%20la%20transport%2C%20restaurante%20%C8%99i%20zone%20de%20business.%20Ideal%20pentru%20locuit%20sau%20investi%C8%9Bie.%0D%0A%0D%0AShared%20from%20https:\/\/propertybook.ro\/blog\/apartament-elegant-complet-mobilat-la-doar-8-minute-de-parcul-herastrau\/%0D%0A\">\n    <span class=\"ngfb-icon\">\n      <svg xmlns=\"http:\/\/www.w3.org\/2000\/svg\" width=\"9\" height=\"9\" viewBox=\"0 0 28 28\">\n        <path d=\"M20.11 26.147c-2.335 1.05-4.36 1.4-7.124 1.4C6.524 27.548.84 22.916.84 15.284.84 7.343 6.602.45 15.4.45c6.854 0 11.8 4.7 11.8 11.252 0 5.684-3.193 9.265-7.398 9.3-1.83 0-3.153-.934-3.347-2.997h-.077c-1.208 1.986-2.96 2.997-5.023 2.997-2.532 0-4.36-1.868-4.36-5.062 0-4.75 3.503-9.07 9.11-9.07 1.713 0 3.7.4 4.6.972l-1.17 7.203c-.387 2.298-.115 3.3 1 3.4 1.674 0 3.774-2.102 3.774-6.58 0-5.06-3.27-8.994-9.304-8.994C9.05 2.87 3.83 7.545 3.83 14.97c0 6.5 4.2 10.2 10 10.202 1.987 0 4.09-.43 5.647-1.245l.634 2.22zM16.647 10.1c-.31-.078-.7-.155-1.207-.155-2.572 0-4.596 2.53-4.596 5.53 0 1.5.7 2.4 1.9 2.4 1.44 0 2.96-1.83 3.31-4.088l.592-3.72z\" \/>\n      <\/svg>\n    <\/span>\n    <span class=\"ngfb-text\"><\/span>\n  <\/a>\n<\/div><\/div><!-- .ngfb-buttons.en_US -->\n<\/div><!-- .ngfb-content-buttons -->\n<!-- ngfb content-buttons end -->\n\n\n<!-- ngfb schema image for pinterest pin it button -->\n<div class=\"ngfb-schema-image-for-pinterest\" style=\"display:none;\">\n<img loading=\"lazy\" decoding=\"async\" src=\"https:\/\/propertybook.ro\/blog\/wp-content\/uploads\/2025\/05\/2543723.webp\" width=\"0\" height=\"0\" style=\"width:0;height:0;\" data-pin-description=\"Bucure\u0219ti - Oferim spre v&acirc;nzare un apartament elegant, complet mobilat \u0219i utilat, situat la etajul 1 &icirc;n ansamblul reziden\u021bial Aviatiei Park, la 8 minute de Parcul Her\u0103str\u0103u. Finisajele sunt de calitate superioar\u0103, iar compartimentarea este practic\u0103 \u0219i luminoas\u0103. Complexul beneficiaz\u0103 de...\" alt=\"\"\/>\n<\/div><!-- .ngfb-schema-image-for-pinterest -->\n\n<figure class=\"wp-block-image size-large\"><img decoding=\"async\" src=\"https:\/\/cdn.propertybook.ro\/kostasimob.ro\/2543723.webp\" alt=\"\" \/><\/figure>\n<ul>\n<li><a href=\"\/bucuresti\/\">Imobiliare Bucure\u0219ti<\/a><\/li>\n<li><a href=\"\/bucuresti\/apartamente-vanzare\/2-camere\/\">Apartamente cu 2 camere de vanzare Bucure\u0219ti<\/a><\/li>\n<\/ul>\n<p><a href=\"\/bucuresti\/imobiliare-183-2543723-oferim-spre-v\/\" class=\"pb-listing-action\">Detaliile proprietatii<\/a><\/p>\n<p><h2 class=\"wp-block-heading\">Descoper\u0103 Elegan\u021ba \u0219i Confortul \u00een Aviatiei Park<\/h2>\n<p>Situat \u00een inima unui ansamblu reziden\u021bial modern, apartamentul de la etajul 1 al Aviatiei Park reprezint\u0103 o oportunitate excelent\u0103 at\u00e2t pentru cei care doresc s\u0103 locuiasc\u0103 \u00eentr-un mediu confortabil, c\u00e2t \u0219i pentru investitorii care caut\u0103 o proprietate de calitate superioar\u0103.<\/p>\n<p>#<\/p>\n<h2 class=\"wp-block-heading\">Detalii despre Proprietate<\/h2>\n<p>Acest apartament elegant este complet mobilat \u0219i utilat, cu finisaje de \u00eenalt\u0103 calitate care reflect\u0103 un gust rafinat. Compartimentarea sa practic\u0103 \u0219i luminoas\u0103 permite o utilizare optim\u0103 a spa\u021biului, cre\u00e2nd un ambient primitor \u0219i func\u021bional. Fie c\u0103 \u00ee\u021bi dore\u0219ti s\u0103 te bucuri de confortul propriei locuin\u021be sau s\u0103 ob\u021bii un venit din \u00eenchirierea acesteia, acest apartament se prezint\u0103 ca o alegere ideal\u0103.<\/p>\n<p>#<\/p>\n<h2 class=\"wp-block-heading\">Despre Aviatiei Park<\/h2>\n<p>Aviatiei Park este un complex reziden\u021bial deosebit dezvoltat de Forte Partners, renumit pentru aten\u021bia acordat\u0103 detaliilor \u00een construc\u021bie \u0219i design. Proiectul este structurat \u00een dou\u0103 faze, av\u00e2nd un total de 371 de apartamente distribuite \u00een 4 cl\u0103diri. Faza 1 a fost finalizat\u0103 cu succes, iar Faza 2 a fost inaugurat\u0103 \u00een noiembrie 2020, oferind astfel locuitorilor condi\u021bii moderne de trai.<\/p>\n<p>Unul dintre cele mai mari avantaje ale acestui ansamblu este proximitatea fa\u021b\u0103 de Parcul Her\u0103str\u0103u, care se afl\u0103 la doar 8 minute de mers pe jos. Aceast\u0103 zon\u0103 verde ofer\u0103 oportunit\u0103\u021bi nelimitate pentru relaxare, sport \u0219i petrecerea timpului liber.<\/p>\n<p>#<\/p>\n<h2 class=\"wp-block-heading\">Avantajele Locuirii \u00een Aviatiei Park<\/h2>\n<p>Aviatiei Park nu este doar un simplu complex reziden\u021bial, ci \u0219i un cadru urban modern care \u00eembin\u0103 confortul vie\u021bii de apartament cu accesibilitatea c\u0103tre facilit\u0103\u021bile cotidiene. Zona beneficiaz\u0103 de spa\u021bii verzi generoase, acces facil la mijloacele de transport, restaurante \u0219i cafenele, ceea ce o transform\u0103 \u00eentr-un loc ideal pentru familii \u0219i profesioni\u0219ti deopotriv\u0103.<\/p>\n<p>Mai mult, comunitatea select\u0103 care locuie\u0219te aici adaug\u0103 un plus de valoare experien\u021bei de trai, oferind un mediu sigur \u0219i pl\u0103cut. Accesul rapid c\u0103tre zona de birouri din Avia\u021biei \u0219i Pipera face ca aceast\u0103 proprietate s\u0103 fie extrem de atractiv\u0103 pentru cei care lucreaz\u0103 \u00een aceste zone.<\/p>\n<p>#<\/p>\n<h2 class=\"wp-block-heading\">Concluzie<\/h2>\n<p>Apartamentul din Aviatiei Park este o alegere inspirat\u0103, combin\u00e2nd elegan\u021ba, confortul \u0219i accesibilitatea. Fie c\u0103 e\u0219ti \u00een c\u0103utarea unei locuin\u021be moderne sau a unei investi\u021bii rentabile, aceast\u0103 proprietate \u00eendepline\u0219te toate criteriile. Nu rata ocazia de a descoperi un loc care \u00ee\u021bi poate oferi nu doar un acoperi\u0219 deasupra capului, ci \u0219i un stil de via\u021b\u0103 deosebit. <\/p>\n<p>Dac\u0103 e\u0219ti interesat de mai multe detalii sau dore\u0219ti s\u0103 programezi o vizionare, nu ezita s\u0103 explorezi aceast\u0103 oportunitate unic\u0103!<\/p>\n<p><a href=\"\/bucuresti\/imobiliare-183-2543723-oferim-spre-v\/\" class=\"pb-listing-action\">Stabileste o vizionare<\/a><\/p>\n<ul>\n<li><a href=\"\/bucuresti\/\">Imobiliare Bucure\u0219ti<\/a><\/li>\n<li><a href=\"\/bucuresti\/apartamente-vanzare\/2-camere\/\">Apartamente cu 2 camere de vanzare Bucure\u0219ti<\/a><\/li>\n<\/ul>\n\n<!-- ngfb content-buttons begin -->\n<!-- generated on 2026-05-01T21:33:30+00:00 -->\n<div class=\"ngfb-content-buttons\">\n<div class=\"ngfb-buttons en_US\">\n<!-- Email Button --><div class=\"css-button email-button\">\n  <a href=\"mailto:?subject=Share:%20Apartament%20elegant%2C%20complet%20mobilat%2C%20la%20doar%208%20minute%20de%20Parcul%20Her%C4%83str%C4%83u&body=Bucure%C8%99ti%20-%20Oferim%20spre%20v%C3%A2nzare%20un%20apartament%20elegant%2C%20complet%20mobilat%20%C8%99i%20utilat%2C%20situat%20la%20etajul%201%20%C3%AEn%20ansamblul%20reziden%C8%9Bial%20Aviatiei%20Park%2C%20la%208%20minute%20de%20Parcul%20Her%C4%83str%C4%83u.%20Finisajele%20sunt%20de%20calitate%20superioar%C4%83%2C%20iar%20compartimentarea%20este%20practic%C4%83%20%C8%99i%20luminoas%C4%83.%20Complexul%20beneficiaz%C4%83%20de%20arhitectur%C4%83%20modern%C4%83%2C%20spa%C8%9Bii%20verzi%20generoase%20%C8%99i%20acces%20facil%20la%20transport%2C%20restaurante%20%C8%99i%20zone%20de%20business.%20Ideal%20pentru%20locuit%20sau%20investi%C8%9Bie.%0D%0A%0D%0AShared%20from%20https:\/\/propertybook.ro\/blog\/apartament-elegant-complet-mobilat-la-doar-8-minute-de-parcul-herastrau\/%0D%0A\">\n    <span class=\"ngfb-icon\">\n      <svg xmlns=\"http:\/\/www.w3.org\/2000\/svg\" width=\"9\" height=\"9\" viewBox=\"0 0 28 28\">\n        <path d=\"M20.11 26.147c-2.335 1.05-4.36 1.4-7.124 1.4C6.524 27.548.84 22.916.84 15.284.84 7.343 6.602.45 15.4.45c6.854 0 11.8 4.7 11.8 11.252 0 5.684-3.193 9.265-7.398 9.3-1.83 0-3.153-.934-3.347-2.997h-.077c-1.208 1.986-2.96 2.997-5.023 2.997-2.532 0-4.36-1.868-4.36-5.062 0-4.75 3.503-9.07 9.11-9.07 1.713 0 3.7.4 4.6.972l-1.17 7.203c-.387 2.298-.115 3.3 1 3.4 1.674 0 3.774-2.102 3.774-6.58 0-5.06-3.27-8.994-9.304-8.994C9.05 2.87 3.83 7.545 3.83 14.97c0 6.5 4.2 10.2 10 10.202 1.987 0 4.09-.43 5.647-1.245l.634 2.22zM16.647 10.1c-.31-.078-.7-.155-1.207-.155-2.572 0-4.596 2.53-4.596 5.53 0 1.5.7 2.4 1.9 2.4 1.44 0 2.96-1.83 3.31-4.088l.592-3.72z\" \/>\n      <\/svg>\n    <\/span>\n    <span class=\"ngfb-text\"><\/span>\n  <\/a>\n<\/div><\/div><!-- .ngfb-buttons.en_US -->\n<\/div><!-- .ngfb-content-buttons -->\n<!-- ngfb content-buttons end -->\n\n","protected":false},"excerpt":{"rendered":"<p>Bucure\u0219ti &#8211; Oferim spre v\u00e2nzare un apartament elegant, complet mobilat \u0219i utilat, situat la etajul 1 \u00een ansamblul reziden\u021bial Aviatiei Park, la 8 minute de Parcul Her\u0103str\u0103u. Finisajele sunt de calitate superioar\u0103, iar compartimentarea este practic\u0103 \u0219i luminoas\u0103. Complexul beneficiaz\u0103 de arhitectur\u0103 modern\u0103, spa\u021bii verzi generoase \u0219i acces facil la transport, restaurante \u0219i zone de business. Ideal pentru locuit sau investi\u021bie.<\/p>\n","protected":false},"author":8,"featured_media":5270,"comment_status":"open","ping_status":"open","sticky":false,"template":"","format":"standard","meta":{"footnotes":""},"categories":[52,49,47],"tags":[62,207,74,89,139,376,63],"class_list":["post-5271","post","type-post","status-publish","format-standard","has-post-thumbnail","hentry","category-apartamente-de-vanzare-bucuresti","category-oferte-imobiliare-bucuresti","category-oferte","tag-2-camere","tag-an-const-2020","tag-balcon","tag-bucuresti","tag-etaj-1","tag-o-baie","tag-semidecomandat"],"_links":{"self":[{"href":"https:\/\/propertybook.ro\/blog\/wp-json\/wp\/v2\/posts\/5271","targetHints":{"allow":["GET"]}}],"collection":[{"href":"https:\/\/propertybook.ro\/blog\/wp-json\/wp\/v2\/posts"}],"about":[{"href":"https:\/\/propertybook.ro\/blog\/wp-json\/wp\/v2\/types\/post"}],"author":[{"embeddable":true,"href":"https:\/\/propertybook.ro\/blog\/wp-json\/wp\/v2\/users\/8"}],"replies":[{"embeddable":true,"href":"https:\/\/propertybook.ro\/blog\/wp-json\/wp\/v2\/comments?post=5271"}],"version-history":[{"count":0,"href":"https:\/\/propertybook.ro\/blog\/wp-json\/wp\/v2\/posts\/5271\/revisions"}],"wp:featuredmedia":[{"embeddable":true,"href":"https:\/\/propertybook.ro\/blog\/wp-json\/wp\/v2\/media\/5270"}],"wp:attachment":[{"href":"https:\/\/propertybook.ro\/blog\/wp-json\/wp\/v2\/media?parent=5271"}],"wp:term":[{"taxonomy":"category","embeddable":true,"href":"https:\/\/propertybook.ro\/blog\/wp-json\/wp\/v2\/categories?post=5271"},{"taxonomy":"post_tag","embeddable":true,"href":"https:\/\/propertybook.ro\/blog\/wp-json\/wp\/v2\/tags?post=5271"}],"curies":[{"name":"wp","href":"https:\/\/api.w.org\/{rel}","templated":true}]}}