{"id":5275,"date":"2025-05-16T19:44:00","date_gmt":"2025-05-16T16:44:00","guid":{"rendered":"https:\/\/propertybook.ro\/blog\/apartament-decomandat-cu-2-camere-la-piata-romana-recent-renovated\/"},"modified":"2025-05-16T19:44:00","modified_gmt":"2025-05-16T16:44:00","slug":"apartament-decomandat-cu-2-camere-la-piata-romana-recent-renovated","status":"publish","type":"post","link":"https:\/\/propertybook.ro\/blog\/apartament-decomandat-cu-2-camere-la-piata-romana-recent-renovated\/","title":{"rendered":"Apartament Decomandat cu 2 Camere la Piata Romana &#8211; Recent Renovated!"},"content":{"rendered":"\n<!-- ngfb content-buttons begin -->\n<!-- generated on 2026-04-28T20:57:41+00:00 -->\n<div class=\"ngfb-content-buttons\">\n<div class=\"ngfb-buttons en_US\">\n<!-- Email Button --><div class=\"css-button email-button\">\n  <a href=\"mailto:?subject=Share:%20Apartament%20Decomandat%20cu%202%20Camere%20la%20Piata%20Romana%20%26%238211%3B%20Recent%20Renovated%21&body=Bucure%C8%99ti%20-%20Se%20ofer%C4%83%20spre%20v%C3%A2nzare%20un%20apartament%20renovat%20cu%202%20camere%20decomandate%20%C3%AEn%20zona%20Pia%C8%9Ba%20Roman%C4%83%2C%20la%205%20minute%20de%20sta%C8%9Bia%20de%20metrou.%20Situat%20la%20etajul%203%2F10%20%C3%AEntr-un%20bloc%20construit%20%C3%AEn%201961%2C%20are%20o%20suprafa%C8%9B%C4%83%20util%C4%83%20de%2044%2C94%20mp%20%C8%99i%20o%20logie%20de%201%2C8%20mp.%20Toate%20instala%C8%9Biile%20au%20fost%20%C3%AEnlocuite%2C%20iar%20imobilul%20dispune%20de%20central%C4%83%20termic%C4%83%20de%20bloc.%20Blocul%20este%20%C3%AEncadrat%20%C3%AEn%20clasa%20de%20risc%20seismic%202.%0D%0A%0D%0AShared%20from%20https:\/\/propertybook.ro\/blog\/apartament-decomandat-cu-2-camere-la-piata-romana-recent-renovated\/%0D%0A\">\n    <span class=\"ngfb-icon\">\n      <svg xmlns=\"http:\/\/www.w3.org\/2000\/svg\" width=\"9\" height=\"9\" viewBox=\"0 0 28 28\">\n        <path d=\"M20.11 26.147c-2.335 1.05-4.36 1.4-7.124 1.4C6.524 27.548.84 22.916.84 15.284.84 7.343 6.602.45 15.4.45c6.854 0 11.8 4.7 11.8 11.252 0 5.684-3.193 9.265-7.398 9.3-1.83 0-3.153-.934-3.347-2.997h-.077c-1.208 1.986-2.96 2.997-5.023 2.997-2.532 0-4.36-1.868-4.36-5.062 0-4.75 3.503-9.07 9.11-9.07 1.713 0 3.7.4 4.6.972l-1.17 7.203c-.387 2.298-.115 3.3 1 3.4 1.674 0 3.774-2.102 3.774-6.58 0-5.06-3.27-8.994-9.304-8.994C9.05 2.87 3.83 7.545 3.83 14.97c0 6.5 4.2 10.2 10 10.202 1.987 0 4.09-.43 5.647-1.245l.634 2.22zM16.647 10.1c-.31-.078-.7-.155-1.207-.155-2.572 0-4.596 2.53-4.596 5.53 0 1.5.7 2.4 1.9 2.4 1.44 0 2.96-1.83 3.31-4.088l.592-3.72z\" \/>\n      <\/svg>\n    <\/span>\n    <span class=\"ngfb-text\"><\/span>\n  <\/a>\n<\/div><\/div><!-- .ngfb-buttons.en_US -->\n<\/div><!-- .ngfb-content-buttons -->\n<!-- ngfb content-buttons end -->\n\n\n<!-- ngfb schema image for pinterest pin it button -->\n<div class=\"ngfb-schema-image-for-pinterest\" style=\"display:none;\">\n<img loading=\"lazy\" decoding=\"async\" src=\"https:\/\/propertybook.ro\/blog\/wp-content\/uploads\/2025\/05\/11023751.webp\" width=\"0\" height=\"0\" style=\"width:0;height:0;\" data-pin-description=\"Bucure\u0219ti - Se ofer\u0103 spre v&acirc;nzare un apartament renovat cu 2 camere decomandate &icirc;n zona Pia\u021ba Roman\u0103, la 5 minute de sta\u021bia de metrou. Situat la etajul 3\/10 &icirc;ntr-un bloc construit &icirc;n 1961, are o suprafa\u021b\u0103 util\u0103 de 44,94 mp \u0219i o logie de 1,8 mp. Toate instala\u021biile au fost &icirc;nlocuite, iar imobilul...\" alt=\"\"\/>\n<\/div><!-- .ngfb-schema-image-for-pinterest -->\n\n<figure class=\"wp-block-image size-large\"><img decoding=\"async\" src=\"https:\/\/cdn.propertybook.ro\/svn_residentialist\/11023751.webp\" alt=\"\" \/><\/figure>\n<ul>\n<li><a href=\"\/bucuresti\/\">Imobiliare Bucure\u0219ti<\/a><\/li>\n<li><a href=\"\/bucuresti\/apartamente-vanzare\/2-camere\/\">Apartamente cu 2 camere de vanzare Bucure\u0219ti<\/a><\/li>\n<\/ul>\n<p><a href=\"\/bucuresti\/imobiliare-163-11023751-vanzare-apartament-2-camere-in-sector-1-zona-piata-romana\/\" class=\"pb-listing-action\">Detaliile proprietatii<\/a><\/p>\n<p><h2 class=\"wp-block-heading\">Apartament Deosebit cu 2 Camere \u00een Zona Piata Romana<\/h2>\n<p>Dac\u0103 e\u0219ti \u00een c\u0103utarea unui apartament confortabil \u0219i bine situat \u00een inima Bucure\u0219tiului, nu rata aceast\u0103 oportunitate! Situat la doar c\u00e2teva minute de mers pe jos de sta\u021bia de metrou Piata Romana, acest apartament decomandat cu 2 camere ofer\u0103 acces facil la toate facilit\u0103\u021bile necesare pentru un stil de via\u021b\u0103 urban.<\/p>\n<p>#<\/p>\n<h2 class=\"wp-block-heading\">Caracteristici \u0219i Beneficii<\/h2>\n<p>Apartamentul se afl\u0103 la etajul 3 al unui bloc construit \u00een 1961, av\u00e2nd o suprafa\u021b\u0103 util\u0103 de 44,94 mp, plus o logie de 1,8 mp, perfect\u0103 pentru momentele de relaxare. Proprietatea a fost complet renovat\u0103 acum 3-4 ani, ceea ce \u00eenseamn\u0103 c\u0103 ai parte de toate moderniz\u0103rile necesare, inclusiv noi instala\u021bii electrice, sanitare \u0219i termice. Acest lucru nu doar c\u0103 \u00eembun\u0103t\u0103\u021be\u0219te confortul, dar contribuie \u0219i la reducerea costurilor de \u00eentre\u021binere.<\/p>\n<p>Blocul \u00een care se afl\u0103 apartamentul este \u00eencadrat \u00een clasa de risc seismic 2, ceea ce \u00eei confer\u0103 o siguran\u021b\u0103 suplimentar\u0103, un aspect esen\u021bial \u00een alegerea unei locuin\u021be. De asemenea, imobilul beneficiaz\u0103 de o central\u0103 termic\u0103 de bloc, ceea ce asigur\u0103 un sistem de \u00eenc\u0103lzire eficient \u0219i cu costuri reduse.<\/p>\n<p>#<\/p>\n<h2 class=\"wp-block-heading\">Loca\u021bie Excelent\u0103<\/h2>\n<p>Zona Piata Romana este renumit\u0103 pentru via\u021ba vibrant\u0103 \u0219i atmosfera cosmopolit\u0103. Aici te po\u021bi bucura de o varietate de restaurante, cafenele \u0219i magazine, toate la \u00eendem\u00e2n\u0103. Transportul \u00een comun este excelent, iar sta\u021bia de metrou de la Piata Romana \u00ee\u021bi va oferi rapiditate \u00een deplas\u0103ri c\u0103tre alte zone ale ora\u0219ului.<\/p>\n<p>#<\/p>\n<h2 class=\"wp-block-heading\">Ideale pentru Tineri \u0219i Familii<\/h2>\n<p>Acest apartament se dovede\u0219te a fi alegerea perfect\u0103 at\u00e2t pentru tineri care doresc un spa\u021biu modern \u0219i central, c\u00e2t \u0219i pentru familii care caut\u0103 confort \u0219i accesibilitate. Fie c\u0103 vrei s\u0103 te bucuri de via\u021ba de zi cu zi a ora\u0219ului sau s\u0103 te retragi \u00een lini\u0219te \u00een propriul c\u0103min, acest apartament \u00ee\u021bi va satisface nevoile.<\/p>\n<p>\u00cen concluzie, dac\u0103 e\u0219ti \u00een c\u0103utarea unui apartament comod, bine situat \u0219i renovat, acesta este cu siguran\u021b\u0103 un loc pe care ar trebui s\u0103-l iei \u00een considerare. Oportunit\u0103\u021bile precum aceasta nu apar des, a\u0219a c\u0103 nu ezita s\u0103 programezi o vizionare \u0219i s\u0103 explorezi potentialul acestui apartament de 2 camere \u00een zona Piata Romana!<\/p>\n<p><a href=\"\/bucuresti\/imobiliare-163-11023751-vanzare-apartament-2-camere-in-sector-1-zona-piata-romana\/\" class=\"pb-listing-action\">Stabileste o vizionare<\/a><\/p>\n<ul>\n<li><a href=\"\/bucuresti\/\">Imobiliare Bucure\u0219ti<\/a><\/li>\n<li><a href=\"\/bucuresti\/apartamente-vanzare\/2-camere\/\">Apartamente cu 2 camere de vanzare Bucure\u0219ti<\/a><\/li>\n<\/ul>\n\n<!-- ngfb content-buttons begin -->\n<!-- generated on 2026-04-28T20:57:41+00:00 -->\n<div class=\"ngfb-content-buttons\">\n<div class=\"ngfb-buttons en_US\">\n<!-- Email Button --><div class=\"css-button email-button\">\n  <a href=\"mailto:?subject=Share:%20Apartament%20Decomandat%20cu%202%20Camere%20la%20Piata%20Romana%20%26%238211%3B%20Recent%20Renovated%21&body=Bucure%C8%99ti%20-%20Se%20ofer%C4%83%20spre%20v%C3%A2nzare%20un%20apartament%20renovat%20cu%202%20camere%20decomandate%20%C3%AEn%20zona%20Pia%C8%9Ba%20Roman%C4%83%2C%20la%205%20minute%20de%20sta%C8%9Bia%20de%20metrou.%20Situat%20la%20etajul%203%2F10%20%C3%AEntr-un%20bloc%20construit%20%C3%AEn%201961%2C%20are%20o%20suprafa%C8%9B%C4%83%20util%C4%83%20de%2044%2C94%20mp%20%C8%99i%20o%20logie%20de%201%2C8%20mp.%20Toate%20instala%C8%9Biile%20au%20fost%20%C3%AEnlocuite%2C%20iar%20imobilul%20dispune%20de%20central%C4%83%20termic%C4%83%20de%20bloc.%20Blocul%20este%20%C3%AEncadrat%20%C3%AEn%20clasa%20de%20risc%20seismic%202.%0D%0A%0D%0AShared%20from%20https:\/\/propertybook.ro\/blog\/apartament-decomandat-cu-2-camere-la-piata-romana-recent-renovated\/%0D%0A\">\n    <span class=\"ngfb-icon\">\n      <svg xmlns=\"http:\/\/www.w3.org\/2000\/svg\" width=\"9\" height=\"9\" viewBox=\"0 0 28 28\">\n        <path d=\"M20.11 26.147c-2.335 1.05-4.36 1.4-7.124 1.4C6.524 27.548.84 22.916.84 15.284.84 7.343 6.602.45 15.4.45c6.854 0 11.8 4.7 11.8 11.252 0 5.684-3.193 9.265-7.398 9.3-1.83 0-3.153-.934-3.347-2.997h-.077c-1.208 1.986-2.96 2.997-5.023 2.997-2.532 0-4.36-1.868-4.36-5.062 0-4.75 3.503-9.07 9.11-9.07 1.713 0 3.7.4 4.6.972l-1.17 7.203c-.387 2.298-.115 3.3 1 3.4 1.674 0 3.774-2.102 3.774-6.58 0-5.06-3.27-8.994-9.304-8.994C9.05 2.87 3.83 7.545 3.83 14.97c0 6.5 4.2 10.2 10 10.202 1.987 0 4.09-.43 5.647-1.245l.634 2.22zM16.647 10.1c-.31-.078-.7-.155-1.207-.155-2.572 0-4.596 2.53-4.596 5.53 0 1.5.7 2.4 1.9 2.4 1.44 0 2.96-1.83 3.31-4.088l.592-3.72z\" \/>\n      <\/svg>\n    <\/span>\n    <span class=\"ngfb-text\"><\/span>\n  <\/a>\n<\/div><\/div><!-- .ngfb-buttons.en_US -->\n<\/div><!-- .ngfb-content-buttons -->\n<!-- ngfb content-buttons end -->\n\n","protected":false},"excerpt":{"rendered":"<p>Bucure\u0219ti &#8211; Se ofer\u0103 spre v\u00e2nzare un apartament renovat cu 2 camere decomandate \u00een zona Pia\u021ba Roman\u0103, la 5 minute de sta\u021bia de metrou. Situat la etajul 3\/10 \u00eentr-un bloc construit \u00een 1961, are o suprafa\u021b\u0103 util\u0103 de 44,94 mp \u0219i o logie de 1,8 mp. Toate instala\u021biile au fost \u00eenlocuite, iar imobilul dispune de central\u0103 termic\u0103 de bloc. Blocul este \u00eencadrat \u00een clasa de risc seismic 2.<\/p>\n","protected":false},"author":8,"featured_media":5274,"comment_status":"open","ping_status":"open","sticky":false,"template":"","format":"standard","meta":{"footnotes":""},"categories":[52,49,47],"tags":[62,242,74,89,68,167,376,70,85],"class_list":["post-5275","post","type-post","status-publish","format-standard","has-post-thumbnail","hentry","category-apartamente-de-vanzare-bucuresti","category-oferte-imobiliare-bucuresti","category-oferte","tag-2-camere","tag-an-const-1967","tag-balcon","tag-bucuresti","tag-decomandat","tag-etaj-3-10","tag-o-baie","tag-parchet","tag-termopane"],"_links":{"self":[{"href":"https:\/\/propertybook.ro\/blog\/wp-json\/wp\/v2\/posts\/5275","targetHints":{"allow":["GET"]}}],"collection":[{"href":"https:\/\/propertybook.ro\/blog\/wp-json\/wp\/v2\/posts"}],"about":[{"href":"https:\/\/propertybook.ro\/blog\/wp-json\/wp\/v2\/types\/post"}],"author":[{"embeddable":true,"href":"https:\/\/propertybook.ro\/blog\/wp-json\/wp\/v2\/users\/8"}],"replies":[{"embeddable":true,"href":"https:\/\/propertybook.ro\/blog\/wp-json\/wp\/v2\/comments?post=5275"}],"version-history":[{"count":0,"href":"https:\/\/propertybook.ro\/blog\/wp-json\/wp\/v2\/posts\/5275\/revisions"}],"wp:featuredmedia":[{"embeddable":true,"href":"https:\/\/propertybook.ro\/blog\/wp-json\/wp\/v2\/media\/5274"}],"wp:attachment":[{"href":"https:\/\/propertybook.ro\/blog\/wp-json\/wp\/v2\/media?parent=5275"}],"wp:term":[{"taxonomy":"category","embeddable":true,"href":"https:\/\/propertybook.ro\/blog\/wp-json\/wp\/v2\/categories?post=5275"},{"taxonomy":"post_tag","embeddable":true,"href":"https:\/\/propertybook.ro\/blog\/wp-json\/wp\/v2\/tags?post=5275"}],"curies":[{"name":"wp","href":"https:\/\/api.w.org\/{rel}","templated":true}]}}