{"id":5287,"date":"2025-05-19T15:44:25","date_gmt":"2025-05-19T12:44:25","guid":{"rendered":"https:\/\/propertybook.ro\/blog\/iti-doresti-un-apartament-cozy-in-centrul-orasului-apartament-cu-2-camere-in-apropierea-pietei-mihai-viteazu\/"},"modified":"2025-05-19T15:44:25","modified_gmt":"2025-05-19T12:44:25","slug":"iti-doresti-un-apartament-cozy-in-centrul-orasului-apartament-cu-2-camere-in-apropierea-pietei-mihai-viteazu","status":"publish","type":"post","link":"https:\/\/propertybook.ro\/blog\/iti-doresti-un-apartament-cozy-in-centrul-orasului-apartament-cu-2-camere-in-apropierea-pietei-mihai-viteazu\/","title":{"rendered":"\u00ce\u021bi dore\u0219ti un apartament cozy \u00een centrul ora\u0219ului? Apartament cu 2 camere \u00een apropierea Pie\u021bei Mihai Viteazu!"},"content":{"rendered":"\n<!-- ngfb content-buttons begin -->\n<!-- generated on 2026-04-25T18:34:06+00:00 -->\n<div class=\"ngfb-content-buttons\">\n<div class=\"ngfb-buttons en_US\">\n<!-- Email Button --><div class=\"css-button email-button\">\n  <a href=\"mailto:?subject=Share:%20%C3%8E%C8%9Bi%20dore%C8%99ti%20un%20apartament%20cozy%20%C3%AEn%20centrul%20ora%C8%99ului%3F%20Apartament%20cu%202%20camere%20%C3%AEn%20apropierea%20Pie%C8%9Bei%20Mihai%20Viteazu%21&body=Cluj-Napoca%2C%20Centru%20-%20Apartament%20cu%202%20camere%20decomandate%2C%20situat%20la%20etajul%202%2C%20%C3%AEn%20zona%20central%C4%83%2C%20aproape%20de%20Pia%C8%9Ba%20Mihai%20Viteazu.%20Suprafa%C8%9Ba%20util%C4%83%20este%20de%2052%20mp%2C%20compus%20din%20dou%C4%83%20camere%2C%20buc%C4%83t%C4%83rie%20%C8%99i%20baie.%20Finisajele%20includ%20pardoseal%C4%83%20din%20parchet%20masiv%2C%20linoleum%2C%20vopsea%20lavabil%C4%83%2C%20faian%C8%9B%C4%83%20%C8%99i%20gresie%20clasic%C4%83.%20Apartamentul%20dispune%20de%20%C3%AEnc%C4%83lzire%20prin%20sob%C4%83%20de%20teracot%C4%83%20%C8%99i%20convector%2C%20fiind%20dotat%20cu%20interfon.%0D%0A%0D%0AShared%20from%20https:\/\/propertybook.ro\/blog\/iti-doresti-un-apartament-cozy-in-centrul-orasului-apartament-cu-2-camere-in-apropierea-pietei-mihai-viteazu\/%0D%0A\">\n    <span class=\"ngfb-icon\">\n      <svg xmlns=\"http:\/\/www.w3.org\/2000\/svg\" width=\"9\" height=\"9\" viewBox=\"0 0 28 28\">\n        <path d=\"M20.11 26.147c-2.335 1.05-4.36 1.4-7.124 1.4C6.524 27.548.84 22.916.84 15.284.84 7.343 6.602.45 15.4.45c6.854 0 11.8 4.7 11.8 11.252 0 5.684-3.193 9.265-7.398 9.3-1.83 0-3.153-.934-3.347-2.997h-.077c-1.208 1.986-2.96 2.997-5.023 2.997-2.532 0-4.36-1.868-4.36-5.062 0-4.75 3.503-9.07 9.11-9.07 1.713 0 3.7.4 4.6.972l-1.17 7.203c-.387 2.298-.115 3.3 1 3.4 1.674 0 3.774-2.102 3.774-6.58 0-5.06-3.27-8.994-9.304-8.994C9.05 2.87 3.83 7.545 3.83 14.97c0 6.5 4.2 10.2 10 10.202 1.987 0 4.09-.43 5.647-1.245l.634 2.22zM16.647 10.1c-.31-.078-.7-.155-1.207-.155-2.572 0-4.596 2.53-4.596 5.53 0 1.5.7 2.4 1.9 2.4 1.44 0 2.96-1.83 3.31-4.088l.592-3.72z\" \/>\n      <\/svg>\n    <\/span>\n    <span class=\"ngfb-text\"><\/span>\n  <\/a>\n<\/div><\/div><!-- .ngfb-buttons.en_US -->\n<\/div><!-- .ngfb-content-buttons -->\n<!-- ngfb content-buttons end -->\n\n<figure class=\"wp-block-image size-large\"><img decoding=\"async\" src=\"https:\/\/cdn.propertybook.ro\/napoca_imobiliare\/111250.webp\" alt=\"\" \/><\/figure>\n<ul>\n<li><a href=\"\/cluj-napoca\/\">Imobiliare Cluj-Napoca<\/a><\/li>\n<li><a href=\"\/cluj-napoca\/apartamente-vanzare\/\">Apartamente de vanzare Cluj-Napoca<\/a><\/li>\n<li><a href=\"\/cluj-napoca\/apartamente-vanzare\/2-camere\/\">Apartamente cu 2 camere de vanzare Cluj-Napoca<\/a><\/li>\n<li><a href=\"\/cluj-napoca\/apartamente-vanzare\/centru\/2-camere\/\">Apartamente cu 2 camere de vanzare Centru, Cluj-Napoca<\/a><\/li>\n<\/ul>\n<p><a href=\"\/cluj-napoca\/imobiliare-25-111250-se-vinde-apartament-2-camere-in-centru\/\" class=\"pb-listing-action\">Detaliile proprietatii<\/a><\/p>\n<p><h2 class=\"wp-block-heading\">Descoper\u0103 Apartamentul Ideal \u00een Zona Central\u0103 a Ora\u0219ului!<\/h2>\n<p>Dac\u0103 e\u0219ti \u00een c\u0103utarea unei locuin\u021be confortabile \u0219i bine amplasate, acest apartament cu 2 camere decomandate, situat aproape de Pia\u021ba Mihai Viteazu, ar putea fi alegerea perfect\u0103 pentru tine! <\/p>\n<p><h2 class=\"wp-block-heading\">Loca\u021bie Excelent\u0103<\/h2>\n<p>Amplificat \u00eentr-o zon\u0103 central\u0103, acest apartament asigur\u0103 acces rapid la toate facilit\u0103\u021bile ora\u0219ului. Fie c\u0103 vrei s\u0103 te bucuri de plimb\u0103ri f\u0103r\u0103 griji \u00een parc, s\u0103 explorezi restaurantele rafinate sau s\u0103 faci cump\u0103r\u0103turi \u00een magazinele din apropiere, totul este la c\u00e2teva minute distan\u021b\u0103. <\/p>\n<p><h2 class=\"wp-block-heading\">Detalii Despre Apartament<\/h2>\n<p>Apartamentul are o suprafa\u021b\u0103 util\u0103 de 52 mp \u0219i este situat la etajul 2 al unui imobil cu doar 2 nivele. Compartimentarea este practic\u0103 \u0219i bine g\u00e2ndit\u0103, incluz\u00e2nd:<\/p>\n<p>&#8211; **2 camere**: Spa\u021bioase \u0219i luminoase, ideale pentru un living confortabil sau un dormitor relaxant.<\/p>\n<p>&#8211; **Buc\u0103t\u0103rie**: Echipat\u0103 \u0219i preg\u0103tit\u0103 s\u0103 devin\u0103 centrul de activitate culinar\u0103.<\/p>\n<p>&#8211; **Baie**: Func\u021bional\u0103, oferind tot confortul necesar.<\/p>\n<p>&#8211; **Parcare**: O facilitate important\u0103, av\u00e2nd \u00een vedere loca\u021bia central\u0103.<\/p>\n<p><h2 class=\"wp-block-heading\">Finisaje \u0219i Dot\u0103ri<\/h2>\n<p>Finisajele apartamentului adaug\u0103 un plus de valoare \u0219i confort:<\/p>\n<p>&#8211; Parchet din lemn masiv \u0219i linoleum pe pardoseal\u0103, asigur\u00e2nd un aspect estetic pl\u0103cut.<\/p>\n<p>&#8211; Pere\u021bi vopsi\u021bi cu lavabil\u0103, combina\u021bi cu faian\u021b\u0103 \u0219i gresie de calitate.<\/p>\n<p>&#8211; Geamuri din lemn cu sticl\u0103, permit\u00e2nd luminii naturale s\u0103 inunde fiecare camer\u0103.<\/p>\n<p>&#8211; U\u0219i interioare din lemn, care completeaz\u0103 atmosfera cald\u0103 \u0219i primitoare a locuin\u021bei.<\/p>\n<p>Apartamentul este echipat cu un sistem de \u00eenc\u0103lzire pe baz\u0103 de sob\u0103 de teracot\u0103 \u0219i convector, oferind un ambient cozy \u00een timpul iernii. \u00cen plus, interfonul adaug\u0103 un nivel suplimentar de siguran\u021b\u0103 \u0219i confort.<\/p>\n<p><h2 class=\"wp-block-heading\">Concluzie<\/h2>\n<p>Acest apartament cu 2 camere pe care \u00eel prezent\u0103m se dovede\u0219te a fi o op\u021biune excelent\u0103 at\u00e2t pentru tineri profesioni\u0219ti, c\u00e2t \u0219i pentru familii care \u00ee\u0219i doresc s\u0103 tr\u0103iasc\u0103 \u00een apropierea centrului ora\u0219ului. Cu o compartimentare bine g\u00e2ndit\u0103 \u0219i finisaje de calitate, este preg\u0103tit s\u0103 devin\u0103 c\u0103minul ideal pentru noii s\u0103i locatari.<\/p>\n<p>Dac\u0103 e\u0219ti interesat de aceast\u0103 proprietate, nu ezita s\u0103 te informezi mai departe \u0219i s\u0103 \u00ee\u021bi programezi o vizionare. Un nou capitol al vie\u021bii tale te a\u0219teapt\u0103!<\/p>\n<p><a href=\"\/cluj-napoca\/imobiliare-25-111250-se-vinde-apartament-2-camere-in-centru\/\" class=\"pb-listing-action\">Stabileste o vizionare<\/a><\/p>\n<ul>\n<li><a href=\"\/cluj-napoca\/\">Imobiliare Cluj-Napoca<\/a><\/li>\n<li><a href=\"\/cluj-napoca\/apartamente-vanzare\/\">Apartamente de vanzare Cluj-Napoca<\/a><\/li>\n<li><a href=\"\/cluj-napoca\/apartamente-vanzare\/2-camere\/\">Apartamente cu 2 camere de vanzare Cluj-Napoca<\/a><\/li>\n<li><a href=\"\/cluj-napoca\/apartamente-vanzare\/centru\/2-camere\/\">Apartamente cu 2 camere de vanzare Centru, Cluj-Napoca<\/a><\/li>\n<\/ul>\n\n<!-- ngfb content-buttons begin -->\n<!-- generated on 2026-04-25T18:34:06+00:00 -->\n<div class=\"ngfb-content-buttons\">\n<div class=\"ngfb-buttons en_US\">\n<!-- Email Button --><div class=\"css-button email-button\">\n  <a href=\"mailto:?subject=Share:%20%C3%8E%C8%9Bi%20dore%C8%99ti%20un%20apartament%20cozy%20%C3%AEn%20centrul%20ora%C8%99ului%3F%20Apartament%20cu%202%20camere%20%C3%AEn%20apropierea%20Pie%C8%9Bei%20Mihai%20Viteazu%21&body=Cluj-Napoca%2C%20Centru%20-%20Apartament%20cu%202%20camere%20decomandate%2C%20situat%20la%20etajul%202%2C%20%C3%AEn%20zona%20central%C4%83%2C%20aproape%20de%20Pia%C8%9Ba%20Mihai%20Viteazu.%20Suprafa%C8%9Ba%20util%C4%83%20este%20de%2052%20mp%2C%20compus%20din%20dou%C4%83%20camere%2C%20buc%C4%83t%C4%83rie%20%C8%99i%20baie.%20Finisajele%20includ%20pardoseal%C4%83%20din%20parchet%20masiv%2C%20linoleum%2C%20vopsea%20lavabil%C4%83%2C%20faian%C8%9B%C4%83%20%C8%99i%20gresie%20clasic%C4%83.%20Apartamentul%20dispune%20de%20%C3%AEnc%C4%83lzire%20prin%20sob%C4%83%20de%20teracot%C4%83%20%C8%99i%20convector%2C%20fiind%20dotat%20cu%20interfon.%0D%0A%0D%0AShared%20from%20https:\/\/propertybook.ro\/blog\/iti-doresti-un-apartament-cozy-in-centrul-orasului-apartament-cu-2-camere-in-apropierea-pietei-mihai-viteazu\/%0D%0A\">\n    <span class=\"ngfb-icon\">\n      <svg xmlns=\"http:\/\/www.w3.org\/2000\/svg\" width=\"9\" height=\"9\" viewBox=\"0 0 28 28\">\n        <path d=\"M20.11 26.147c-2.335 1.05-4.36 1.4-7.124 1.4C6.524 27.548.84 22.916.84 15.284.84 7.343 6.602.45 15.4.45c6.854 0 11.8 4.7 11.8 11.252 0 5.684-3.193 9.265-7.398 9.3-1.83 0-3.153-.934-3.347-2.997h-.077c-1.208 1.986-2.96 2.997-5.023 2.997-2.532 0-4.36-1.868-4.36-5.062 0-4.75 3.503-9.07 9.11-9.07 1.713 0 3.7.4 4.6.972l-1.17 7.203c-.387 2.298-.115 3.3 1 3.4 1.674 0 3.774-2.102 3.774-6.58 0-5.06-3.27-8.994-9.304-8.994C9.05 2.87 3.83 7.545 3.83 14.97c0 6.5 4.2 10.2 10 10.202 1.987 0 4.09-.43 5.647-1.245l.634 2.22zM16.647 10.1c-.31-.078-.7-.155-1.207-.155-2.572 0-4.596 2.53-4.596 5.53 0 1.5.7 2.4 1.9 2.4 1.44 0 2.96-1.83 3.31-4.088l.592-3.72z\" \/>\n      <\/svg>\n    <\/span>\n    <span class=\"ngfb-text\"><\/span>\n  <\/a>\n<\/div><\/div><!-- .ngfb-buttons.en_US -->\n<\/div><!-- .ngfb-content-buttons -->\n<!-- ngfb content-buttons end -->\n\n","protected":false},"excerpt":{"rendered":"<p>Cluj-Napoca, Centru &#8211; Apartament cu 2 camere decomandate, situat la etajul 2, \u00een zona central\u0103, aproape de Pia\u021ba Mihai Viteazu. Suprafa\u021ba util\u0103 este de 52 mp, compus din dou\u0103 camere, buc\u0103t\u0103rie \u0219i baie. Finisajele includ pardoseal\u0103 din parchet masiv, linoleum, vopsea lavabil\u0103, faian\u021b\u0103 \u0219i gresie clasic\u0103. Apartamentul dispune de \u00eenc\u0103lzire prin sob\u0103 de teracot\u0103 \u0219i convector, fiind dotat cu interfon.<\/p>\n","protected":false},"author":8,"featured_media":5286,"comment_status":"open","ping_status":"open","sticky":false,"template":"","format":"standard","meta":{"footnotes":""},"categories":[50,48,47],"tags":[62,104,91,68,107,376,60,70],"class_list":["post-5287","post","type-post","status-publish","format-standard","has-post-thumbnail","hentry","category-apartamente-de-vanzare-in-cluj-napoca","category-oferte-imobiliare-in-cluj-napoca","category-oferte","tag-2-camere","tag-centru","tag-cluj-napoca","tag-decomandat","tag-etaj-2-2","tag-o-baie","tag-parcare","tag-parchet"],"_links":{"self":[{"href":"https:\/\/propertybook.ro\/blog\/wp-json\/wp\/v2\/posts\/5287","targetHints":{"allow":["GET"]}}],"collection":[{"href":"https:\/\/propertybook.ro\/blog\/wp-json\/wp\/v2\/posts"}],"about":[{"href":"https:\/\/propertybook.ro\/blog\/wp-json\/wp\/v2\/types\/post"}],"author":[{"embeddable":true,"href":"https:\/\/propertybook.ro\/blog\/wp-json\/wp\/v2\/users\/8"}],"replies":[{"embeddable":true,"href":"https:\/\/propertybook.ro\/blog\/wp-json\/wp\/v2\/comments?post=5287"}],"version-history":[{"count":0,"href":"https:\/\/propertybook.ro\/blog\/wp-json\/wp\/v2\/posts\/5287\/revisions"}],"wp:featuredmedia":[{"embeddable":true,"href":"https:\/\/propertybook.ro\/blog\/wp-json\/wp\/v2\/media\/5286"}],"wp:attachment":[{"href":"https:\/\/propertybook.ro\/blog\/wp-json\/wp\/v2\/media?parent=5287"}],"wp:term":[{"taxonomy":"category","embeddable":true,"href":"https:\/\/propertybook.ro\/blog\/wp-json\/wp\/v2\/categories?post=5287"},{"taxonomy":"post_tag","embeddable":true,"href":"https:\/\/propertybook.ro\/blog\/wp-json\/wp\/v2\/tags?post=5287"}],"curies":[{"name":"wp","href":"https:\/\/api.w.org\/{rel}","templated":true}]}}