{"id":5301,"date":"2025-05-20T15:44:29","date_gmt":"2025-05-20T12:44:29","guid":{"rendered":"https:\/\/propertybook.ro\/blog\/apartament-modern-cu-2-camere-in-ansamblul-rezidential-aviatiei-park-confort-si-eleganta-in-inima-bucurestiului\/"},"modified":"2025-05-20T15:44:29","modified_gmt":"2025-05-20T12:44:29","slug":"apartament-modern-cu-2-camere-in-ansamblul-rezidential-aviatiei-park-confort-si-eleganta-in-inima-bucurestiului","status":"publish","type":"post","link":"https:\/\/propertybook.ro\/blog\/apartament-modern-cu-2-camere-in-ansamblul-rezidential-aviatiei-park-confort-si-eleganta-in-inima-bucurestiului\/","title":{"rendered":"Apartament Modern cu 2 Camere \u00een Ansamblul Reziden\u021bial Avia\u021biei Park \u2013 Confort \u0219i Elegan\u021b\u0103 \u00een Inima Bucure\u0219tiului"},"content":{"rendered":"\n<!-- ngfb content-buttons begin -->\n<!-- generated on 2026-05-01T19:07:06+00:00 -->\n<div class=\"ngfb-content-buttons\">\n<div class=\"ngfb-buttons en_US\">\n<!-- Email Button --><div class=\"css-button email-button\">\n  <a href=\"mailto:?subject=Share:%20Apartament%20Modern%20cu%202%20Camere%20%C3%AEn%20Ansamblul%20Reziden%C8%9Bial%20Avia%C8%9Biei%20Park%20%E2%80%93%20Confort%20%C8%99i%20Elegan%C8%9B%C4%83%20%C3%AEn%20Inima%20Bucure%C8%99tiului&body=Bucure%C8%99ti%2C%20Avia%C8%9Biei%20-%20Apartamentul%20modern%20cu%202%20camere%2C%20situat%20%C3%AEn%20ansamblul%20Avia%C8%9Biei%20Park%2C%20ofer%C4%83%2053%2C05%20mp%20utili%20%C8%99i%20un%20balcon%20spa%C8%9Bios.%20Este%20complet%20mobilat%2C%20cu%20finisaje%20premium%20%C8%99i%20geamuri%20tripan%20pentru%20izola%C8%9Bie%20eficient%C4%83.%20Complexul%20se%20bucur%C4%83%20de%20arhitectur%C4%83%20inovatoare%2C%20spa%C8%9Bii%20verzi%20ample%20%C8%99i%20acces%20rapid%20la%20zone%20comerciale%20%C8%99i%20Parcul%20Her%C4%83str%C4%83u.%20Designul%20contemporan%20%C8%99i%20facilit%C4%83%C8%9Bile%20moderne%20asigur%C4%83%20un%20stil%20de%20via%C8%9B%C4%83%20confortabil%20%C8%99i%20elegant%20%C3%AEn%20nordul%20Bucure%C8%99tiului.%0D%0A%0D%0AShared%20from%20https:\/\/propertybook.ro\/blog\/apartament-modern-cu-2-camere-in-ansamblul-rezidential-aviatiei-park-confort-si-eleganta-in-inima-bucurestiului\/%0D%0A\">\n    <span class=\"ngfb-icon\">\n      <svg xmlns=\"http:\/\/www.w3.org\/2000\/svg\" width=\"9\" height=\"9\" viewBox=\"0 0 28 28\">\n        <path d=\"M20.11 26.147c-2.335 1.05-4.36 1.4-7.124 1.4C6.524 27.548.84 22.916.84 15.284.84 7.343 6.602.45 15.4.45c6.854 0 11.8 4.7 11.8 11.252 0 5.684-3.193 9.265-7.398 9.3-1.83 0-3.153-.934-3.347-2.997h-.077c-1.208 1.986-2.96 2.997-5.023 2.997-2.532 0-4.36-1.868-4.36-5.062 0-4.75 3.503-9.07 9.11-9.07 1.713 0 3.7.4 4.6.972l-1.17 7.203c-.387 2.298-.115 3.3 1 3.4 1.674 0 3.774-2.102 3.774-6.58 0-5.06-3.27-8.994-9.304-8.994C9.05 2.87 3.83 7.545 3.83 14.97c0 6.5 4.2 10.2 10 10.202 1.987 0 4.09-.43 5.647-1.245l.634 2.22zM16.647 10.1c-.31-.078-.7-.155-1.207-.155-2.572 0-4.596 2.53-4.596 5.53 0 1.5.7 2.4 1.9 2.4 1.44 0 2.96-1.83 3.31-4.088l.592-3.72z\" \/>\n      <\/svg>\n    <\/span>\n    <span class=\"ngfb-text\"><\/span>\n  <\/a>\n<\/div><\/div><!-- .ngfb-buttons.en_US -->\n<\/div><!-- .ngfb-content-buttons -->\n<!-- ngfb content-buttons end -->\n\n\n<!-- ngfb schema image for pinterest pin it button -->\n<div class=\"ngfb-schema-image-for-pinterest\" style=\"display:none;\">\n<img loading=\"lazy\" decoding=\"async\" src=\"https:\/\/propertybook.ro\/blog\/wp-content\/uploads\/2025\/05\/2547183.webp\" width=\"0\" height=\"0\" style=\"width:0;height:0;\" data-pin-description=\"Bucure\u0219ti, Avia\u021biei - Apartamentul modern cu 2 camere, situat &icirc;n ansamblul Avia\u021biei Park, ofer\u0103 53,05 mp utili \u0219i un balcon spa\u021bios. Este complet mobilat, cu finisaje premium \u0219i geamuri tripan pentru izola\u021bie eficient\u0103. Complexul se bucur\u0103 de arhitectur\u0103 inovatoare, spa\u021bii verzi ample \u0219i acces...\" alt=\"\"\/>\n<\/div><!-- .ngfb-schema-image-for-pinterest -->\n\n<figure class=\"wp-block-image size-large\"><img decoding=\"async\" src=\"https:\/\/cdn.propertybook.ro\/agentia-imobiliara.ro\/2547183.webp\" alt=\"\" \/><\/figure>\n<ul>\n<li><a href=\"\/bucuresti\/\">Imobiliare Bucure\u0219ti<\/a><\/li>\n<li><a href=\"\/bucuresti\/apartamente-vanzare\/\">Apartamente de vanzare Bucure\u0219ti<\/a><\/li>\n<li><a href=\"\/bucuresti\/apartamente-vanzare\/2-camere\/\">Apartamente cu 2 camere de vanzare Bucure\u0219ti<\/a><\/li>\n<li><a href=\"\/bucuresti\/apartamente-vanzare\/aviatiei\/2-camere\/\">Apartamente cu 2 camere de vanzare Avia\u021biei, Bucure\u0219ti<\/a><\/li>\n<\/ul>\n<p><a href=\"\/bucuresti\/imobiliare-184-2547183-2-camere-mobilat-premium-aviatiei-park\/\" class=\"pb-listing-action\">Detaliile proprietatii<\/a><\/p>\n<p><h2 class=\"wp-block-heading\">Descoper\u0103 confortul modern \u00een ansamblul reziden\u021bial Avia\u021biei Park<\/h2>\n<p>\u00cen c\u0103utarea unui apartament care \u00eembin\u0103 elegan\u021ba contemporan\u0103 cu func\u021bionalitatea? Avia\u021biei Park, situat \u00een sectorul 1 al Bucure\u0219tiului, ofer\u0103 o oportunitate unic\u0103 pentru cei care doresc s\u0103 se bucure de un stil de via\u021b\u0103 modern \u0219i confortabil.<\/p>\n<p><h2 class=\"wp-block-heading\">Apartamentul ideal pentru tine<\/h2>\n<p>Unul dintre apartamentele disponibile \u00een acest complex impresionant este un apartament cu 2 camere, care reu\u0219e\u0219te s\u0103 r\u0103spund\u0103 tuturor a\u0219tept\u0103rilor. Cu o suprafa\u021b\u0103 util\u0103 de 53,05 mp \u0219i un balcon de 5,08 mp, acest spa\u021biu este perfect pentru cei care doresc s\u0103 se bucure de lumina natural\u0103 datorit\u0103 suprafe\u021belor vitrate mari.<\/p>\n<p>Configurarea semidecomandat\u0103, complet mobilat\u0103 \u0219i utilat\u0103, aduce un aer modern, iar finisajele premium, inclusiv parchetul triplustratificat, contribuie la un mediu de locuit pl\u0103cut. Dormitorul, generos \u0219i prev\u0103zut cu multiple solu\u021bii de depozitare, ofer\u0103 un refugiu lini\u0219tit, \u00een timp ce baia modern\u0103 completeaz\u0103 confortul acestui apartament.<\/p>\n<p><h2 class=\"wp-block-heading\">Confortul la superlativ<\/h2>\n<p>Unul dintre cele mai mari avantaje ale acestui apartament este sistemul de \u00eenc\u0103lzire centralizat, care ofer\u0103 confort \u00een fiecare sezon. \u00cen plus, tampl\u0103ria din aluminiu cu geamuri tripan asigur\u0103 o izola\u021bie excelent\u0103, at\u00e2t termic\u0103, c\u00e2t \u0219i fonic\u0103, iar fa\u021bada ventilat\u0103 a cl\u0103dirii diminueaz\u0103 costurile de \u00eentre\u021binere \u0219i \u00eembun\u0103t\u0103\u021be\u0219te eficien\u021ba energetic\u0103.<\/p>\n<p><h2 class=\"wp-block-heading\">Un ansamblu reziden\u021bial de excep\u021bie<\/h2>\n<p>Ansamblul Avia\u021biei Park nu este doar o cl\u0103dire reziden\u021bial\u0103, ci un adev\u0103rat stil de via\u021b\u0103. Cu o arhitectur\u0103 inovatoare \u0219i spa\u021bii verzi ce se \u00eentind pe 11.000 mp, re\u0219edin\u021ba ofer\u0103 un refugiu \u00een mijlocul agita\u021biei urbane. Zona beneficiaz\u0103 de amenaj\u0103ri peisagistice deosebite, cum ar fi gr\u0103dini, alei pietonale \u0219i locuri de relaxare, ideale pentru activit\u0103\u021bi \u00een aer liber.<\/p>\n<p><h2 class=\"wp-block-heading\">Localizare privilegiat\u0103<\/h2>\n<p>Una dintre caracteristicile remarcabile ale acestui complex este accesibilitatea. Situat la doar c\u00e2teva minute de Parcul Her\u0103str\u0103u, \u00een apropierea unor centre comerciale precum Promenada Mall \u0219i B\u0103neasa Shopping Center, Avia\u021biei Park ofer\u0103 reziden\u021bilor s\u0103i tot ce au nevoie pentru un stil de via\u021b\u0103 confortabil. Transportul public este de asemenea la \u00eendem\u00e2n\u0103, cu sta\u021bia de metrou Aurel Vlaicu situat\u0103 la doar 15 minute de mers pe jos.<\/p>\n<h2 class=\"wp-block-heading\">Concluzie<\/h2>\n<p>\u00cen concluzie, apartamentul din ansamblul reziden\u021bial Avia\u021biei Park este solu\u021bia ideal\u0103 pentru cei care caut\u0103 un mediu modern, elegant \u0219i bine conectat. Cu toate facilit\u0103\u021bile de care ai nevoie la \u00eendem\u00e2n\u0103, acest imobil promite un stil de via\u021b\u0103 echilibrat, \u00een inima capitalei. Nu rata ocazia de a deveni parte din aceast\u0103 comunitate vibrant\u0103!<\/p>\n<p><a href=\"\/bucuresti\/imobiliare-184-2547183-2-camere-mobilat-premium-aviatiei-park\/\" class=\"pb-listing-action\">Stabileste o vizionare<\/a><\/p>\n<ul>\n<li><a href=\"\/bucuresti\/\">Imobiliare Bucure\u0219ti<\/a><\/li>\n<li><a href=\"\/bucuresti\/apartamente-vanzare\/\">Apartamente de vanzare Bucure\u0219ti<\/a><\/li>\n<li><a href=\"\/bucuresti\/apartamente-vanzare\/2-camere\/\">Apartamente cu 2 camere de vanzare Bucure\u0219ti<\/a><\/li>\n<li><a href=\"\/bucuresti\/apartamente-vanzare\/aviatiei\/2-camere\/\">Apartamente cu 2 camere de vanzare Avia\u021biei, Bucure\u0219ti<\/a><\/li>\n<\/ul>\n\n<!-- ngfb content-buttons begin -->\n<!-- generated on 2026-05-01T19:07:06+00:00 -->\n<div class=\"ngfb-content-buttons\">\n<div class=\"ngfb-buttons en_US\">\n<!-- Email Button --><div class=\"css-button email-button\">\n  <a href=\"mailto:?subject=Share:%20Apartament%20Modern%20cu%202%20Camere%20%C3%AEn%20Ansamblul%20Reziden%C8%9Bial%20Avia%C8%9Biei%20Park%20%E2%80%93%20Confort%20%C8%99i%20Elegan%C8%9B%C4%83%20%C3%AEn%20Inima%20Bucure%C8%99tiului&body=Bucure%C8%99ti%2C%20Avia%C8%9Biei%20-%20Apartamentul%20modern%20cu%202%20camere%2C%20situat%20%C3%AEn%20ansamblul%20Avia%C8%9Biei%20Park%2C%20ofer%C4%83%2053%2C05%20mp%20utili%20%C8%99i%20un%20balcon%20spa%C8%9Bios.%20Este%20complet%20mobilat%2C%20cu%20finisaje%20premium%20%C8%99i%20geamuri%20tripan%20pentru%20izola%C8%9Bie%20eficient%C4%83.%20Complexul%20se%20bucur%C4%83%20de%20arhitectur%C4%83%20inovatoare%2C%20spa%C8%9Bii%20verzi%20ample%20%C8%99i%20acces%20rapid%20la%20zone%20comerciale%20%C8%99i%20Parcul%20Her%C4%83str%C4%83u.%20Designul%20contemporan%20%C8%99i%20facilit%C4%83%C8%9Bile%20moderne%20asigur%C4%83%20un%20stil%20de%20via%C8%9B%C4%83%20confortabil%20%C8%99i%20elegant%20%C3%AEn%20nordul%20Bucure%C8%99tiului.%0D%0A%0D%0AShared%20from%20https:\/\/propertybook.ro\/blog\/apartament-modern-cu-2-camere-in-ansamblul-rezidential-aviatiei-park-confort-si-eleganta-in-inima-bucurestiului\/%0D%0A\">\n    <span class=\"ngfb-icon\">\n      <svg xmlns=\"http:\/\/www.w3.org\/2000\/svg\" width=\"9\" height=\"9\" viewBox=\"0 0 28 28\">\n        <path d=\"M20.11 26.147c-2.335 1.05-4.36 1.4-7.124 1.4C6.524 27.548.84 22.916.84 15.284.84 7.343 6.602.45 15.4.45c6.854 0 11.8 4.7 11.8 11.252 0 5.684-3.193 9.265-7.398 9.3-1.83 0-3.153-.934-3.347-2.997h-.077c-1.208 1.986-2.96 2.997-5.023 2.997-2.532 0-4.36-1.868-4.36-5.062 0-4.75 3.503-9.07 9.11-9.07 1.713 0 3.7.4 4.6.972l-1.17 7.203c-.387 2.298-.115 3.3 1 3.4 1.674 0 3.774-2.102 3.774-6.58 0-5.06-3.27-8.994-9.304-8.994C9.05 2.87 3.83 7.545 3.83 14.97c0 6.5 4.2 10.2 10 10.202 1.987 0 4.09-.43 5.647-1.245l.634 2.22zM16.647 10.1c-.31-.078-.7-.155-1.207-.155-2.572 0-4.596 2.53-4.596 5.53 0 1.5.7 2.4 1.9 2.4 1.44 0 2.96-1.83 3.31-4.088l.592-3.72z\" \/>\n      <\/svg>\n    <\/span>\n    <span class=\"ngfb-text\"><\/span>\n  <\/a>\n<\/div><\/div><!-- .ngfb-buttons.en_US -->\n<\/div><!-- .ngfb-content-buttons -->\n<!-- ngfb content-buttons end -->\n\n","protected":false},"excerpt":{"rendered":"<p>Bucure\u0219ti, Avia\u021biei &#8211; Apartamentul modern cu 2 camere, situat \u00een ansamblul Avia\u021biei Park, ofer\u0103 53,05 mp utili \u0219i un balcon spa\u021bios. Este complet mobilat, cu finisaje premium \u0219i geamuri tripan pentru izola\u021bie eficient\u0103. Complexul se bucur\u0103 de arhitectur\u0103 inovatoare, spa\u021bii verzi ample \u0219i acces rapid la zone comerciale \u0219i Parcul Her\u0103str\u0103u. Designul contemporan \u0219i facilit\u0103\u021bile moderne asigur\u0103 un stil de via\u021b\u0103 confortabil \u0219i elegant \u00een nordul Bucure\u0219tiului.<\/p>\n","protected":false},"author":8,"featured_media":5300,"comment_status":"open","ping_status":"open","sticky":false,"template":"","format":"standard","meta":{"footnotes":""},"categories":[52,49,47],"tags":[62,207,204,74,89,296,376,70,63],"class_list":["post-5301","post","type-post","status-publish","format-standard","has-post-thumbnail","hentry","category-apartamente-de-vanzare-bucuresti","category-oferte-imobiliare-bucuresti","category-oferte","tag-2-camere","tag-an-const-2020","tag-aviatiei","tag-balcon","tag-bucuresti","tag-etaj-8-11","tag-o-baie","tag-parchet","tag-semidecomandat"],"_links":{"self":[{"href":"https:\/\/propertybook.ro\/blog\/wp-json\/wp\/v2\/posts\/5301","targetHints":{"allow":["GET"]}}],"collection":[{"href":"https:\/\/propertybook.ro\/blog\/wp-json\/wp\/v2\/posts"}],"about":[{"href":"https:\/\/propertybook.ro\/blog\/wp-json\/wp\/v2\/types\/post"}],"author":[{"embeddable":true,"href":"https:\/\/propertybook.ro\/blog\/wp-json\/wp\/v2\/users\/8"}],"replies":[{"embeddable":true,"href":"https:\/\/propertybook.ro\/blog\/wp-json\/wp\/v2\/comments?post=5301"}],"version-history":[{"count":0,"href":"https:\/\/propertybook.ro\/blog\/wp-json\/wp\/v2\/posts\/5301\/revisions"}],"wp:featuredmedia":[{"embeddable":true,"href":"https:\/\/propertybook.ro\/blog\/wp-json\/wp\/v2\/media\/5300"}],"wp:attachment":[{"href":"https:\/\/propertybook.ro\/blog\/wp-json\/wp\/v2\/media?parent=5301"}],"wp:term":[{"taxonomy":"category","embeddable":true,"href":"https:\/\/propertybook.ro\/blog\/wp-json\/wp\/v2\/categories?post=5301"},{"taxonomy":"post_tag","embeddable":true,"href":"https:\/\/propertybook.ro\/blog\/wp-json\/wp\/v2\/tags?post=5301"}],"curies":[{"name":"wp","href":"https:\/\/api.w.org\/{rel}","templated":true}]}}