{"id":5311,"date":"2025-05-21T11:44:31","date_gmt":"2025-05-21T08:44:31","guid":{"rendered":"https:\/\/propertybook.ro\/blog\/apartament-decomandat-cu-balcon-panoramic-in-manastur-locatie-premium\/"},"modified":"2025-05-21T11:44:31","modified_gmt":"2025-05-21T08:44:31","slug":"apartament-decomandat-cu-balcon-panoramic-in-manastur-locatie-premium","status":"publish","type":"post","link":"https:\/\/propertybook.ro\/blog\/apartament-decomandat-cu-balcon-panoramic-in-manastur-locatie-premium\/","title":{"rendered":"Apartament Decomandat cu Balcon Panoramic \u00een M\u0103n\u0103\u0219tur &#8211; Loca\u021bie Premium!"},"content":{"rendered":"\n<!-- ngfb content-buttons begin -->\n<!-- generated on 2026-04-22T16:28:51+00:00 -->\n<div class=\"ngfb-content-buttons\">\n<div class=\"ngfb-buttons en_US\">\n<!-- Email Button --><div class=\"css-button email-button\">\n  <a href=\"mailto:?subject=Share:%20Apartament%20Decomandat%20cu%20Balcon%20Panoramic%20%C3%AEn%20M%C4%83n%C4%83%C8%99tur%20%26%238211%3B%20Loca%C8%9Bie%20Premium%21&body=Cluj-Napoca%2C%20M%C4%83n%C4%83%C8%99tur%20-%20Apartament%20decomandat%20cu%202%20camere%2C%20situat%20pe%20Strada%20Prim%C4%83verii%2C%20M%C4%83n%C4%83%C8%99tur.%20Cu%20o%20suprafa%C8%9B%C4%83%20util%C4%83%20de%2045%20mp%20%C8%99i%20balcon%20de%207%2C5%20mp%2C%20ofer%C4%83%20lumina%20natural%C4%83%20%C8%99i%20intimitate.%20Beneficiaz%C4%83%20de%20central%C4%83%20termic%C4%83%20proprie%2C%20lift%20modernizat%20%C8%99i%20supraveghere%20video%2024%2F7.%20%C3%8En%20apropierea%20transportului%20public%2C%20magazinelor%20%C8%99i%20institu%C8%9Biilor%20de%20%C3%AEnv%C4%83%C8%9B%C4%83m%C3%A2nt.%20Necesit%C4%83%20renov%C4%83ri%2C%20oferind%20oportunitatea%20de%20a-l%20personaliza%20dup%C4%83%20preferin%C8%9Be.%20Ideal%20pentru%20cupluri%20sau%20familii.%0D%0A%0D%0AShared%20from%20https:\/\/propertybook.ro\/blog\/apartament-decomandat-cu-balcon-panoramic-in-manastur-locatie-premium\/%0D%0A\">\n    <span class=\"ngfb-icon\">\n      <svg xmlns=\"http:\/\/www.w3.org\/2000\/svg\" width=\"9\" height=\"9\" viewBox=\"0 0 28 28\">\n        <path d=\"M20.11 26.147c-2.335 1.05-4.36 1.4-7.124 1.4C6.524 27.548.84 22.916.84 15.284.84 7.343 6.602.45 15.4.45c6.854 0 11.8 4.7 11.8 11.252 0 5.684-3.193 9.265-7.398 9.3-1.83 0-3.153-.934-3.347-2.997h-.077c-1.208 1.986-2.96 2.997-5.023 2.997-2.532 0-4.36-1.868-4.36-5.062 0-4.75 3.503-9.07 9.11-9.07 1.713 0 3.7.4 4.6.972l-1.17 7.203c-.387 2.298-.115 3.3 1 3.4 1.674 0 3.774-2.102 3.774-6.58 0-5.06-3.27-8.994-9.304-8.994C9.05 2.87 3.83 7.545 3.83 14.97c0 6.5 4.2 10.2 10 10.202 1.987 0 4.09-.43 5.647-1.245l.634 2.22zM16.647 10.1c-.31-.078-.7-.155-1.207-.155-2.572 0-4.596 2.53-4.596 5.53 0 1.5.7 2.4 1.9 2.4 1.44 0 2.96-1.83 3.31-4.088l.592-3.72z\" \/>\n      <\/svg>\n    <\/span>\n    <span class=\"ngfb-text\"><\/span>\n  <\/a>\n<\/div><\/div><!-- .ngfb-buttons.en_US -->\n<\/div><!-- .ngfb-content-buttons -->\n<!-- ngfb content-buttons end -->\n\n\n<!-- ngfb schema image for pinterest pin it button -->\n<div class=\"ngfb-schema-image-for-pinterest\" style=\"display:none;\">\n<img loading=\"lazy\" decoding=\"async\" src=\"https:\/\/propertybook.ro\/blog\/wp-content\/uploads\/2025\/05\/2547915.webp\" width=\"0\" height=\"0\" style=\"width:0;height:0;\" data-pin-description=\"Cluj-Napoca, M\u0103n\u0103\u0219tur - Apartament decomandat cu 2 camere, situat pe Strada Prim\u0103verii, M\u0103n\u0103\u0219tur. Cu o suprafa\u021b\u0103 util\u0103 de 45 mp \u0219i balcon de 7,5 mp, ofer\u0103 lumina natural\u0103 \u0219i intimitate. Beneficiaz\u0103 de central\u0103 termic\u0103 proprie, lift modernizat \u0219i supraveghere video 24\/7. &Icirc;n apropierea...\" alt=\"\"\/>\n<\/div><!-- .ngfb-schema-image-for-pinterest -->\n\n<figure class=\"wp-block-image size-large\"><img decoding=\"async\" src=\"https:\/\/cdn.propertybook.ro\/habitas\/2547915.webp\" alt=\"\" \/><\/figure>\n<ul>\n<li><a href=\"\/cluj-napoca\/\">Imobiliare Cluj-Napoca<\/a><\/li>\n<li><a href=\"\/cluj-napoca\/apartamente-vanzare\/\">Apartamente de vanzare Cluj-Napoca<\/a><\/li>\n<li><a href=\"\/cluj-napoca\/apartamente-vanzare\/2-camere\/\">Apartamente cu 2 camere de vanzare Cluj-Napoca<\/a><\/li>\n<li><a href=\"\/cluj-napoca\/apartamente-vanzare\/manastur\/2-camere\/\">Apartamente cu 2 camere de vanzare M\u0103n\u0103\u0219tur, Cluj-Napoca<\/a><\/li>\n<\/ul>\n<p><a href=\"\/cluj-napoca\/imobiliare-31-2547915-apartament-2-camere-decomandat-primaverii-manastur-0-comision\/\" class=\"pb-listing-action\">Detaliile proprietatii<\/a><\/p>\n<p><h2 class=\"wp-block-heading\">Descoper\u0103 Apartamentul Ideal \u00een M\u0103n\u0103\u0219tur<\/h2>\n<p>Dac\u0103 e\u0219ti \u00een c\u0103utarea unui apartament cu adev\u0103rat special, \u00een inima M\u0103n\u0103\u0219turului, avem o propunere care cu siguran\u021b\u0103 \u00ee\u021bi va atrage aten\u021bia. Situat pe Strada Prim\u0103verii, acest apartament cu 2 camere decomandate ofer\u0103 nu doar un spa\u021biu confortabil, ci \u0219i o loca\u021bie premium cu acces facil la toate facilit\u0103\u021bile necesare.<\/p>\n<p><h2 class=\"wp-block-heading\">Caracteristici \u0219i Beneficii<\/h2>\n<p>Apartamentul dispune de o suprafa\u021b\u0103 util\u0103 de 45 mp, completat\u0103 de un balcon generos de 7,5 mp, ideal pentru a savura dimine\u021bile \u00eensorite sau serile romantice. Situat la etajul 7 al unui bloc reabilitat \u0219i izolat termic, proprietatea se bucur\u0103 de o priveli\u0219te panoramic\u0103, f\u0103r\u0103 alte blocuri care s\u0103 opreasc\u0103 lumina natural\u0103. Este important de men\u021bionat c\u0103, de\u0219i este un apartament ce necesit\u0103 unele renov\u0103ri, acest lucru \u00ee\u021bi ofer\u0103 ocazia perfect\u0103 de a-l transforma \u00een c\u0103minul visurilor tale.<\/p>\n<p><h2 class=\"wp-block-heading\">Compartimentare Inteligent\u0103<\/h2>\n<p>Proiectat cu o compartimentare decomandat\u0103, apartamentul asigur\u0103 intimitate \u0219i func\u021bionalitate optim\u0103. Buc\u0103t\u0103ria spa\u021bioas\u0103 \u0219i cele dou\u0103 camere sunt perfecte at\u00e2t pentru cupluri, c\u00e2t \u0219i pentru familii. Fiecare col\u021bi\u0219or este g\u00e2ndit pentru a maximiza confortul \u0219i pentru a oferi un mediu cald \u0219i primitor.<\/p>\n<p><h2 class=\"wp-block-heading\">Confort Termic<\/h2>\n<p>Cu o central\u0103 termic\u0103 proprie, ai control total asupra confortului termic al locuin\u021bei tale. Aceasta, \u00eempreun\u0103 cu izolarea termic\u0103 a blocului, poate conduce la economii semnificative la \u00eentre\u021binere.<\/p>\n<p><h2 class=\"wp-block-heading\">Siguran\u021b\u0103 \u0219i Accesibilitate<\/h2>\n<p>Siguran\u021ba este o prioritate, iar acest apartament nu dezam\u0103ge\u0219te: blocul dispune de supraveghere video 24\/7 \u0219i interfon, oferind lini\u0219tea de care ai nevoie. \u00cen plus, accesul la transportul public, magazine, pie\u021be, farmacii \u0219i centre comerciale este extrem de facil. De asemenea, apropierea de \u0219coli \u0219i gr\u0103dini\u021be face ca aceast\u0103 proprietate s\u0103 fie una ideal\u0103 pentru familii.<\/p>\n<p><h2 class=\"wp-block-heading\">Oportunitate Unic\u0103<\/h2>\n<p>\u00cen concluzie, acest apartament din M\u0103n\u0103\u0219tur reprezint\u0103 o oportunitate rar\u0103 de a investi \u00eentr-o proprietate situat\u0103 \u00eentr-o zon\u0103 c\u0103utat\u0103, cu un poten\u021bial real de transformare. Nu rata \u0219ansa de a-l viziona \u0219i de a descoperi toate avantajele pe care le ofer\u0103!<\/p>\n<p>Fie c\u0103 e\u0219ti \u00een c\u0103utarea unei locuin\u021be pentru tine sau vrei s\u0103 investe\u0219ti \u00eentr-un imobil promi\u021b\u0103tor, acest apartament merit\u0103 toat\u0103 aten\u021bia. Transforma-l \u00een c\u0103minul t\u0103u perfect!<\/p>\n<p><a href=\"\/cluj-napoca\/imobiliare-31-2547915-apartament-2-camere-decomandat-primaverii-manastur-0-comision\/\" class=\"pb-listing-action\">Stabileste o vizionare<\/a><\/p>\n<ul>\n<li><a href=\"\/cluj-napoca\/\">Imobiliare Cluj-Napoca<\/a><\/li>\n<li><a href=\"\/cluj-napoca\/apartamente-vanzare\/\">Apartamente de vanzare Cluj-Napoca<\/a><\/li>\n<li><a href=\"\/cluj-napoca\/apartamente-vanzare\/2-camere\/\">Apartamente cu 2 camere de vanzare Cluj-Napoca<\/a><\/li>\n<li><a href=\"\/cluj-napoca\/apartamente-vanzare\/manastur\/2-camere\/\">Apartamente cu 2 camere de vanzare M\u0103n\u0103\u0219tur, Cluj-Napoca<\/a><\/li>\n<\/ul>\n\n<!-- ngfb content-buttons begin -->\n<!-- generated on 2026-04-22T16:28:51+00:00 -->\n<div class=\"ngfb-content-buttons\">\n<div class=\"ngfb-buttons en_US\">\n<!-- Email Button --><div class=\"css-button email-button\">\n  <a href=\"mailto:?subject=Share:%20Apartament%20Decomandat%20cu%20Balcon%20Panoramic%20%C3%AEn%20M%C4%83n%C4%83%C8%99tur%20%26%238211%3B%20Loca%C8%9Bie%20Premium%21&body=Cluj-Napoca%2C%20M%C4%83n%C4%83%C8%99tur%20-%20Apartament%20decomandat%20cu%202%20camere%2C%20situat%20pe%20Strada%20Prim%C4%83verii%2C%20M%C4%83n%C4%83%C8%99tur.%20Cu%20o%20suprafa%C8%9B%C4%83%20util%C4%83%20de%2045%20mp%20%C8%99i%20balcon%20de%207%2C5%20mp%2C%20ofer%C4%83%20lumina%20natural%C4%83%20%C8%99i%20intimitate.%20Beneficiaz%C4%83%20de%20central%C4%83%20termic%C4%83%20proprie%2C%20lift%20modernizat%20%C8%99i%20supraveghere%20video%2024%2F7.%20%C3%8En%20apropierea%20transportului%20public%2C%20magazinelor%20%C8%99i%20institu%C8%9Biilor%20de%20%C3%AEnv%C4%83%C8%9B%C4%83m%C3%A2nt.%20Necesit%C4%83%20renov%C4%83ri%2C%20oferind%20oportunitatea%20de%20a-l%20personaliza%20dup%C4%83%20preferin%C8%9Be.%20Ideal%20pentru%20cupluri%20sau%20familii.%0D%0A%0D%0AShared%20from%20https:\/\/propertybook.ro\/blog\/apartament-decomandat-cu-balcon-panoramic-in-manastur-locatie-premium\/%0D%0A\">\n    <span class=\"ngfb-icon\">\n      <svg xmlns=\"http:\/\/www.w3.org\/2000\/svg\" width=\"9\" height=\"9\" viewBox=\"0 0 28 28\">\n        <path d=\"M20.11 26.147c-2.335 1.05-4.36 1.4-7.124 1.4C6.524 27.548.84 22.916.84 15.284.84 7.343 6.602.45 15.4.45c6.854 0 11.8 4.7 11.8 11.252 0 5.684-3.193 9.265-7.398 9.3-1.83 0-3.153-.934-3.347-2.997h-.077c-1.208 1.986-2.96 2.997-5.023 2.997-2.532 0-4.36-1.868-4.36-5.062 0-4.75 3.503-9.07 9.11-9.07 1.713 0 3.7.4 4.6.972l-1.17 7.203c-.387 2.298-.115 3.3 1 3.4 1.674 0 3.774-2.102 3.774-6.58 0-5.06-3.27-8.994-9.304-8.994C9.05 2.87 3.83 7.545 3.83 14.97c0 6.5 4.2 10.2 10 10.202 1.987 0 4.09-.43 5.647-1.245l.634 2.22zM16.647 10.1c-.31-.078-.7-.155-1.207-.155-2.572 0-4.596 2.53-4.596 5.53 0 1.5.7 2.4 1.9 2.4 1.44 0 2.96-1.83 3.31-4.088l.592-3.72z\" \/>\n      <\/svg>\n    <\/span>\n    <span class=\"ngfb-text\"><\/span>\n  <\/a>\n<\/div><\/div><!-- .ngfb-buttons.en_US -->\n<\/div><!-- .ngfb-content-buttons -->\n<!-- ngfb content-buttons end -->\n\n","protected":false},"excerpt":{"rendered":"<p>Cluj-Napoca, M\u0103n\u0103\u0219tur &#8211; Apartament decomandat cu 2 camere, situat pe Strada Prim\u0103verii, M\u0103n\u0103\u0219tur. Cu o suprafa\u021b\u0103 util\u0103 de 45 mp \u0219i balcon de 7,5 mp, ofer\u0103 lumina natural\u0103 \u0219i intimitate. Beneficiaz\u0103 de central\u0103 termic\u0103 proprie, lift modernizat \u0219i supraveghere video 24\/7. \u00cen apropierea transportului public, magazinelor \u0219i institu\u021biilor de \u00eenv\u0103\u021b\u0103m\u00e2nt. Necesit\u0103 renov\u0103ri, oferind oportunitatea de a-l personaliza dup\u0103 preferin\u021be. Ideal pentru cupluri sau familii.<\/p>\n","protected":false},"author":8,"featured_media":5310,"comment_status":"open","ping_status":"open","sticky":false,"template":"","format":"standard","meta":{"footnotes":""},"categories":[50,48,47],"tags":[62,273,74,91,68,305,123,376],"class_list":["post-5311","post","type-post","status-publish","format-standard","has-post-thumbnail","hentry","category-apartamente-de-vanzare-in-cluj-napoca","category-oferte-imobiliare-in-cluj-napoca","category-oferte","tag-2-camere","tag-an-const-1982","tag-balcon","tag-cluj-napoca","tag-decomandat","tag-etaj-7-7","tag-manastur","tag-o-baie"],"_links":{"self":[{"href":"https:\/\/propertybook.ro\/blog\/wp-json\/wp\/v2\/posts\/5311","targetHints":{"allow":["GET"]}}],"collection":[{"href":"https:\/\/propertybook.ro\/blog\/wp-json\/wp\/v2\/posts"}],"about":[{"href":"https:\/\/propertybook.ro\/blog\/wp-json\/wp\/v2\/types\/post"}],"author":[{"embeddable":true,"href":"https:\/\/propertybook.ro\/blog\/wp-json\/wp\/v2\/users\/8"}],"replies":[{"embeddable":true,"href":"https:\/\/propertybook.ro\/blog\/wp-json\/wp\/v2\/comments?post=5311"}],"version-history":[{"count":0,"href":"https:\/\/propertybook.ro\/blog\/wp-json\/wp\/v2\/posts\/5311\/revisions"}],"wp:featuredmedia":[{"embeddable":true,"href":"https:\/\/propertybook.ro\/blog\/wp-json\/wp\/v2\/media\/5310"}],"wp:attachment":[{"href":"https:\/\/propertybook.ro\/blog\/wp-json\/wp\/v2\/media?parent=5311"}],"wp:term":[{"taxonomy":"category","embeddable":true,"href":"https:\/\/propertybook.ro\/blog\/wp-json\/wp\/v2\/categories?post=5311"},{"taxonomy":"post_tag","embeddable":true,"href":"https:\/\/propertybook.ro\/blog\/wp-json\/wp\/v2\/tags?post=5311"}],"curies":[{"name":"wp","href":"https:\/\/api.w.org\/{rel}","templated":true}]}}