{"id":5313,"date":"2025-05-21T13:44:20","date_gmt":"2025-05-21T10:44:20","guid":{"rendered":"https:\/\/propertybook.ro\/blog\/spaciu-decomandat-cu-3-camere-si-garaj-in-cartierul-marasti-langa-expo-transilvania\/"},"modified":"2025-05-21T13:44:20","modified_gmt":"2025-05-21T10:44:20","slug":"spaciu-decomandat-cu-3-camere-si-garaj-in-cartierul-marasti-langa-expo-transilvania","status":"publish","type":"post","link":"https:\/\/propertybook.ro\/blog\/spaciu-decomandat-cu-3-camere-si-garaj-in-cartierul-marasti-langa-expo-transilvania\/","title":{"rendered":"Spaciu Decomandat cu 3 Camere \u0219i Garaj \u00een Cartierul M\u0103r\u0103\u0219ti, L\u00e2ng\u0103 Expo Transilvania!"},"content":{"rendered":"\n<!-- ngfb content-buttons begin -->\n<!-- generated on 2026-04-26T23:11:19+00:00 -->\n<div class=\"ngfb-content-buttons\">\n<div class=\"ngfb-buttons en_US\">\n<!-- Email Button --><div class=\"css-button email-button\">\n  <a href=\"mailto:?subject=Share:%20Spaciu%20Decomandat%20cu%203%20Camere%20%C8%99i%20Garaj%20%C3%AEn%20Cartierul%20M%C4%83r%C4%83%C8%99ti%2C%20L%C3%A2ng%C4%83%20Expo%20Transilvania%21&body=Cluj-Napoca%2C%20M%C4%83r%C4%83%C8%99ti%20-%20Apartament%20de%203%20camere%20decomandat%2C%20situat%20%C3%AEn%20cartierul%20M%C4%83r%C4%83%C8%99ti%2C%20zona%20Expo%20Transilvania%2C%20la%20etajul%203%20din%208.%20Are%20o%20suprafa%C8%9B%C4%83%20de%2065%20mp%2C%20dou%C4%83%20b%C4%83i%2C%20buc%C4%83t%C4%83rie%20spa%C8%9Bioas%C4%83%2C%20camar%C4%83%20%C8%99i%20balcon%20de%208%20mp.%20Finisajele%20sunt%20clasice%2C%20cu%20feronerie%20PVC%20%C8%99i%20central%C4%83%20termic%C4%83%20proprie.%20Imobilul%20reabilitat%20termic%20permite%20recompartimentarea.%20Aproape%20de%20%C8%99coli%2C%20gr%C4%83dini%C8%9Be%2C%20supermarketuri%20%C8%99i%20transport%20%C3%AEn%20comun.%20Beneficiaz%C4%83%20%C8%99i%20de%20garaj.%0D%0A%0D%0AShared%20from%20https:\/\/propertybook.ro\/blog\/spaciu-decomandat-cu-3-camere-si-garaj-in-cartierul-marasti-langa-expo-transilvania\/%0D%0A\">\n    <span class=\"ngfb-icon\">\n      <svg xmlns=\"http:\/\/www.w3.org\/2000\/svg\" width=\"9\" height=\"9\" viewBox=\"0 0 28 28\">\n        <path d=\"M20.11 26.147c-2.335 1.05-4.36 1.4-7.124 1.4C6.524 27.548.84 22.916.84 15.284.84 7.343 6.602.45 15.4.45c6.854 0 11.8 4.7 11.8 11.252 0 5.684-3.193 9.265-7.398 9.3-1.83 0-3.153-.934-3.347-2.997h-.077c-1.208 1.986-2.96 2.997-5.023 2.997-2.532 0-4.36-1.868-4.36-5.062 0-4.75 3.503-9.07 9.11-9.07 1.713 0 3.7.4 4.6.972l-1.17 7.203c-.387 2.298-.115 3.3 1 3.4 1.674 0 3.774-2.102 3.774-6.58 0-5.06-3.27-8.994-9.304-8.994C9.05 2.87 3.83 7.545 3.83 14.97c0 6.5 4.2 10.2 10 10.202 1.987 0 4.09-.43 5.647-1.245l.634 2.22zM16.647 10.1c-.31-.078-.7-.155-1.207-.155-2.572 0-4.596 2.53-4.596 5.53 0 1.5.7 2.4 1.9 2.4 1.44 0 2.96-1.83 3.31-4.088l.592-3.72z\" \/>\n      <\/svg>\n    <\/span>\n    <span class=\"ngfb-text\"><\/span>\n  <\/a>\n<\/div><\/div><!-- .ngfb-buttons.en_US -->\n<\/div><!-- .ngfb-content-buttons -->\n<!-- ngfb content-buttons end -->\n\n\n<!-- ngfb schema image for pinterest pin it button -->\n<div class=\"ngfb-schema-image-for-pinterest\" style=\"display:none;\">\n<img loading=\"lazy\" decoding=\"async\" src=\"https:\/\/propertybook.ro\/blog\/wp-content\/uploads\/2025\/05\/152903.webp\" width=\"0\" height=\"0\" style=\"width:0;height:0;\" data-pin-description=\"Cluj-Napoca, M\u0103r\u0103\u0219ti - Apartament de 3 camere decomandat, situat &icirc;n cartierul M\u0103r\u0103\u0219ti, zona Expo Transilvania, la etajul 3 din 8. Are o suprafa\u021b\u0103 de 65 mp, dou\u0103 b\u0103i, buc\u0103t\u0103rie spa\u021bioas\u0103, camar\u0103 \u0219i balcon de 8 mp. Finisajele sunt clasice, cu feronerie PVC \u0219i central\u0103 termic\u0103 proprie. Imobilul...\" alt=\"\"\/>\n<\/div><!-- .ngfb-schema-image-for-pinterest -->\n\n<figure class=\"wp-block-image size-large\"><img decoding=\"async\" src=\"https:\/\/cdn.propertybook.ro\/napoca_imobiliare\/152903.webp\" alt=\"\" \/><\/figure>\n<ul>\n<li><a href=\"\/cluj-napoca\/\">Imobiliare Cluj-Napoca<\/a><\/li>\n<li><a href=\"\/cluj-napoca\/apartamente-vanzare\/\">Apartamente de vanzare Cluj-Napoca<\/a><\/li>\n<li><a href=\"\/cluj-napoca\/apartamente-vanzare\/3-camere\/\">Apartamente cu 3 camere de vanzare Cluj-Napoca<\/a><\/li>\n<li><a href=\"\/cluj-napoca\/apartamente-vanzare\/marasti\/3-camere\/\">Apartamente cu 3 camere de vanzare M\u0103r\u0103\u0219ti, Cluj-Napoca<\/a><\/li>\n<\/ul>\n<p><a href=\"\/cluj-napoca\/imobiliare-25-152903-vanzare-apartament-3-camere-in-marasti\/\" class=\"pb-listing-action\">Detaliile proprietatii<\/a><\/p>\n<p><h2 class=\"wp-block-heading\">Apartament cu 3 Camere \u00een Zona Expo Transilvania &#8211; O Oaz\u0103 de Confort \u0219i Accesibilitate<\/h2>\n<p>Dac\u0103 sunte\u021bi \u00een c\u0103utarea unei locuin\u021be spa\u021bioase \u0219i bine situate \u00een Cluj-Napoca, apartamentul cu 3 camere din cartierul M\u0103r\u0103\u0219ti, zona Expo Transilvania, ar putea fi alegerea ideal\u0103. Aceast\u0103 proprietate ofer\u0103 un mix perfect \u00eentre confort, accesibilitate \u0219i poten\u021bial de personalizare.<\/p>\n<p>#<\/p>\n<h2 class=\"wp-block-heading\">Detalii ale Propriet\u0103\u021bii<\/h2>\n<p>Apartamentul se afl\u0103 la etajul 3 din 8, \u00eentr-un bloc modern dotat cu lift, ceea ce \u00eel face u\u0219or accesibil pentru to\u021bi locatarii. Av\u00e2nd o suprafa\u021b\u0103 generoas\u0103 de 65 mp, acesta este compartimentat \u00een mod eficient pentru a maximiza utilizarea spa\u021biului. Cele 3 camere ofer\u0103 posibilit\u0103\u021bi nelimitate de amenajare, fie c\u0103 dori\u021bi s\u0103 crea\u021bi un birou de acas\u0103, un loc de joac\u0103 pentru copii sau pur \u0219i simplu s\u0103 ave\u021bi un living mai spacious.<\/p>\n<p>#<\/p>\n<h2 class=\"wp-block-heading\">Finisaje \u0219i Confort<\/h2>\n<p>Finisajele apartamentului sunt clasice, dar nu demodate, armoniz\u00e2ndu-se cu stilul de via\u021b\u0103 modern. Feroneria termoizolant\u0103 din PVC asigur\u0103 eficien\u021b\u0103 energetic\u0103, iar u\u0219ile din lemn ofer\u0103 un aspect elegant \u0219i cald. Usa de la intrare este metalic\u0103, sporind astfel siguran\u021ba locuin\u021bei. De asemenea, apartamentul dispune de dou\u0103 b\u0103i, ceea ce este un avantaj considerabil pentru familii sau pentru cei care primesc frecvent oaspe\u021bi.<\/p>\n<p>\u00cenc\u0103lzirea se face printr-o central\u0103 termic\u0103 proprie, iar blocul a fost recent reabilitat termic, ceea ce contribuie la un confort termic optim \u00een sezonul rece.<\/p>\n<p>#<\/p>\n<h2 class=\"wp-block-heading\">Spa\u021bii Exterioare \u0219i Func\u021bionalitate<\/h2>\n<p>Unul dintre punctele forte ale acestui apartament este balconul generos de aproximativ 8 mp. Acest spa\u021biu exterior poate fi transformat \u00eentr-un loc perfect pentru a savura o cafea diminea\u021ba sau pentru a organiza serile de var\u0103 cu prietenii. \u00cen plus, apartamentul vine cu o camer\u0103 pentru depozitare, ceea ce \u00eenseamn\u0103 c\u0103 ve\u021bi avea \u00eentotdeauna loc suficient pentru toate lucrurile dumneavoastr\u0103.<\/p>\n<p>#<\/p>\n<h2 class=\"wp-block-heading\">Accesibilitate \u0219i Loca\u021bie<\/h2>\n<p>Situat \u00een cartierul M\u0103r\u0103\u0219ti, apartamentul beneficiaz\u0103 de o pozi\u021bie ideal\u0103, av\u00e2nd acces rapid la \u0219coli, gr\u0103dini\u021be, supermarketuri \u0219i alte puncte de interes. Mijloacele de transport \u00een comun sunt u\u0219or accesibile, facilit\u00e2nd deplasarea spre centrul ora\u0219ului sau spre alte zone importante.<\/p>\n<p>#<\/p>\n<h2 class=\"wp-block-heading\">Oportunitate de Recompartimentare<\/h2>\n<p>Cu o construc\u021bie robust\u0103 \u0219i bine g\u00e2ndit\u0103, apartamentul permite \u0219i recompartimentarea, oferind astfel noi oportunit\u0103\u021bi pentru personalizarea spa\u021biului conform dorin\u021belor dumneavoastr\u0103.<\/p>\n<h2 class=\"wp-block-heading\">Concluzie<\/h2>\n<p>Cu toate aceste avantaje, apartamentul din zona Expo Transilvania reprezint\u0103 o oportunitate excelent\u0103 pentru cei care caut\u0103 un nou c\u0103min \u00een Cluj-Napoca. Dac\u0103 sunte\u021bi \u00een c\u0103utarea unei locuin\u021be care combin\u0103 confortul cu accesibilitatea, acest apartament ar putea fi locul perfect pentru urm\u0103toarea dumneavoastr\u0103 etap\u0103. Nu ezita\u021bi s\u0103 explora\u021bi aceast\u0103 op\u021biune \u0219i s\u0103 \u00eencepe\u021bi o nou\u0103 aventur\u0103 \u00een via\u021ba dumneavoastr\u0103!<\/p>\n<p><a href=\"\/cluj-napoca\/imobiliare-25-152903-vanzare-apartament-3-camere-in-marasti\/\" class=\"pb-listing-action\">Stabileste o vizionare<\/a><\/p>\n<ul>\n<li><a href=\"\/cluj-napoca\/\">Imobiliare Cluj-Napoca<\/a><\/li>\n<li><a href=\"\/cluj-napoca\/apartamente-vanzare\/\">Apartamente de vanzare Cluj-Napoca<\/a><\/li>\n<li><a href=\"\/cluj-napoca\/apartamente-vanzare\/3-camere\/\">Apartamente cu 3 camere de vanzare Cluj-Napoca<\/a><\/li>\n<li><a href=\"\/cluj-napoca\/apartamente-vanzare\/marasti\/3-camere\/\">Apartamente cu 3 camere de vanzare M\u0103r\u0103\u0219ti, Cluj-Napoca<\/a><\/li>\n<\/ul>\n\n<!-- ngfb content-buttons begin -->\n<!-- generated on 2026-04-26T23:11:19+00:00 -->\n<div class=\"ngfb-content-buttons\">\n<div class=\"ngfb-buttons en_US\">\n<!-- Email Button --><div class=\"css-button email-button\">\n  <a href=\"mailto:?subject=Share:%20Spaciu%20Decomandat%20cu%203%20Camere%20%C8%99i%20Garaj%20%C3%AEn%20Cartierul%20M%C4%83r%C4%83%C8%99ti%2C%20L%C3%A2ng%C4%83%20Expo%20Transilvania%21&body=Cluj-Napoca%2C%20M%C4%83r%C4%83%C8%99ti%20-%20Apartament%20de%203%20camere%20decomandat%2C%20situat%20%C3%AEn%20cartierul%20M%C4%83r%C4%83%C8%99ti%2C%20zona%20Expo%20Transilvania%2C%20la%20etajul%203%20din%208.%20Are%20o%20suprafa%C8%9B%C4%83%20de%2065%20mp%2C%20dou%C4%83%20b%C4%83i%2C%20buc%C4%83t%C4%83rie%20spa%C8%9Bioas%C4%83%2C%20camar%C4%83%20%C8%99i%20balcon%20de%208%20mp.%20Finisajele%20sunt%20clasice%2C%20cu%20feronerie%20PVC%20%C8%99i%20central%C4%83%20termic%C4%83%20proprie.%20Imobilul%20reabilitat%20termic%20permite%20recompartimentarea.%20Aproape%20de%20%C8%99coli%2C%20gr%C4%83dini%C8%9Be%2C%20supermarketuri%20%C8%99i%20transport%20%C3%AEn%20comun.%20Beneficiaz%C4%83%20%C8%99i%20de%20garaj.%0D%0A%0D%0AShared%20from%20https:\/\/propertybook.ro\/blog\/spaciu-decomandat-cu-3-camere-si-garaj-in-cartierul-marasti-langa-expo-transilvania\/%0D%0A\">\n    <span class=\"ngfb-icon\">\n      <svg xmlns=\"http:\/\/www.w3.org\/2000\/svg\" width=\"9\" height=\"9\" viewBox=\"0 0 28 28\">\n        <path d=\"M20.11 26.147c-2.335 1.05-4.36 1.4-7.124 1.4C6.524 27.548.84 22.916.84 15.284.84 7.343 6.602.45 15.4.45c6.854 0 11.8 4.7 11.8 11.252 0 5.684-3.193 9.265-7.398 9.3-1.83 0-3.153-.934-3.347-2.997h-.077c-1.208 1.986-2.96 2.997-5.023 2.997-2.532 0-4.36-1.868-4.36-5.062 0-4.75 3.503-9.07 9.11-9.07 1.713 0 3.7.4 4.6.972l-1.17 7.203c-.387 2.298-.115 3.3 1 3.4 1.674 0 3.774-2.102 3.774-6.58 0-5.06-3.27-8.994-9.304-8.994C9.05 2.87 3.83 7.545 3.83 14.97c0 6.5 4.2 10.2 10 10.202 1.987 0 4.09-.43 5.647-1.245l.634 2.22zM16.647 10.1c-.31-.078-.7-.155-1.207-.155-2.572 0-4.596 2.53-4.596 5.53 0 1.5.7 2.4 1.9 2.4 1.44 0 2.96-1.83 3.31-4.088l.592-3.72z\" \/>\n      <\/svg>\n    <\/span>\n    <span class=\"ngfb-text\"><\/span>\n  <\/a>\n<\/div><\/div><!-- .ngfb-buttons.en_US -->\n<\/div><!-- .ngfb-content-buttons -->\n<!-- ngfb content-buttons end -->\n\n","protected":false},"excerpt":{"rendered":"<p>Cluj-Napoca, M\u0103r\u0103\u0219ti &#8211; Apartament de 3 camere decomandat, situat \u00een cartierul M\u0103r\u0103\u0219ti, zona Expo Transilvania, la etajul 3 din 8. Are o suprafa\u021b\u0103 de 65 mp, dou\u0103 b\u0103i, buc\u0103t\u0103rie spa\u021bioas\u0103, camar\u0103 \u0219i balcon de 8 mp. Finisajele sunt clasice, cu feronerie PVC \u0219i central\u0103 termic\u0103 proprie. Imobilul reabilitat termic permite recompartimentarea. Aproape de \u0219coli, gr\u0103dini\u021be, supermarketuri \u0219i transport \u00een comun. Beneficiaz\u0103 \u0219i de garaj.<\/p>\n","protected":false},"author":8,"featured_media":5312,"comment_status":"open","ping_status":"open","sticky":false,"template":"","format":"standard","meta":{"footnotes":""},"categories":[50,48,47],"tags":[380,55,74,65,91,68,82,69,92],"class_list":["post-5313","post","type-post","status-publish","format-standard","has-post-thumbnail","hentry","category-apartamente-de-vanzare-in-cluj-napoca","category-oferte-imobiliare-in-cluj-napoca","category-oferte","tag-1-bai","tag-3-camere","tag-balcon","tag-centrala-termica","tag-cluj-napoca","tag-decomandat","tag-etaj-3-8","tag-garaj","tag-marasti"],"_links":{"self":[{"href":"https:\/\/propertybook.ro\/blog\/wp-json\/wp\/v2\/posts\/5313","targetHints":{"allow":["GET"]}}],"collection":[{"href":"https:\/\/propertybook.ro\/blog\/wp-json\/wp\/v2\/posts"}],"about":[{"href":"https:\/\/propertybook.ro\/blog\/wp-json\/wp\/v2\/types\/post"}],"author":[{"embeddable":true,"href":"https:\/\/propertybook.ro\/blog\/wp-json\/wp\/v2\/users\/8"}],"replies":[{"embeddable":true,"href":"https:\/\/propertybook.ro\/blog\/wp-json\/wp\/v2\/comments?post=5313"}],"version-history":[{"count":0,"href":"https:\/\/propertybook.ro\/blog\/wp-json\/wp\/v2\/posts\/5313\/revisions"}],"wp:featuredmedia":[{"embeddable":true,"href":"https:\/\/propertybook.ro\/blog\/wp-json\/wp\/v2\/media\/5312"}],"wp:attachment":[{"href":"https:\/\/propertybook.ro\/blog\/wp-json\/wp\/v2\/media?parent=5313"}],"wp:term":[{"taxonomy":"category","embeddable":true,"href":"https:\/\/propertybook.ro\/blog\/wp-json\/wp\/v2\/categories?post=5313"},{"taxonomy":"post_tag","embeddable":true,"href":"https:\/\/propertybook.ro\/blog\/wp-json\/wp\/v2\/tags?post=5313"}],"curies":[{"name":"wp","href":"https:\/\/api.w.org\/{rel}","templated":true}]}}