{"id":5321,"date":"2025-05-21T17:44:15","date_gmt":"2025-05-21T14:44:15","guid":{"rendered":"https:\/\/propertybook.ro\/blog\/pentru-tine-apartament-modern-cu-2-camere-si-terasa-in-zona-linistita-barbu-vacarescu\/"},"modified":"2025-05-21T17:44:15","modified_gmt":"2025-05-21T14:44:15","slug":"pentru-tine-apartament-modern-cu-2-camere-si-terasa-in-zona-linistita-barbu-vacarescu","status":"publish","type":"post","link":"https:\/\/propertybook.ro\/blog\/pentru-tine-apartament-modern-cu-2-camere-si-terasa-in-zona-linistita-barbu-vacarescu\/","title":{"rendered":"Pentru tine: Apartament modern cu 2 camere \u0219i teras\u0103 \u00een zona lini\u0219tit\u0103 Barbu Vacarescu"},"content":{"rendered":"\n<!-- ngfb content-buttons begin -->\n<!-- generated on 2026-05-01T17:44:25+00:00 -->\n<div class=\"ngfb-content-buttons\">\n<div class=\"ngfb-buttons en_US\">\n<!-- Email Button --><div class=\"css-button email-button\">\n  <a href=\"mailto:?subject=Share:%20Pentru%20tine%3A%20Apartament%20modern%20cu%202%20camere%20%C8%99i%20teras%C4%83%20%C3%AEn%20zona%20lini%C8%99tit%C4%83%20Barbu%20Vacarescu&body=Bucure%C8%99ti%2C%20Tei%20-%20Apartament%20modern%20cu%202%20camere%20%C3%AEn%20ansamblul%20Yacht%20Kid%2C%20zona%20Barbu%20Vacarescu%2C%20la%208%20minute%20de%20metrou%20Pipera.%20Suprafa%C5%A3%C4%83%20util%C4%83%20de%2052.6%20mp%20plus%20teras%C4%83%20de%2013.3%20mp.%20Compartimentare%20semidecomandat%C4%83%2C%20living%20%C8%99i%20buc%C4%83t%C4%83rie%20open%20space%2C%20dressing%2C%20baie%20cu%20du%C8%99%20walk-in.%20Design%20personalizat%2C%20mobil%C4%83%20recent%C4%83.%20Ansamblul%20ofer%C4%83%20recep%C8%9Bie%20%C8%99i%20paz%C4%83%2024%2F7.%20V%C3%A2nzare%20complet%20mobilat%20%C8%99i%20utilat%2C%20TVA%20aplicabil%20pentru%20persoane%20fizice%20sau%20taxare%20invers%C4%83%20pentru%20persoane%20juridice.%0D%0A%0D%0AShared%20from%20https:\/\/propertybook.ro\/blog\/pentru-tine-apartament-modern-cu-2-camere-si-terasa-in-zona-linistita-barbu-vacarescu\/%0D%0A\">\n    <span class=\"ngfb-icon\">\n      <svg xmlns=\"http:\/\/www.w3.org\/2000\/svg\" width=\"9\" height=\"9\" viewBox=\"0 0 28 28\">\n        <path d=\"M20.11 26.147c-2.335 1.05-4.36 1.4-7.124 1.4C6.524 27.548.84 22.916.84 15.284.84 7.343 6.602.45 15.4.45c6.854 0 11.8 4.7 11.8 11.252 0 5.684-3.193 9.265-7.398 9.3-1.83 0-3.153-.934-3.347-2.997h-.077c-1.208 1.986-2.96 2.997-5.023 2.997-2.532 0-4.36-1.868-4.36-5.062 0-4.75 3.503-9.07 9.11-9.07 1.713 0 3.7.4 4.6.972l-1.17 7.203c-.387 2.298-.115 3.3 1 3.4 1.674 0 3.774-2.102 3.774-6.58 0-5.06-3.27-8.994-9.304-8.994C9.05 2.87 3.83 7.545 3.83 14.97c0 6.5 4.2 10.2 10 10.202 1.987 0 4.09-.43 5.647-1.245l.634 2.22zM16.647 10.1c-.31-.078-.7-.155-1.207-.155-2.572 0-4.596 2.53-4.596 5.53 0 1.5.7 2.4 1.9 2.4 1.44 0 2.96-1.83 3.31-4.088l.592-3.72z\" \/>\n      <\/svg>\n    <\/span>\n    <span class=\"ngfb-text\"><\/span>\n  <\/a>\n<\/div><\/div><!-- .ngfb-buttons.en_US -->\n<\/div><!-- .ngfb-content-buttons -->\n<!-- ngfb content-buttons end -->\n\n\n<!-- ngfb schema image for pinterest pin it button -->\n<div class=\"ngfb-schema-image-for-pinterest\" style=\"display:none;\">\n<img loading=\"lazy\" decoding=\"async\" src=\"https:\/\/propertybook.ro\/blog\/wp-content\/uploads\/2025\/05\/2548400.webp\" width=\"0\" height=\"0\" style=\"width:0;height:0;\" data-pin-description=\"Bucure\u0219ti, Tei - Apartament modern cu 2 camere &icirc;n ansamblul Yacht Kid, zona Barbu Vacarescu, la 8 minute de metrou Pipera. Suprafa\u0163\u0103 util\u0103 de 52.6 mp plus teras\u0103 de 13.3 mp. Compartimentare semidecomandat\u0103, living \u0219i buc\u0103t\u0103rie open space, dressing, baie cu du\u0219 walk-in. Design personalizat...\" alt=\"\"\/>\n<\/div><!-- .ngfb-schema-image-for-pinterest -->\n\n<figure class=\"wp-block-image size-large\"><img decoding=\"async\" src=\"https:\/\/cdn.propertybook.ro\/agentia-imobiliara.ro\/2548400.webp\" alt=\"\" \/><\/figure>\n<ul>\n<li><a href=\"\/bucuresti\/\">Imobiliare Bucure\u0219ti<\/a><\/li>\n<li><a href=\"\/bucuresti\/apartamente-vanzare\/\">Apartamente de vanzare Bucure\u0219ti<\/a><\/li>\n<li><a href=\"\/bucuresti\/apartamente-vanzare\/2-camere\/\">Apartamente cu 2 camere de vanzare Bucure\u0219ti<\/a><\/li>\n<li><a href=\"\/bucuresti\/apartamente-vanzare\/tei\/2-camere\/\">Apartamente cu 2 camere de vanzare Tei, Bucure\u0219ti<\/a><\/li>\n<\/ul>\n<p><a href=\"\/bucuresti\/imobiliare-184-2548400-2-camere-yacht-kid-premium-design-nou\/\" class=\"pb-listing-action\">Detaliile proprietatii<\/a><\/p>\n<p><h2 class=\"wp-block-heading\">Descoper\u0103 confortul \u0219i elegan\u021ba apartamentului din ansamblul Yacht Kid<\/h2>\n<p>Situat \u00eentr-o zon\u0103 vibrant\u0103 \u0219i accesibil\u0103 din Bucure\u0219ti, acest apartament cu 2 camere din ansamblul rezidential Yacht Kid reprezint\u0103 o oportunitate unic\u0103 pentru cei care \u00ee\u0219i doresc un spa\u021biu modern, confortabil \u0219i bine amplasat. La doar 7-8 minute de mers pe jos de sta\u021bia de metrou Pipera, aceast\u0103 proprietate combin\u0103 accesibilitatea facil\u0103 cu lini\u0219tea oferit\u0103 de mediul \u00eenconjur\u0103tor.<\/p>\n<p>#<\/p>\n<h2 class=\"wp-block-heading\">Spa\u021biu \u0219i design ingenios<\/h2>\n<p>Cu o suprafa\u021b\u0103 util\u0103 de 52.6 mp \u0219i o teras\u0103 generoas\u0103 de 13.3 mp, apartamentul se prezint\u0103 ca o oaz\u0103 de relaxare, completeaz\u0103 perfect stilul de via\u021b\u0103 contemporan. Compartimentarea semidecomandat\u0103 include un hol de intrare bine proiectat, oferind acces la un living spa\u021bios \u0219i o buc\u0103t\u0103rie open space, ideal\u0103 pentru cei care apreciaz\u0103 g\u0103titul \u0219i socializarea. Un aspect deosebit al acestei propriet\u0103\u021bi este posibilitatea de a \u00eenchide buc\u0103t\u0103ria cu sticl\u0103, av\u00e2nd astfel versatilitate \u00een utilizarea spa\u021biului.<\/p>\n<p>Dormitorul este un alt punct forte al apartamentului, dotat cu un dressing generos \u0219i cu acces direct la teras\u0103. Tr\u0103ind aici, te vei putea bucura de dimine\u021bi \u00eensorite pe terasa personal\u0103, care ofer\u0103 un view liber \u0219i neobstruc\u021bionat, perfect pentru a savura o cafea sau a citi o carte.<\/p>\n<p>#<\/p>\n<h2 class=\"wp-block-heading\">Decor \u0219i confort modern<\/h2>\n<p>Apartamentul a fost proiectat cu aten\u021bie de o firm\u0103 specializat\u0103, folosind mobil\u0103 pe comand\u0103 care maximizeaz\u0103 fiecare metru p\u0103trat. Materialele utilizate sunt de cea mai bun\u0103 calitate, garant\u00e2nd durabilitate \u0219i un aspect elegant. Culorile neutre \u0219i calde din \u00eentreaga locuin\u021b\u0103 contribuie la o atmosfer\u0103 primitoare \u0219i relaxant\u0103, f\u0103c\u00e2nd-o perfect\u0103 at\u00e2t pentru relaxare, c\u00e2t \u0219i pentru ospitalitate.<\/p>\n<p>#<\/p>\n<h2 class=\"wp-block-heading\">Siguran\u021b\u0103 \u0219i facilit\u0103\u021bi<\/h2>\n<p>Una dintre avantajele notabile ale acestui ansamblu reziden\u021bial este sistemul de recep\u021bie \u0219i paz\u0103 disponibil 24\/7. Locuitorii pot avea astfel lini\u0219tea c\u0103 sunt \u00een siguran\u021b\u0103 \u00een casa lor.<\/p>\n<p>#<\/p>\n<h2 class=\"wp-block-heading\">Mobilat \u0219i utilat<\/h2>\n<p>Apartamentul se vinde complet mobilat \u0219i utilat, astfel \u00eenc\u00e2t noul proprietar nu va trebui s\u0103 se preocupe de achizi\u021bionarea de mobilier sau electrocasnice. Totul este g\u00e2ndit pentru a face tranzi\u021bia c\u00e2t mai u\u0219oar\u0103 \u0219i pl\u0103cut\u0103.<\/p>\n<p>#<\/p>\n<h2 class=\"wp-block-heading\">O oportunitate rar\u0103 pe pia\u021ba imobiliar\u0103<\/h2>\n<p>Acest apartament din Yacht Kid nu este doar o locuin\u021b\u0103, ci un stil de via\u021b\u0103. Cu un design atent, facilit\u0103\u021bi moderne \u0219i o amplasare excelent\u0103, este perfect pentru persoanele care caut\u0103 confort \u0219i accesibilitate \u00een ora\u0219. Dac\u0103 e\u0219ti \u00een c\u0103utarea unui nou c\u0103min, acest apartament merit\u0103 cu siguran\u021b\u0103 o vizionare. <\/p>\n<p>Pentru cei interesa\u021bi de un tur virtual sau de o prezentare video a propriet\u0103\u021bii, aceste op\u021biuni sunt disponibile, oferind o privire de ansamblu mai detaliat\u0103 asupra acestui spa\u021biu splendid. A\u0219adar, nu rata ocazia de a descoperi toate beneficiile pe care acest apartament le ofer\u0103!<\/p>\n<p><a href=\"\/bucuresti\/imobiliare-184-2548400-2-camere-yacht-kid-premium-design-nou\/\" class=\"pb-listing-action\">Stabileste o vizionare<\/a><\/p>\n<ul>\n<li><a href=\"\/bucuresti\/\">Imobiliare Bucure\u0219ti<\/a><\/li>\n<li><a href=\"\/bucuresti\/apartamente-vanzare\/\">Apartamente de vanzare Bucure\u0219ti<\/a><\/li>\n<li><a href=\"\/bucuresti\/apartamente-vanzare\/2-camere\/\">Apartamente cu 2 camere de vanzare Bucure\u0219ti<\/a><\/li>\n<li><a href=\"\/bucuresti\/apartamente-vanzare\/tei\/2-camere\/\">Apartamente cu 2 camere de vanzare Tei, Bucure\u0219ti<\/a><\/li>\n<\/ul>\n\n<!-- ngfb content-buttons begin -->\n<!-- generated on 2026-05-01T17:44:25+00:00 -->\n<div class=\"ngfb-content-buttons\">\n<div class=\"ngfb-buttons en_US\">\n<!-- Email Button --><div class=\"css-button email-button\">\n  <a href=\"mailto:?subject=Share:%20Pentru%20tine%3A%20Apartament%20modern%20cu%202%20camere%20%C8%99i%20teras%C4%83%20%C3%AEn%20zona%20lini%C8%99tit%C4%83%20Barbu%20Vacarescu&body=Bucure%C8%99ti%2C%20Tei%20-%20Apartament%20modern%20cu%202%20camere%20%C3%AEn%20ansamblul%20Yacht%20Kid%2C%20zona%20Barbu%20Vacarescu%2C%20la%208%20minute%20de%20metrou%20Pipera.%20Suprafa%C5%A3%C4%83%20util%C4%83%20de%2052.6%20mp%20plus%20teras%C4%83%20de%2013.3%20mp.%20Compartimentare%20semidecomandat%C4%83%2C%20living%20%C8%99i%20buc%C4%83t%C4%83rie%20open%20space%2C%20dressing%2C%20baie%20cu%20du%C8%99%20walk-in.%20Design%20personalizat%2C%20mobil%C4%83%20recent%C4%83.%20Ansamblul%20ofer%C4%83%20recep%C8%9Bie%20%C8%99i%20paz%C4%83%2024%2F7.%20V%C3%A2nzare%20complet%20mobilat%20%C8%99i%20utilat%2C%20TVA%20aplicabil%20pentru%20persoane%20fizice%20sau%20taxare%20invers%C4%83%20pentru%20persoane%20juridice.%0D%0A%0D%0AShared%20from%20https:\/\/propertybook.ro\/blog\/pentru-tine-apartament-modern-cu-2-camere-si-terasa-in-zona-linistita-barbu-vacarescu\/%0D%0A\">\n    <span class=\"ngfb-icon\">\n      <svg xmlns=\"http:\/\/www.w3.org\/2000\/svg\" width=\"9\" height=\"9\" viewBox=\"0 0 28 28\">\n        <path d=\"M20.11 26.147c-2.335 1.05-4.36 1.4-7.124 1.4C6.524 27.548.84 22.916.84 15.284.84 7.343 6.602.45 15.4.45c6.854 0 11.8 4.7 11.8 11.252 0 5.684-3.193 9.265-7.398 9.3-1.83 0-3.153-.934-3.347-2.997h-.077c-1.208 1.986-2.96 2.997-5.023 2.997-2.532 0-4.36-1.868-4.36-5.062 0-4.75 3.503-9.07 9.11-9.07 1.713 0 3.7.4 4.6.972l-1.17 7.203c-.387 2.298-.115 3.3 1 3.4 1.674 0 3.774-2.102 3.774-6.58 0-5.06-3.27-8.994-9.304-8.994C9.05 2.87 3.83 7.545 3.83 14.97c0 6.5 4.2 10.2 10 10.202 1.987 0 4.09-.43 5.647-1.245l.634 2.22zM16.647 10.1c-.31-.078-.7-.155-1.207-.155-2.572 0-4.596 2.53-4.596 5.53 0 1.5.7 2.4 1.9 2.4 1.44 0 2.96-1.83 3.31-4.088l.592-3.72z\" \/>\n      <\/svg>\n    <\/span>\n    <span class=\"ngfb-text\"><\/span>\n  <\/a>\n<\/div><\/div><!-- .ngfb-buttons.en_US -->\n<\/div><!-- .ngfb-content-buttons -->\n<!-- ngfb content-buttons end -->\n\n","protected":false},"excerpt":{"rendered":"<p>Bucure\u0219ti, Tei &#8211; Apartament modern cu 2 camere \u00een ansamblul Yacht Kid, zona Barbu Vacarescu, la 8 minute de metrou Pipera. Suprafa\u0163\u0103 util\u0103 de 52.6 mp plus teras\u0103 de 13.3 mp. Compartimentare semidecomandat\u0103, living \u0219i buc\u0103t\u0103rie open space, dressing, baie cu du\u0219 walk-in. Design personalizat, mobil\u0103 recent\u0103. Ansamblul ofer\u0103 recep\u021bie \u0219i paz\u0103 24\/7. V\u00e2nzare complet mobilat \u0219i utilat, TVA aplicabil pentru persoane fizice sau taxare invers\u0103 pentru persoane juridice.<\/p>\n","protected":false},"author":8,"featured_media":5320,"comment_status":"open","ping_status":"open","sticky":false,"template":"","format":"standard","meta":{"footnotes":""},"categories":[52,49,47],"tags":[62,145,89,137,376,63],"class_list":["post-5321","post","type-post","status-publish","format-standard","has-post-thumbnail","hentry","category-apartamente-de-vanzare-bucuresti","category-oferte-imobiliare-bucuresti","category-oferte","tag-2-camere","tag-an-const-2023","tag-bucuresti","tag-etaj-2","tag-o-baie","tag-semidecomandat"],"_links":{"self":[{"href":"https:\/\/propertybook.ro\/blog\/wp-json\/wp\/v2\/posts\/5321","targetHints":{"allow":["GET"]}}],"collection":[{"href":"https:\/\/propertybook.ro\/blog\/wp-json\/wp\/v2\/posts"}],"about":[{"href":"https:\/\/propertybook.ro\/blog\/wp-json\/wp\/v2\/types\/post"}],"author":[{"embeddable":true,"href":"https:\/\/propertybook.ro\/blog\/wp-json\/wp\/v2\/users\/8"}],"replies":[{"embeddable":true,"href":"https:\/\/propertybook.ro\/blog\/wp-json\/wp\/v2\/comments?post=5321"}],"version-history":[{"count":0,"href":"https:\/\/propertybook.ro\/blog\/wp-json\/wp\/v2\/posts\/5321\/revisions"}],"wp:featuredmedia":[{"embeddable":true,"href":"https:\/\/propertybook.ro\/blog\/wp-json\/wp\/v2\/media\/5320"}],"wp:attachment":[{"href":"https:\/\/propertybook.ro\/blog\/wp-json\/wp\/v2\/media?parent=5321"}],"wp:term":[{"taxonomy":"category","embeddable":true,"href":"https:\/\/propertybook.ro\/blog\/wp-json\/wp\/v2\/categories?post=5321"},{"taxonomy":"post_tag","embeddable":true,"href":"https:\/\/propertybook.ro\/blog\/wp-json\/wp\/v2\/tags?post=5321"}],"curies":[{"name":"wp","href":"https:\/\/api.w.org\/{rel}","templated":true}]}}