{"id":5331,"date":"2025-05-22T15:44:24","date_gmt":"2025-05-22T12:44:24","guid":{"rendered":"https:\/\/propertybook.ro\/blog\/vila-spatioasa-cu-gradina-amenajata-in-apropierea-rondului-alba-iulia\/"},"modified":"2025-05-22T15:44:24","modified_gmt":"2025-05-22T12:44:24","slug":"vila-spatioasa-cu-gradina-amenajata-in-apropierea-rondului-alba-iulia","status":"publish","type":"post","link":"https:\/\/propertybook.ro\/blog\/vila-spatioasa-cu-gradina-amenajata-in-apropierea-rondului-alba-iulia\/","title":{"rendered":"Vila Spatioasa cu Gradina Amenajata in Apropierea Rondului Alba Iulia"},"content":{"rendered":"\n<!-- ngfb content-buttons begin -->\n<!-- generated on 2026-04-24T22:16:29+00:00 -->\n<div class=\"ngfb-content-buttons\">\n<div class=\"ngfb-buttons en_US\">\n<!-- Email Button --><div class=\"css-button email-button\">\n  <a href=\"mailto:?subject=Share:%20Vila%20Spatioasa%20cu%20Gradina%20Amenajata%20in%20Apropierea%20Rondului%20Alba%20Iulia&body=Bucure%C8%99ti%2C%20Centrul%20Civic%20-%20Proprietatea%20de%20pe%20Strada%20Cezar%20Boliac%20Nr.%2029%20se%20afl%C4%83%20aproape%20de%20Rondul%20Alba%20Iulia%2C%20pe%20un%20teren%20de%20476%20mp.%20Vila%20dispune%20de%20demisol%2C%20parter%2C%20etaj%20%C8%99i%20mansard%C4%83%2C%20oferind%20un%20living%20generos%2C%20trei%20dormitoare%2C%20%C8%99i%20mai%20multe%20spa%C8%9Bii%20de%20relaxare.%20Curtea%20amenajat%C4%83%20include%20un%20foi%C8%99or%20%C8%99i%20un%20loc%20de%20gr%C4%83tar%2C%20iar%20garajul%20adaug%C4%83%20un%20plus%20de%20confort.%20Ideal%C4%83%20pentru%20cei%20care%20doresc%20lini%C8%99te%20%C3%AEn%20zon%C4%83%20central%C4%83.%0D%0A%0D%0AShared%20from%20https:\/\/propertybook.ro\/blog\/vila-spatioasa-cu-gradina-amenajata-in-apropierea-rondului-alba-iulia\/%0D%0A\">\n    <span class=\"ngfb-icon\">\n      <svg xmlns=\"http:\/\/www.w3.org\/2000\/svg\" width=\"9\" height=\"9\" viewBox=\"0 0 28 28\">\n        <path d=\"M20.11 26.147c-2.335 1.05-4.36 1.4-7.124 1.4C6.524 27.548.84 22.916.84 15.284.84 7.343 6.602.45 15.4.45c6.854 0 11.8 4.7 11.8 11.252 0 5.684-3.193 9.265-7.398 9.3-1.83 0-3.153-.934-3.347-2.997h-.077c-1.208 1.986-2.96 2.997-5.023 2.997-2.532 0-4.36-1.868-4.36-5.062 0-4.75 3.503-9.07 9.11-9.07 1.713 0 3.7.4 4.6.972l-1.17 7.203c-.387 2.298-.115 3.3 1 3.4 1.674 0 3.774-2.102 3.774-6.58 0-5.06-3.27-8.994-9.304-8.994C9.05 2.87 3.83 7.545 3.83 14.97c0 6.5 4.2 10.2 10 10.202 1.987 0 4.09-.43 5.647-1.245l.634 2.22zM16.647 10.1c-.31-.078-.7-.155-1.207-.155-2.572 0-4.596 2.53-4.596 5.53 0 1.5.7 2.4 1.9 2.4 1.44 0 2.96-1.83 3.31-4.088l.592-3.72z\" \/>\n      <\/svg>\n    <\/span>\n    <span class=\"ngfb-text\"><\/span>\n  <\/a>\n<\/div><\/div><!-- .ngfb-buttons.en_US -->\n<\/div><!-- .ngfb-content-buttons -->\n<!-- ngfb content-buttons end -->\n\n\n<!-- ngfb schema image for pinterest pin it button -->\n<div class=\"ngfb-schema-image-for-pinterest\" style=\"display:none;\">\n<img loading=\"lazy\" decoding=\"async\" src=\"https:\/\/propertybook.ro\/blog\/wp-content\/uploads\/2025\/05\/22002546.webp\" width=\"0\" height=\"0\" style=\"width:0;height:0;\" data-pin-description=\"Bucure\u0219ti, Centrul Civic - Proprietatea de pe Strada Cezar Boliac Nr. 29 se afl\u0103 aproape de Rondul Alba Iulia, pe un teren de 476 mp. Vila dispune de demisol, parter, etaj \u0219i mansard\u0103, oferind un living generos, trei dormitoare, \u0219i mai multe spa\u021bii de relaxare. Curtea amenajat\u0103 include un foi\u0219or...\" alt=\"\"\/>\n<\/div><!-- .ngfb-schema-image-for-pinterest -->\n\n<figure class=\"wp-block-image size-large\"><img decoding=\"async\" src=\"https:\/\/cdn.propertybook.ro\/svn_residentialist\/22002546.webp\" alt=\"\" \/><\/figure>\n<ul>\n<li><a href=\"\/bucuresti\/\">Imobiliare Bucure\u0219ti<\/a><\/li>\n<li><a href=\"\/bucuresti\/case-vanzare\/\">Case de vanzare Bucure\u0219ti<\/a><\/li>\n<li><a href=\"\/bucuresti\/case-vanzare\/8-camere\/\">Case cu 8 camere de vanzare Bucure\u0219ti<\/a><\/li>\n<li><a href=\"\/bucuresti\/case-vanzare\/centrul_civic\/8-camere\/\">Case cu 8 camere de vanzare Centrul Civic, Bucure\u0219ti<\/a><\/li>\n<\/ul>\n<p><a href=\"\/bucuresti\/imobiliare-163-22002546-de-vanzare-casa-8-camere-in-sector-3-zona-piata-alba-iulia\/\" class=\"pb-listing-action\">Detaliile proprietatii<\/a><\/p>\n<p><h2 class=\"wp-block-heading\">Descoper\u0103 Villa de Vis \u00een Apropierea Rondului Alba Iulia<\/h2>\n<p>Dac\u0103 e\u0219ti \u00een c\u0103utarea unei propriet\u0103\u021bi cu o pozi\u021bionare excelent\u0103, nu c\u0103uta mai departe! Te invit\u0103m s\u0103 descoperi o vil\u0103 splendid\u0103 situat\u0103 pe Strada Cezar Boliac Nr. 29, \u00een apropierea Rondului Alba Iulia. Aceast\u0103 proprietate este un adev\u0103rat gem, ideal at\u00e2t pentru familii, c\u00e2t \u0219i pentru cei care doresc un spa\u021biu generos \u00een centrul ora\u0219ului.<\/p>\n<p>#<\/p>\n<h2 class=\"wp-block-heading\">Spa\u021biu Generos \u0219i Amenaj\u0103ri Excep\u021bionale<\/h2>\n<p>Intr\u00e2nd \u00een curte, vei fi \u00eent\u00e2mpinat de un peisaj frumos amenajat, oferind suficiente locuri de parcare pentru dou\u0103 ma\u0219ini. \u00cen spatele propriet\u0103\u021bii, te a\u0219teapt\u0103 o oaz\u0103 de relaxare, un foi\u0219or perfect pentru a petrece momente pl\u0103cute al\u0103turi de familie \u0219i prieteni, al\u0103turi de un loc special amenajat pentru gr\u0103tar. Aceste zone sunt perfecte pentru adun\u0103ri \u0219i seri de neuitat.<\/p>\n<p><h2 class=\"wp-block-heading\">Structura \u0219i Compartimentarea<\/h2>\n<p>Vila dispune de o amprent\u0103 la sol de 137 mp, desf\u0103\u0219urat\u0103 pe un teren generos de 476 mp. Aceasta include demisol, parter, etaj \u0219i mansard\u0103, asigur\u00e2ndu-se astfel un spa\u021biu amplu pentru fiecare membru al familiei. Curtea liber\u0103 are o suprafa\u021b\u0103 total\u0103 de 339 mp, oferind un loc de joac\u0103 sau o zon\u0103 de relaxare.<\/p>\n<p>Demisolul, cu o suprafa\u021b\u0103 de 65.07 mp, ofer\u0103 acces c\u0103tre garaj, \u00een timp ce parterul te \u00eent\u00e2mpin\u0103 cu un living spa\u021bios de 42 mp, care are acces la teras\u0103 \u0219i curtea din spate. Acesta include, de asemenea, un dormitor de oaspe\u021bi \u0219i o buc\u0103t\u0103rie bine echipat\u0103, \u00eempreun\u0103 cu un grup sanitar.<\/p>\n<p>Etajul este dedicat relax\u0103rii, av\u00e2nd un dormitor matrimonial cu dressing \u0219i baie proprie, iar celelalte dou\u0103 dormitoare dispun de dressing-uri \u0219i acces la o baie comun\u0103. <\/p>\n<p>Mansarda este o adev\u0103rat\u0103 comoar\u0103, ideal\u0103 pentru a fi transformat\u0103 \u00eentr-un spa\u021biu suplimentar de locuit, birou sau bibliotec\u0103. Aici se afl\u0103, de asemenea, un grup sanitar, ad\u0103ug\u00e2nd un plus de confort \u0219i intimitate.<\/p>\n<p><h2 class=\"wp-block-heading\">Concluzie<\/h2>\n<p>Aceast\u0103 vil\u0103 ofer\u0103 nu doar un spa\u021biu generos \u0219i confort maxim, dar \u0219i un stil de via\u021b\u0103 deosebit, situat\u0103 \u00eentr-o zon\u0103 central\u0103, dar lini\u0219tit\u0103. Este locul perfect pentru oricine \u00ee\u0219i dore\u0219te s\u0103 se bucure de toate avantajele vie\u021bii \u00een ora\u0219, dar totodat\u0103 de serenitatea unui c\u0103min intimate.<\/p>\n<p>Dac\u0103 e\u0219ti interesat de mai multe detalii sau dore\u0219ti s\u0103 programezi o vizionare, nu ezita s\u0103 ne contactezi. Aceast\u0103 proprietate excep\u021bional\u0103 ar putea fi noul t\u0103u c\u0103min de vis!<\/p>\n<p><a href=\"\/bucuresti\/imobiliare-163-22002546-de-vanzare-casa-8-camere-in-sector-3-zona-piata-alba-iulia\/\" class=\"pb-listing-action\">Stabileste o vizionare<\/a><\/p>\n<ul>\n<li><a href=\"\/bucuresti\/\">Imobiliare Bucure\u0219ti<\/a><\/li>\n<li><a href=\"\/bucuresti\/case-vanzare\/\">Case de vanzare Bucure\u0219ti<\/a><\/li>\n<li><a href=\"\/bucuresti\/case-vanzare\/8-camere\/\">Case cu 8 camere de vanzare Bucure\u0219ti<\/a><\/li>\n<li><a href=\"\/bucuresti\/case-vanzare\/centrul_civic\/8-camere\/\">Case cu 8 camere de vanzare Centrul Civic, Bucure\u0219ti<\/a><\/li>\n<\/ul>\n\n<!-- ngfb content-buttons begin -->\n<!-- generated on 2026-04-24T22:16:29+00:00 -->\n<div class=\"ngfb-content-buttons\">\n<div class=\"ngfb-buttons en_US\">\n<!-- Email Button --><div class=\"css-button email-button\">\n  <a href=\"mailto:?subject=Share:%20Vila%20Spatioasa%20cu%20Gradina%20Amenajata%20in%20Apropierea%20Rondului%20Alba%20Iulia&body=Bucure%C8%99ti%2C%20Centrul%20Civic%20-%20Proprietatea%20de%20pe%20Strada%20Cezar%20Boliac%20Nr.%2029%20se%20afl%C4%83%20aproape%20de%20Rondul%20Alba%20Iulia%2C%20pe%20un%20teren%20de%20476%20mp.%20Vila%20dispune%20de%20demisol%2C%20parter%2C%20etaj%20%C8%99i%20mansard%C4%83%2C%20oferind%20un%20living%20generos%2C%20trei%20dormitoare%2C%20%C8%99i%20mai%20multe%20spa%C8%9Bii%20de%20relaxare.%20Curtea%20amenajat%C4%83%20include%20un%20foi%C8%99or%20%C8%99i%20un%20loc%20de%20gr%C4%83tar%2C%20iar%20garajul%20adaug%C4%83%20un%20plus%20de%20confort.%20Ideal%C4%83%20pentru%20cei%20care%20doresc%20lini%C8%99te%20%C3%AEn%20zon%C4%83%20central%C4%83.%0D%0A%0D%0AShared%20from%20https:\/\/propertybook.ro\/blog\/vila-spatioasa-cu-gradina-amenajata-in-apropierea-rondului-alba-iulia\/%0D%0A\">\n    <span class=\"ngfb-icon\">\n      <svg xmlns=\"http:\/\/www.w3.org\/2000\/svg\" width=\"9\" height=\"9\" viewBox=\"0 0 28 28\">\n        <path d=\"M20.11 26.147c-2.335 1.05-4.36 1.4-7.124 1.4C6.524 27.548.84 22.916.84 15.284.84 7.343 6.602.45 15.4.45c6.854 0 11.8 4.7 11.8 11.252 0 5.684-3.193 9.265-7.398 9.3-1.83 0-3.153-.934-3.347-2.997h-.077c-1.208 1.986-2.96 2.997-5.023 2.997-2.532 0-4.36-1.868-4.36-5.062 0-4.75 3.503-9.07 9.11-9.07 1.713 0 3.7.4 4.6.972l-1.17 7.203c-.387 2.298-.115 3.3 1 3.4 1.674 0 3.774-2.102 3.774-6.58 0-5.06-3.27-8.994-9.304-8.994C9.05 2.87 3.83 7.545 3.83 14.97c0 6.5 4.2 10.2 10 10.202 1.987 0 4.09-.43 5.647-1.245l.634 2.22zM16.647 10.1c-.31-.078-.7-.155-1.207-.155-2.572 0-4.596 2.53-4.596 5.53 0 1.5.7 2.4 1.9 2.4 1.44 0 2.96-1.83 3.31-4.088l.592-3.72z\" \/>\n      <\/svg>\n    <\/span>\n    <span class=\"ngfb-text\"><\/span>\n  <\/a>\n<\/div><\/div><!-- .ngfb-buttons.en_US -->\n<\/div><!-- .ngfb-content-buttons -->\n<!-- ngfb content-buttons end -->\n\n","protected":false},"excerpt":{"rendered":"<p>Bucure\u0219ti, Centrul Civic &#8211; Proprietatea de pe Strada Cezar Boliac Nr. 29 se afl\u0103 aproape de Rondul Alba Iulia, pe un teren de 476 mp. Vila dispune de demisol, parter, etaj \u0219i mansard\u0103, oferind un living generos, trei dormitoare, \u0219i mai multe spa\u021bii de relaxare. Curtea amenajat\u0103 include un foi\u0219or \u0219i un loc de gr\u0103tar, iar garajul adaug\u0103 un plus de confort. Ideal\u0103 pentru cei care doresc lini\u0219te \u00een zon\u0103 central\u0103.<\/p>\n","protected":false},"author":8,"featured_media":5330,"comment_status":"open","ping_status":"open","sticky":false,"template":"","format":"standard","meta":{"footnotes":""},"categories":[49,53,47],"tags":[383,193,217,252,89,90],"class_list":["post-5331","post","type-post","status-publish","format-standard","has-post-thumbnail","hentry","category-oferte-imobiliare-bucuresti","category-case-de-vanzare-bucuresti","category-oferte","tag-4-bai","tag-4-balcoane","tag-8-camere","tag-an-const-2005","tag-bucuresti","tag-centrul-civic"],"_links":{"self":[{"href":"https:\/\/propertybook.ro\/blog\/wp-json\/wp\/v2\/posts\/5331","targetHints":{"allow":["GET"]}}],"collection":[{"href":"https:\/\/propertybook.ro\/blog\/wp-json\/wp\/v2\/posts"}],"about":[{"href":"https:\/\/propertybook.ro\/blog\/wp-json\/wp\/v2\/types\/post"}],"author":[{"embeddable":true,"href":"https:\/\/propertybook.ro\/blog\/wp-json\/wp\/v2\/users\/8"}],"replies":[{"embeddable":true,"href":"https:\/\/propertybook.ro\/blog\/wp-json\/wp\/v2\/comments?post=5331"}],"version-history":[{"count":0,"href":"https:\/\/propertybook.ro\/blog\/wp-json\/wp\/v2\/posts\/5331\/revisions"}],"wp:featuredmedia":[{"embeddable":true,"href":"https:\/\/propertybook.ro\/blog\/wp-json\/wp\/v2\/media\/5330"}],"wp:attachment":[{"href":"https:\/\/propertybook.ro\/blog\/wp-json\/wp\/v2\/media?parent=5331"}],"wp:term":[{"taxonomy":"category","embeddable":true,"href":"https:\/\/propertybook.ro\/blog\/wp-json\/wp\/v2\/categories?post=5331"},{"taxonomy":"post_tag","embeddable":true,"href":"https:\/\/propertybook.ro\/blog\/wp-json\/wp\/v2\/tags?post=5331"}],"curies":[{"name":"wp","href":"https:\/\/api.w.org\/{rel}","templated":true}]}}