{"id":5333,"date":"2025-05-22T15:44:39","date_gmt":"2025-05-22T12:44:39","guid":{"rendered":"https:\/\/propertybook.ro\/blog\/apartament-decomandat-cu-2-camere-in-zona-herastrau-terasa-amenajata-si-centrala-proprie\/"},"modified":"2025-05-22T15:44:39","modified_gmt":"2025-05-22T12:44:39","slug":"apartament-decomandat-cu-2-camere-in-zona-herastrau-terasa-amenajata-si-centrala-proprie","status":"publish","type":"post","link":"https:\/\/propertybook.ro\/blog\/apartament-decomandat-cu-2-camere-in-zona-herastrau-terasa-amenajata-si-centrala-proprie\/","title":{"rendered":"Apartament Decomandat cu 2 Camere \u00een Zona Her\u0103str\u0103u, Teras\u0103 Amenajat\u0103 \u0219i Centrala Proprie"},"content":{"rendered":"\n<!-- ngfb content-buttons begin -->\n<!-- generated on 2026-04-25T02:09:49+00:00 -->\n<div class=\"ngfb-content-buttons\">\n<div class=\"ngfb-buttons en_US\">\n<!-- Email Button --><div class=\"css-button email-button\">\n  <a href=\"mailto:?subject=Share:%20Apartament%20Decomandat%20cu%202%20Camere%20%C3%AEn%20Zona%20Her%C4%83str%C4%83u%2C%20Teras%C4%83%20Amenajat%C4%83%20%C8%99i%20Centrala%20Proprie&body=Bucure%C8%99ti%20-%20Apartament%20decomandat%20cu%202%20camere%20%C3%AEn%20zona%20Her%C4%83str%C4%83u%2C%20aproape%20de%20lac%2C%20situat%20la%20parter%20%C3%AEntr-un%20imobil%20boutique%20cu%204%20etaje%2C%20construit%20%C3%AEn%202011.%20Dispune%20de%20o%20teras%C4%83%20exterioar%C4%83%20amenajat%C4%83%20de%2027%20mp%20%C8%99i%20central%C4%83%20proprie.%20Se%20vinde%20complet%20mobilat%20%C8%99i%20utilat%2C%20fiind%20o%20oportunitate%20de%20a%20locui%20%C3%AEntr-o%20zon%C4%83%20exclusivist%C4%83%20a%20Bucure%C8%99tiului%20sau%20de%20a%20investi%2C%20cu%20%C3%AEnchiriere%20la%20750%20euro%2Flun%C4%83.%0D%0A%0D%0AShared%20from%20https:\/\/propertybook.ro\/blog\/apartament-decomandat-cu-2-camere-in-zona-herastrau-terasa-amenajata-si-centrala-proprie\/%0D%0A\">\n    <span class=\"ngfb-icon\">\n      <svg xmlns=\"http:\/\/www.w3.org\/2000\/svg\" width=\"9\" height=\"9\" viewBox=\"0 0 28 28\">\n        <path d=\"M20.11 26.147c-2.335 1.05-4.36 1.4-7.124 1.4C6.524 27.548.84 22.916.84 15.284.84 7.343 6.602.45 15.4.45c6.854 0 11.8 4.7 11.8 11.252 0 5.684-3.193 9.265-7.398 9.3-1.83 0-3.153-.934-3.347-2.997h-.077c-1.208 1.986-2.96 2.997-5.023 2.997-2.532 0-4.36-1.868-4.36-5.062 0-4.75 3.503-9.07 9.11-9.07 1.713 0 3.7.4 4.6.972l-1.17 7.203c-.387 2.298-.115 3.3 1 3.4 1.674 0 3.774-2.102 3.774-6.58 0-5.06-3.27-8.994-9.304-8.994C9.05 2.87 3.83 7.545 3.83 14.97c0 6.5 4.2 10.2 10 10.202 1.987 0 4.09-.43 5.647-1.245l.634 2.22zM16.647 10.1c-.31-.078-.7-.155-1.207-.155-2.572 0-4.596 2.53-4.596 5.53 0 1.5.7 2.4 1.9 2.4 1.44 0 2.96-1.83 3.31-4.088l.592-3.72z\" \/>\n      <\/svg>\n    <\/span>\n    <span class=\"ngfb-text\"><\/span>\n  <\/a>\n<\/div><\/div><!-- .ngfb-buttons.en_US -->\n<\/div><!-- .ngfb-content-buttons -->\n<!-- ngfb content-buttons end -->\n\n<figure class=\"wp-block-image size-large\"><img decoding=\"async\" src=\"https:\/\/cdn.propertybook.ro\/upsidetown.ro\/2549501.webp\" alt=\"\" \/><\/figure>\n<ul>\n<li><a href=\"\/bucuresti\/\">Imobiliare Bucure\u0219ti<\/a><\/li>\n<li><a href=\"\/bucuresti\/apartamente-vanzare\/2-camere\/\">Apartamente cu 2 camere de vanzare Bucure\u0219ti<\/a><\/li>\n<\/ul>\n<p><a href=\"\/bucuresti\/imobiliare-133-2549501-2-camere-herastrau-terasa-27-mp-bloc-boutique-2011\/\" class=\"pb-listing-action\">Detaliile proprietatii<\/a><\/p>\n<p><h2 class=\"wp-block-heading\">Descoper\u0103 Apartamentul Ideal \u00een Zona Her\u0103str\u0103u<\/h2>\n<p>Dac\u0103 e\u0219ti \u00een c\u0103utarea unui apartament care combin\u0103 confortul, elegan\u021ba \u0219i o loca\u021bie deosebit\u0103, acest apartament decomandat cu 2 camere situat \u00een zona Her\u0103str\u0103u este cu siguran\u021b\u0103 o oportunitate pe care nu vrei s\u0103 o ratezi. Amplasat \u00een apropierea Lacului Her\u0103str\u0103u, acest imobil ofer\u0103 nu doar o re\u0219edin\u021b\u0103, ci \u0219i o experien\u021b\u0103 de via\u021b\u0103 deosebit\u0103.<\/p>\n<p>#<\/p>\n<h2 class=\"wp-block-heading\">Loca\u021bia Perfect\u0103<\/h2>\n<p>Zona Her\u0103str\u0103u este cunoscut\u0103 pentru atmosfera sa lini\u0219tit\u0103 \u0219i verdea\u021ba abundent\u0103, fiind una dintre cele mai exclusiviste zone din Bucure\u0219ti. Proximitatea fa\u021b\u0103 de lac \u0219i parcul Her\u0103str\u0103u \u00ee\u021bi ofer\u0103 posibilit\u0103\u021bi variate de relaxare \u0219i recreere, fiind ideal pentru plimb\u0103ri cobor\u00e2toare, jogging sau picnicuri pe malul apei. De asemenea, accesul facil la restaurante, cafenele \u0219i magazine \u00ee\u021bi va asigura tot ceea ce ai nevoie la doar c\u00e2\u021biva pa\u0219i distan\u021b\u0103.<\/p>\n<p>#<\/p>\n<h2 class=\"wp-block-heading\">Descrierea Propriet\u0103\u021bii<\/h2>\n<p>Apartamentul se afl\u0103 la parterul unui imobil tip boutique cu 4 etaje, construit \u00een 2011, oferind un mediu intim \u0219i lini\u0219tit. Cu un design modern \u0219i con\u021binut de calitate, acest apartament dispune de de o teras\u0103 exterioar\u0103 amenajat\u0103 de 27 mp, unde po\u021bi savura cafeaua de diminea\u021b\u0103 sau te po\u021bi bucura de serile r\u0103coroase.<\/p>\n<p>Interiorul este complet mobilat \u0219i utilat, ceea ce \u00eenseamn\u0103 c\u0103 te po\u021bi muta rapid f\u0103r\u0103 a mai investi timpul \u0219i resursele necesare amenaj\u0103rii. Camerele sunt spa\u021bioase \u0219i luminoase, oferind un ambient cald \u0219i primitor.<\/p>\n<p>#<\/p>\n<h2 class=\"wp-block-heading\">Oportunitate de Investi\u021bie<\/h2>\n<p>Pe l\u00e2ng\u0103 avantajele personale, acest apartament reprezint\u0103 \u0219i o investi\u021bie excelent\u0103. Cu un pre\u021b de \u00eenchiriere de 750 euro pe lun\u0103, proprietatea ofer\u0103 un poten\u021bial atractiv pentru \u00eenchirieri, av\u00e2nd \u00een vedere loca\u021bia sa deosebit\u0103 \u0219i cererea constant\u0103 de locuin\u021be \u00een aceast\u0103 zon\u0103 privilegiat\u0103.<\/p>\n<p>#<\/p>\n<h2 class=\"wp-block-heading\">Concluzie<\/h2>\n<p>Dac\u0103 \u00ee\u021bi dore\u0219ti s\u0103 locuie\u0219ti \u00eentr-o zon\u0103 prestigioas\u0103 a Bucure\u0219tiului \u0219i s\u0103 beneficiezi de toate avantajele oferite de un apartament modern \u0219i confortabil, nu c\u0103uta mai departe. Acest apartament din Her\u0103str\u0103u \u00eendepline\u0219te toate criteriile pentru a deveni noua ta re\u0219edin\u021b\u0103 sau o oportunitate de investi\u021bie. Vizion\u0103rile sunt recomandate pentru a te convinge de farmecul acestui loc minunat.<\/p>\n<p><a href=\"\/bucuresti\/imobiliare-133-2549501-2-camere-herastrau-terasa-27-mp-bloc-boutique-2011\/\" class=\"pb-listing-action\">Stabileste o vizionare<\/a><\/p>\n<ul>\n<li><a href=\"\/bucuresti\/\">Imobiliare Bucure\u0219ti<\/a><\/li>\n<li><a href=\"\/bucuresti\/apartamente-vanzare\/2-camere\/\">Apartamente cu 2 camere de vanzare Bucure\u0219ti<\/a><\/li>\n<\/ul>\n\n<!-- ngfb content-buttons begin -->\n<!-- generated on 2026-04-25T02:09:49+00:00 -->\n<div class=\"ngfb-content-buttons\">\n<div class=\"ngfb-buttons en_US\">\n<!-- Email Button --><div class=\"css-button email-button\">\n  <a href=\"mailto:?subject=Share:%20Apartament%20Decomandat%20cu%202%20Camere%20%C3%AEn%20Zona%20Her%C4%83str%C4%83u%2C%20Teras%C4%83%20Amenajat%C4%83%20%C8%99i%20Centrala%20Proprie&body=Bucure%C8%99ti%20-%20Apartament%20decomandat%20cu%202%20camere%20%C3%AEn%20zona%20Her%C4%83str%C4%83u%2C%20aproape%20de%20lac%2C%20situat%20la%20parter%20%C3%AEntr-un%20imobil%20boutique%20cu%204%20etaje%2C%20construit%20%C3%AEn%202011.%20Dispune%20de%20o%20teras%C4%83%20exterioar%C4%83%20amenajat%C4%83%20de%2027%20mp%20%C8%99i%20central%C4%83%20proprie.%20Se%20vinde%20complet%20mobilat%20%C8%99i%20utilat%2C%20fiind%20o%20oportunitate%20de%20a%20locui%20%C3%AEntr-o%20zon%C4%83%20exclusivist%C4%83%20a%20Bucure%C8%99tiului%20sau%20de%20a%20investi%2C%20cu%20%C3%AEnchiriere%20la%20750%20euro%2Flun%C4%83.%0D%0A%0D%0AShared%20from%20https:\/\/propertybook.ro\/blog\/apartament-decomandat-cu-2-camere-in-zona-herastrau-terasa-amenajata-si-centrala-proprie\/%0D%0A\">\n    <span class=\"ngfb-icon\">\n      <svg xmlns=\"http:\/\/www.w3.org\/2000\/svg\" width=\"9\" height=\"9\" viewBox=\"0 0 28 28\">\n        <path d=\"M20.11 26.147c-2.335 1.05-4.36 1.4-7.124 1.4C6.524 27.548.84 22.916.84 15.284.84 7.343 6.602.45 15.4.45c6.854 0 11.8 4.7 11.8 11.252 0 5.684-3.193 9.265-7.398 9.3-1.83 0-3.153-.934-3.347-2.997h-.077c-1.208 1.986-2.96 2.997-5.023 2.997-2.532 0-4.36-1.868-4.36-5.062 0-4.75 3.503-9.07 9.11-9.07 1.713 0 3.7.4 4.6.972l-1.17 7.203c-.387 2.298-.115 3.3 1 3.4 1.674 0 3.774-2.102 3.774-6.58 0-5.06-3.27-8.994-9.304-8.994C9.05 2.87 3.83 7.545 3.83 14.97c0 6.5 4.2 10.2 10 10.202 1.987 0 4.09-.43 5.647-1.245l.634 2.22zM16.647 10.1c-.31-.078-.7-.155-1.207-.155-2.572 0-4.596 2.53-4.596 5.53 0 1.5.7 2.4 1.9 2.4 1.44 0 2.96-1.83 3.31-4.088l.592-3.72z\" \/>\n      <\/svg>\n    <\/span>\n    <span class=\"ngfb-text\"><\/span>\n  <\/a>\n<\/div><\/div><!-- .ngfb-buttons.en_US -->\n<\/div><!-- .ngfb-content-buttons -->\n<!-- ngfb content-buttons end -->\n\n","protected":false},"excerpt":{"rendered":"<p>Bucure\u0219ti &#8211; Apartament decomandat cu 2 camere \u00een zona Her\u0103str\u0103u, aproape de lac, situat la parter \u00eentr-un imobil boutique cu 4 etaje, construit \u00een 2011. Dispune de o teras\u0103 exterioar\u0103 amenajat\u0103 de 27 mp \u0219i central\u0103 proprie. Se vinde complet mobilat \u0219i utilat, fiind o oportunitate de a locui \u00eentr-o zon\u0103 exclusivist\u0103 a Bucure\u0219tiului sau de a investi, cu \u00eenchiriere la 750 euro\/lun\u0103.<\/p>\n","protected":false},"author":8,"featured_media":5332,"comment_status":"open","ping_status":"open","sticky":false,"template":"","format":"standard","meta":{"footnotes":""},"categories":[52,49,47],"tags":[62,180,74,89,65,68,79,376],"class_list":["post-5333","post","type-post","status-publish","format-standard","has-post-thumbnail","hentry","category-apartamente-de-vanzare-bucuresti","category-oferte-imobiliare-bucuresti","category-oferte","tag-2-camere","tag-an-const-2011","tag-balcon","tag-bucuresti","tag-centrala-termica","tag-decomandat","tag-etaj-4-4","tag-o-baie"],"_links":{"self":[{"href":"https:\/\/propertybook.ro\/blog\/wp-json\/wp\/v2\/posts\/5333","targetHints":{"allow":["GET"]}}],"collection":[{"href":"https:\/\/propertybook.ro\/blog\/wp-json\/wp\/v2\/posts"}],"about":[{"href":"https:\/\/propertybook.ro\/blog\/wp-json\/wp\/v2\/types\/post"}],"author":[{"embeddable":true,"href":"https:\/\/propertybook.ro\/blog\/wp-json\/wp\/v2\/users\/8"}],"replies":[{"embeddable":true,"href":"https:\/\/propertybook.ro\/blog\/wp-json\/wp\/v2\/comments?post=5333"}],"version-history":[{"count":0,"href":"https:\/\/propertybook.ro\/blog\/wp-json\/wp\/v2\/posts\/5333\/revisions"}],"wp:featuredmedia":[{"embeddable":true,"href":"https:\/\/propertybook.ro\/blog\/wp-json\/wp\/v2\/media\/5332"}],"wp:attachment":[{"href":"https:\/\/propertybook.ro\/blog\/wp-json\/wp\/v2\/media?parent=5333"}],"wp:term":[{"taxonomy":"category","embeddable":true,"href":"https:\/\/propertybook.ro\/blog\/wp-json\/wp\/v2\/categories?post=5333"},{"taxonomy":"post_tag","embeddable":true,"href":"https:\/\/propertybook.ro\/blog\/wp-json\/wp\/v2\/tags?post=5333"}],"curies":[{"name":"wp","href":"https:\/\/api.w.org\/{rel}","templated":true}]}}