{"id":5347,"date":"2025-05-23T13:45:18","date_gmt":"2025-05-23T10:45:18","guid":{"rendered":"https:\/\/propertybook.ro\/blog\/intre-lacuri-apartament-decomandat-cu-2-camere-si-balcoane\/"},"modified":"2025-05-23T13:45:18","modified_gmt":"2025-05-23T10:45:18","slug":"intre-lacuri-apartament-decomandat-cu-2-camere-si-balcoane","status":"publish","type":"post","link":"https:\/\/propertybook.ro\/blog\/intre-lacuri-apartament-decomandat-cu-2-camere-si-balcoane\/","title":{"rendered":"\u00centre Lacuri: Apartament Decomandat cu 2 Camere \u0219i Balcoane"},"content":{"rendered":"\n<!-- ngfb content-buttons begin -->\n<!-- generated on 2026-04-26T00:11:21+00:00 -->\n<div class=\"ngfb-content-buttons\">\n<div class=\"ngfb-buttons en_US\">\n<!-- Email Button --><div class=\"css-button email-button\">\n  <a href=\"mailto:?subject=Share:%20%C3%8Entre%20Lacuri%3A%20Apartament%20Decomandat%20cu%202%20Camere%20%C8%99i%20Balcoane&body=Cluj-Napoca%2C%20Intre%20Lacuri%20-%20Apartament%20decomandat%20cu%202%20camere%2C%20situat%20la%20etajul%207%20al%20unui%20imobil%20de%209%20etaje%2C%20reabilitat%20termic%2C%20%C3%AEn%20cartierul%20%C3%8Entre%20Lacuri.%20Are%20o%20suprafa%C8%9B%C4%83%20util%C4%83%20de%2050%20mp%20%C8%99i%20include%202%20balcoane%2C%20buc%C4%83t%C4%83rie%2C%20baie%20cu%20geam%20%C8%99i%20hol%20generos.%20Finisajele%20moderne%20includ%20geamuri%20cu%20t%C3%A2mpl%C4%83rie%20PVC%2C%20u%C8%99i%20din%20lemn%20%C8%99i%20gresie.%20Confortul%20termic%20este%20asigurat%20de%20centrala%20termic%C4%83%20proprie.%20Proprietatea%20dispune%20de%20un%20loc%20de%20parcare%20cu%20abonament.%0D%0A%0D%0AShared%20from%20https:\/\/propertybook.ro\/blog\/intre-lacuri-apartament-decomandat-cu-2-camere-si-balcoane\/%0D%0A\">\n    <span class=\"ngfb-icon\">\n      <svg xmlns=\"http:\/\/www.w3.org\/2000\/svg\" width=\"9\" height=\"9\" viewBox=\"0 0 28 28\">\n        <path d=\"M20.11 26.147c-2.335 1.05-4.36 1.4-7.124 1.4C6.524 27.548.84 22.916.84 15.284.84 7.343 6.602.45 15.4.45c6.854 0 11.8 4.7 11.8 11.252 0 5.684-3.193 9.265-7.398 9.3-1.83 0-3.153-.934-3.347-2.997h-.077c-1.208 1.986-2.96 2.997-5.023 2.997-2.532 0-4.36-1.868-4.36-5.062 0-4.75 3.503-9.07 9.11-9.07 1.713 0 3.7.4 4.6.972l-1.17 7.203c-.387 2.298-.115 3.3 1 3.4 1.674 0 3.774-2.102 3.774-6.58 0-5.06-3.27-8.994-9.304-8.994C9.05 2.87 3.83 7.545 3.83 14.97c0 6.5 4.2 10.2 10 10.202 1.987 0 4.09-.43 5.647-1.245l.634 2.22zM16.647 10.1c-.31-.078-.7-.155-1.207-.155-2.572 0-4.596 2.53-4.596 5.53 0 1.5.7 2.4 1.9 2.4 1.44 0 2.96-1.83 3.31-4.088l.592-3.72z\" \/>\n      <\/svg>\n    <\/span>\n    <span class=\"ngfb-text\"><\/span>\n  <\/a>\n<\/div><\/div><!-- .ngfb-buttons.en_US -->\n<\/div><!-- .ngfb-content-buttons -->\n<!-- ngfb content-buttons end -->\n\n\n<!-- ngfb schema image for pinterest pin it button -->\n<div class=\"ngfb-schema-image-for-pinterest\" style=\"display:none;\">\n<img loading=\"lazy\" decoding=\"async\" src=\"https:\/\/propertybook.ro\/blog\/wp-content\/uploads\/2025\/05\/152927.webp\" width=\"0\" height=\"0\" style=\"width:0;height:0;\" data-pin-description=\"Cluj-Napoca, Intre Lacuri - Apartament decomandat cu 2 camere, situat la etajul 7 al unui imobil de 9 etaje, reabilitat termic, &icirc;n cartierul &Icirc;ntre Lacuri. Are o suprafa\u021b\u0103 util\u0103 de 50 mp \u0219i include 2 balcoane, buc\u0103t\u0103rie, baie cu geam \u0219i hol generos. Finisajele moderne includ geamuri cu t&acirc;mpl\u0103rie...\" alt=\"\"\/>\n<\/div><!-- .ngfb-schema-image-for-pinterest -->\n\n<figure class=\"wp-block-image size-large\"><img decoding=\"async\" src=\"https:\/\/cdn.propertybook.ro\/napoca_imobiliare\/152927.webp\" alt=\"\" \/><\/figure>\n<ul>\n<li><a href=\"\/cluj-napoca\/\">Imobiliare Cluj-Napoca<\/a><\/li>\n<li><a href=\"\/cluj-napoca\/apartamente-vanzare\/\">Apartamente de vanzare Cluj-Napoca<\/a><\/li>\n<li><a href=\"\/cluj-napoca\/apartamente-vanzare\/2-camere\/\">Apartamente cu 2 camere de vanzare Cluj-Napoca<\/a><\/li>\n<li><a href=\"\/cluj-napoca\/apartamente-vanzare\/intre_lacuri\/2-camere\/\">Apartamente cu 2 camere de vanzare Intre Lacuri, Cluj-Napoca<\/a><\/li>\n<\/ul>\n<p><a href=\"\/cluj-napoca\/imobiliare-25-152927-vanzare-apartament-2-camere-in-intre-lacuri\/\" class=\"pb-listing-action\">Detaliile proprietatii<\/a><\/p>\n<p><h2 class=\"wp-block-heading\">Descoper\u0103 Apartamentul Ideal \u00een Cartierul \u00centre Lacuri<\/h2>\n<p>Dac\u0103 e\u0219ti \u00een c\u0103utarea unui apartament confortabil \u0219i bine amplasat, cartierul \u00centre Lacuri ar putea fi locul perfect pentru tine. \u00ce\u021bi prezent\u0103m un apartament cu 2 camere, ideal pentru cupluri sau pentru o mic\u0103 familie, situat la etajul 7 al unui imobil modern cu 9 etaje, care a fost reabilitat termic recent.<\/p>\n<p>#<\/p>\n<h2 class=\"wp-block-heading\">Detalii despre apartament<\/h2>\n<p>Cu o suprafa\u021b\u0103 util\u0103 de 50 mp, acest apartament decomandat beneficiaz\u0103 de un design func\u021bional, av\u00e2nd la dispozi\u021bie dou\u0103 dormitoare, o buc\u0103t\u0103rie bine iluminat\u0103, o baie cu geam \u0219i un hol generos. Cele dou\u0103 balcoane, unul deschis \u0219i unul \u00eenchis, ofer\u0103 un loc perfect pentru a te bucura de o cafea diminea\u021ba sau pentru a te relaxa dup\u0103 o zi lung\u0103.<\/p>\n<p>#<\/p>\n<h2 class=\"wp-block-heading\">Finisaje \u0219i confort<\/h2>\n<p>Printre caracteristicile deosebite ale acestui apartament se num\u0103r\u0103:<\/p>\n<p>&#8211; Geamuri cu t\u00e2mpl\u0103rie PVC, care asigur\u0103 o izola\u021bie fonic\u0103 \u0219i termic\u0103 de calitate.<\/p>\n<p>&#8211; U\u0219i interioare din lemn, ce adaug\u0103 un aer cald \u0219i elegant.<\/p>\n<p>&#8211; O u\u0219\u0103 metalic\u0103 la intrare, care asigur\u0103 siguran\u021ba locuin\u021bei.<\/p>\n<p>&#8211; Gresie \u0219i faian\u021b\u0103 moderne \u00een baie \u0219i buc\u0103t\u0103rie, care completeaz\u0103 aspectul contemporan al apartamentului.<\/p>\n<p>&#8211; Pere\u021bi vopsi\u021bi cu lavabil, ce ofer\u0103 un aspect fresh \u0219i luminos.<\/p>\n<p>Un alt aspect important este confortul termic, asigurat de centrala termic\u0103 proprie, ce \u00ee\u021bi va permite s\u0103 controlezi temperatura din apartament \u00een orice moment.<\/p>\n<p>#<\/p>\n<h2 class=\"wp-block-heading\">Loca\u021bie convenabil\u0103<\/h2>\n<p>Apartamentul se afl\u0103 \u00eentr-o zon\u0103 foarte bine pozi\u021bionat\u0103, \u00een apropierea zonei Aurel Vlaicu, la doar 5 minute cu ma\u0219ina de centrul comercial Iulius Mall. Aceasta \u00eenseamn\u0103 acces u\u0219or la magazine, restaurante, cafenele \u0219i alte facilit\u0103\u021bi necesare pentru un stil de via\u021b\u0103 modern.<\/p>\n<p>#<\/p>\n<h2 class=\"wp-block-heading\">Extras<\/h2>\n<p>Un alt avantaj al acestui apartament este locul de parcare, disponibil cu abonament, ceea ce face ca parcarea s\u0103 nu fie o problem\u0103, un aspect din ce \u00een ce mai important \u00een marile ora\u0219e.<\/p>\n<p>#<\/p>\n<h2 class=\"wp-block-heading\">Concluzie<\/h2>\n<p>Acest apartament de 2 camere din cartierul \u00centre Lacuri reprezint\u0103 o oportunitate excelent\u0103 pentru cei care doresc s\u0103 se bucure de confort, func\u021bionalitate \u0219i o loca\u021bie central\u0103. Dac\u0103 e\u0219ti interesat s\u0103 descoperi mai multe detalii sau s\u0103 programezi o vizionare, nu ezita s\u0103 explorezi aceast\u0103 op\u021biune. Un nou c\u0103min te a\u0219teapt\u0103!<\/p>\n<p><a href=\"\/cluj-napoca\/imobiliare-25-152927-vanzare-apartament-2-camere-in-intre-lacuri\/\" class=\"pb-listing-action\">Stabileste o vizionare<\/a><\/p>\n<ul>\n<li><a href=\"\/cluj-napoca\/\">Imobiliare Cluj-Napoca<\/a><\/li>\n<li><a href=\"\/cluj-napoca\/apartamente-vanzare\/\">Apartamente de vanzare Cluj-Napoca<\/a><\/li>\n<li><a href=\"\/cluj-napoca\/apartamente-vanzare\/2-camere\/\">Apartamente cu 2 camere de vanzare Cluj-Napoca<\/a><\/li>\n<li><a href=\"\/cluj-napoca\/apartamente-vanzare\/intre_lacuri\/2-camere\/\">Apartamente cu 2 camere de vanzare Intre Lacuri, Cluj-Napoca<\/a><\/li>\n<\/ul>\n\n<!-- ngfb content-buttons begin -->\n<!-- generated on 2026-04-26T00:11:21+00:00 -->\n<div class=\"ngfb-content-buttons\">\n<div class=\"ngfb-buttons en_US\">\n<!-- Email Button --><div class=\"css-button email-button\">\n  <a href=\"mailto:?subject=Share:%20%C3%8Entre%20Lacuri%3A%20Apartament%20Decomandat%20cu%202%20Camere%20%C8%99i%20Balcoane&body=Cluj-Napoca%2C%20Intre%20Lacuri%20-%20Apartament%20decomandat%20cu%202%20camere%2C%20situat%20la%20etajul%207%20al%20unui%20imobil%20de%209%20etaje%2C%20reabilitat%20termic%2C%20%C3%AEn%20cartierul%20%C3%8Entre%20Lacuri.%20Are%20o%20suprafa%C8%9B%C4%83%20util%C4%83%20de%2050%20mp%20%C8%99i%20include%202%20balcoane%2C%20buc%C4%83t%C4%83rie%2C%20baie%20cu%20geam%20%C8%99i%20hol%20generos.%20Finisajele%20moderne%20includ%20geamuri%20cu%20t%C3%A2mpl%C4%83rie%20PVC%2C%20u%C8%99i%20din%20lemn%20%C8%99i%20gresie.%20Confortul%20termic%20este%20asigurat%20de%20centrala%20termic%C4%83%20proprie.%20Proprietatea%20dispune%20de%20un%20loc%20de%20parcare%20cu%20abonament.%0D%0A%0D%0AShared%20from%20https:\/\/propertybook.ro\/blog\/intre-lacuri-apartament-decomandat-cu-2-camere-si-balcoane\/%0D%0A\">\n    <span class=\"ngfb-icon\">\n      <svg xmlns=\"http:\/\/www.w3.org\/2000\/svg\" width=\"9\" height=\"9\" viewBox=\"0 0 28 28\">\n        <path d=\"M20.11 26.147c-2.335 1.05-4.36 1.4-7.124 1.4C6.524 27.548.84 22.916.84 15.284.84 7.343 6.602.45 15.4.45c6.854 0 11.8 4.7 11.8 11.252 0 5.684-3.193 9.265-7.398 9.3-1.83 0-3.153-.934-3.347-2.997h-.077c-1.208 1.986-2.96 2.997-5.023 2.997-2.532 0-4.36-1.868-4.36-5.062 0-4.75 3.503-9.07 9.11-9.07 1.713 0 3.7.4 4.6.972l-1.17 7.203c-.387 2.298-.115 3.3 1 3.4 1.674 0 3.774-2.102 3.774-6.58 0-5.06-3.27-8.994-9.304-8.994C9.05 2.87 3.83 7.545 3.83 14.97c0 6.5 4.2 10.2 10 10.202 1.987 0 4.09-.43 5.647-1.245l.634 2.22zM16.647 10.1c-.31-.078-.7-.155-1.207-.155-2.572 0-4.596 2.53-4.596 5.53 0 1.5.7 2.4 1.9 2.4 1.44 0 2.96-1.83 3.31-4.088l.592-3.72z\" \/>\n      <\/svg>\n    <\/span>\n    <span class=\"ngfb-text\"><\/span>\n  <\/a>\n<\/div><\/div><!-- .ngfb-buttons.en_US -->\n<\/div><!-- .ngfb-content-buttons -->\n<!-- ngfb content-buttons end -->\n\n","protected":false},"excerpt":{"rendered":"<p>Cluj-Napoca, Intre Lacuri &#8211; Apartament decomandat cu 2 camere, situat la etajul 7 al unui imobil de 9 etaje, reabilitat termic, \u00een cartierul \u00centre Lacuri. Are o suprafa\u021b\u0103 util\u0103 de 50 mp \u0219i include 2 balcoane, buc\u0103t\u0103rie, baie cu geam \u0219i hol generos. Finisajele moderne includ geamuri cu t\u00e2mpl\u0103rie PVC, u\u0219i din lemn \u0219i gresie. Confortul termic este asigurat de centrala termic\u0103 proprie. Proprietatea dispune de un loc de parcare cu abonament.<\/p>\n","protected":false},"author":8,"featured_media":5346,"comment_status":"open","ping_status":"open","sticky":false,"template":"","format":"standard","meta":{"footnotes":""},"categories":[50,48,47],"tags":[59,62,65,91,68,148,116,376,60],"class_list":["post-5347","post","type-post","status-publish","format-standard","has-post-thumbnail","hentry","category-apartamente-de-vanzare-in-cluj-napoca","category-oferte-imobiliare-in-cluj-napoca","category-oferte","tag-2-balcoane","tag-2-camere","tag-centrala-termica","tag-cluj-napoca","tag-decomandat","tag-etaj-7-9","tag-intre-lacuri","tag-o-baie","tag-parcare"],"_links":{"self":[{"href":"https:\/\/propertybook.ro\/blog\/wp-json\/wp\/v2\/posts\/5347","targetHints":{"allow":["GET"]}}],"collection":[{"href":"https:\/\/propertybook.ro\/blog\/wp-json\/wp\/v2\/posts"}],"about":[{"href":"https:\/\/propertybook.ro\/blog\/wp-json\/wp\/v2\/types\/post"}],"author":[{"embeddable":true,"href":"https:\/\/propertybook.ro\/blog\/wp-json\/wp\/v2\/users\/8"}],"replies":[{"embeddable":true,"href":"https:\/\/propertybook.ro\/blog\/wp-json\/wp\/v2\/comments?post=5347"}],"version-history":[{"count":0,"href":"https:\/\/propertybook.ro\/blog\/wp-json\/wp\/v2\/posts\/5347\/revisions"}],"wp:featuredmedia":[{"embeddable":true,"href":"https:\/\/propertybook.ro\/blog\/wp-json\/wp\/v2\/media\/5346"}],"wp:attachment":[{"href":"https:\/\/propertybook.ro\/blog\/wp-json\/wp\/v2\/media?parent=5347"}],"wp:term":[{"taxonomy":"category","embeddable":true,"href":"https:\/\/propertybook.ro\/blog\/wp-json\/wp\/v2\/categories?post=5347"},{"taxonomy":"post_tag","embeddable":true,"href":"https:\/\/propertybook.ro\/blog\/wp-json\/wp\/v2\/tags?post=5347"}],"curies":[{"name":"wp","href":"https:\/\/api.w.org\/{rel}","templated":true}]}}