{"id":5349,"date":"2025-05-23T15:44:53","date_gmt":"2025-05-23T12:44:53","guid":{"rendered":"https:\/\/propertybook.ro\/blog\/apartament-modern-cu-3-camere-si-parcare-subterana-in-cluj-napoca-manastur\/"},"modified":"2025-05-23T15:44:53","modified_gmt":"2025-05-23T12:44:53","slug":"apartament-modern-cu-3-camere-si-parcare-subterana-in-cluj-napoca-manastur","status":"publish","type":"post","link":"https:\/\/propertybook.ro\/blog\/apartament-modern-cu-3-camere-si-parcare-subterana-in-cluj-napoca-manastur\/","title":{"rendered":"Apartament Modern cu 3 Camere \u0219i Parcare Subteran\u0103 \u00een Cluj-Napoca, Manastur"},"content":{"rendered":"\n<!-- ngfb content-buttons begin -->\n<!-- generated on 2026-04-25T15:28:29+00:00 -->\n<div class=\"ngfb-content-buttons\">\n<div class=\"ngfb-buttons en_US\">\n<!-- Email Button --><div class=\"css-button email-button\">\n  <a href=\"mailto:?subject=Share:%20Apartament%20Modern%20cu%203%20Camere%20%C8%99i%20Parcare%20Subteran%C4%83%20%C3%AEn%20Cluj-Napoca%2C%20Manastur&body=Cluj-Napoca%2C%20M%C4%83n%C4%83%C8%99tur%20-%20Apartament%20modern%20cu%203%20camere%20de%20v%C3%A2nzare%20%C3%AEn%20Cluj-Napoca%2C%20cartierul%20M%C4%83n%C4%83%C8%99tur.%20Situat%20la%20etajul%202%20al%20unui%20imobil%20nou%2C%20acesta%20are%20o%20suprafa%C8%9B%C4%83%20util%C4%83%20de%2079.15%20mp%2C%20fiind%20compartimentat%20astfel%3A%202%20dormitoare%20cu%20balcoane%2C%20living%20open%20space%2C%20buc%C4%83t%C4%83rie%2C%202%20b%C4%83i%20%C8%99i%201%20balcon.%20Beneficiaz%C4%83%20de%20finisaje%20moderne%20%C8%99i%20se%20vinde%20mobilat%20%C8%99i%20utilat%2C%20cu%20central%C4%83%20termic%C4%83%20proprie.%20Se%20poate%20achizi%C8%9Biona%20%C8%99i%20o%20parcare%20subteran%C4%83.%0D%0A%0D%0AShared%20from%20https:\/\/propertybook.ro\/blog\/apartament-modern-cu-3-camere-si-parcare-subterana-in-cluj-napoca-manastur\/%0D%0A\">\n    <span class=\"ngfb-icon\">\n      <svg xmlns=\"http:\/\/www.w3.org\/2000\/svg\" width=\"9\" height=\"9\" viewBox=\"0 0 28 28\">\n        <path d=\"M20.11 26.147c-2.335 1.05-4.36 1.4-7.124 1.4C6.524 27.548.84 22.916.84 15.284.84 7.343 6.602.45 15.4.45c6.854 0 11.8 4.7 11.8 11.252 0 5.684-3.193 9.265-7.398 9.3-1.83 0-3.153-.934-3.347-2.997h-.077c-1.208 1.986-2.96 2.997-5.023 2.997-2.532 0-4.36-1.868-4.36-5.062 0-4.75 3.503-9.07 9.11-9.07 1.713 0 3.7.4 4.6.972l-1.17 7.203c-.387 2.298-.115 3.3 1 3.4 1.674 0 3.774-2.102 3.774-6.58 0-5.06-3.27-8.994-9.304-8.994C9.05 2.87 3.83 7.545 3.83 14.97c0 6.5 4.2 10.2 10 10.202 1.987 0 4.09-.43 5.647-1.245l.634 2.22zM16.647 10.1c-.31-.078-.7-.155-1.207-.155-2.572 0-4.596 2.53-4.596 5.53 0 1.5.7 2.4 1.9 2.4 1.44 0 2.96-1.83 3.31-4.088l.592-3.72z\" \/>\n      <\/svg>\n    <\/span>\n    <span class=\"ngfb-text\"><\/span>\n  <\/a>\n<\/div><\/div><!-- .ngfb-buttons.en_US -->\n<\/div><!-- .ngfb-content-buttons -->\n<!-- ngfb content-buttons end -->\n\n\n<!-- ngfb schema image for pinterest pin it button -->\n<div class=\"ngfb-schema-image-for-pinterest\" style=\"display:none;\">\n<img loading=\"lazy\" decoding=\"async\" src=\"https:\/\/propertybook.ro\/blog\/wp-content\/uploads\/2025\/05\/100505.webp\" width=\"0\" height=\"0\" style=\"width:0;height:0;\" data-pin-description=\"Cluj-Napoca, M\u0103n\u0103\u0219tur - Apartament modern cu 3 camere de v&acirc;nzare &icirc;n Cluj-Napoca, cartierul M\u0103n\u0103\u0219tur. Situat la etajul 2 al unui imobil nou, acesta are o suprafa\u021b\u0103 util\u0103 de 79.15 mp, fiind compartimentat astfel: 2 dormitoare cu balcoane, living open space, buc\u0103t\u0103rie, 2 b\u0103i \u0219i 1 balcon...\" alt=\"\"\/>\n<\/div><!-- .ngfb-schema-image-for-pinterest -->\n\n<figure class=\"wp-block-image size-large\"><img decoding=\"async\" src=\"https:\/\/cdn.propertybook.ro\/napoca_imobiliare\/100505.webp\" alt=\"\" \/><\/figure>\n<ul>\n<li><a href=\"\/cluj-napoca\/\">Imobiliare Cluj-Napoca<\/a><\/li>\n<li><a href=\"\/cluj-napoca\/apartamente-vanzare\/\">Apartamente de vanzare Cluj-Napoca<\/a><\/li>\n<li><a href=\"\/cluj-napoca\/apartamente-vanzare\/3-camere\/\">Apartamente cu 3 camere de vanzare Cluj-Napoca<\/a><\/li>\n<li><a href=\"\/cluj-napoca\/apartamente-vanzare\/manastur\/3-camere\/\">Apartamente cu 3 camere de vanzare M\u0103n\u0103\u0219tur, Cluj-Napoca<\/a><\/li>\n<\/ul>\n<p><a href=\"\/cluj-napoca\/imobiliare-25-100505-vanzare-apartament-3-camere-in-manastur\/\" class=\"pb-listing-action\">Detaliile proprietatii<\/a><\/p>\n<p><h2 class=\"wp-block-heading\">Descoper\u0103 un Apartament Ideal \u00een Cluj-Napoca!<\/h2>\n<p>Dac\u0103 e\u0219ti \u00een c\u0103utarea unei locuin\u021be moderne \u0219i confortabile \u00een Cluj-Napoca, cartierul M\u0103n\u0103\u015ftur are o ofert\u0103 pe care nu vrei s\u0103 o ratezi! Un apartament cu 3 camere, finisat la cele mai \u00eenalte standarde \u0219i dotat cu parcare subteran\u0103, \u00ee\u021bi a\u0219teapt\u0103 vizita.<\/p>\n<p>#<\/p>\n<h2 class=\"wp-block-heading\">Loca\u021bie Perfect\u0103<\/h2>\n<p>Apartamentul este situat \u00eentr-o zon\u0103 vibrant\u0103, unde accesibilitatea \u0219i facilit\u0103\u021bile sunt la ordinea zilei. Obiectivele de interes, precum magazine alimentare, farmacii \u0219i sta\u021bii de transport \u00een comun, sunt la c\u00e2\u021biva pa\u0219i distan\u021b\u0103. De asemenea, centrul comercial Platinia este \u00een imediata vecin\u0103tate \u2013 un loc ideal pentru shopping \u0219i divertisment.<\/p>\n<p>#<\/p>\n<h2 class=\"wp-block-heading\">Detalii Despre Apartament<\/h2>\n<p>Situat la etajul 2 al unui imobil nou cu 5 etaje, acest apartament se bucur\u0103 de toate avantajele unui bloc modern. Edificiul este dotat cu 2 lifturi, interfon \u0219i sistem de supraveghere video, asigur\u00e2ndu-\u021bi un mediu sigur \u0219i confortabil.<\/p>\n<p>Cu o suprafa\u021b\u0103 util\u0103 de 79.15 mp, apartamentul este ingenios compartimentat:<\/p>\n<p>&#8211; **2 dormitoare** fiecare cu balcon fran\u021buzesc, perfect pentru dimine\u021bi relaxante;<\/p>\n<p>&#8211; **1 buc\u0103t\u0103rie open space** conectat\u0103 cu livingul, ideal\u0103 pentru cei care ador\u0103 s\u0103 g\u0103teasc\u0103 \u0219i s\u0103 socializeze;<\/p>\n<p>&#8211; **2 b\u0103i**, oferind confortul necesar pentru \u00eentreaga familie;<\/p>\n<p>&#8211; **1 balcon** pentru a te bucura de aer fresh \u0219i de priveli\u0219ti.<\/p>\n<p>#<\/p>\n<h2 class=\"wp-block-heading\">Finisaje Modern<\/h2>\n<p>Calitatea finisajelor este deosebit\u0103, iar detaliile fac diferen\u021ba:<\/p>\n<p>&#8211; Pardoseala din parchet laminat confer\u0103 un aspect elegant \u0219i cald;<\/p>\n<p>&#8211; Pere\u021bii sunt acoperi\u021bi cu lavabil, u\u0219or de \u00eentre\u021binut;<\/p>\n<p>&#8211; Buc\u0103t\u0103ria \u0219i b\u0103ile sunt prev\u0103zute cu faian\u021b\u0103 \u0219i gresie moderne;<\/p>\n<p>&#8211; Geamurile termoizolante din PVC asigur\u0103 o izolare excelent\u0103;<\/p>\n<p>&#8211; U\u0219ile interioare din lemn adaug\u0103 un plus de rafinament, iar u\u0219a de la intrare este metalic\u0103, pentru un plus de securitate.<\/p>\n<p>#<\/p>\n<h2 class=\"wp-block-heading\">Mobilier \u0219i Confort<\/h2>\n<p>Apartamentul se vinde complet mobilat \u0219i utilat, fiind preg\u0103tit pentru a fi locuit imediat. Centralele termice proprii asigur\u0103 un confort termic optim, ceea ce face din acest apartament o alegere ideal\u0103 pentru orice sezon.<\/p>\n<p>#<\/p>\n<h2 class=\"wp-block-heading\">Parcare Subteran\u0103<\/h2>\n<p>Pentru cei care apreciaz\u0103 confortul, este disponibil\u0103 op\u021biunea de a achizi\u021biona o parcare subteran\u0103, o adev\u0103rat\u0103 oaz\u0103 de lini\u0219te \u00een via\u021ba urban\u0103 aglomerat\u0103, la un pre\u021b accesibil.<\/p>\n<p><h2 class=\"wp-block-heading\">Concluzie<\/h2>\n<p>Acest apartament din Cluj-Napoca reprezint\u0103 o oportunitate rar\u0103 de a te bucura de un stil de via\u021b\u0103 modern, \u00eentr-o zon\u0103 bine cotat\u0103. Fie c\u0103 e\u0219ti o familie \u00een c\u0103utarea unei noi locuin\u021be sau un investitor, acest apartament combin\u0103 toate elementele necesare confortului \u0219i func\u021bionalit\u0103\u021bii.<\/p>\n<p>Nu rata ocazia de a descoperi toate avantajele acestei propriet\u0103\u021bi! O vizionare \u00ee\u021bi va dovedi c\u0103 acest apartament poate fi cu u\u0219urin\u021b\u0103 locul pe care \u00eel vei numi &#8220;acas\u0103&#8221;.<\/p>\n<p><a href=\"\/cluj-napoca\/imobiliare-25-100505-vanzare-apartament-3-camere-in-manastur\/\" class=\"pb-listing-action\">Stabileste o vizionare<\/a><\/p>\n<ul>\n<li><a href=\"\/cluj-napoca\/\">Imobiliare Cluj-Napoca<\/a><\/li>\n<li><a href=\"\/cluj-napoca\/apartamente-vanzare\/\">Apartamente de vanzare Cluj-Napoca<\/a><\/li>\n<li><a href=\"\/cluj-napoca\/apartamente-vanzare\/3-camere\/\">Apartamente cu 3 camere de vanzare Cluj-Napoca<\/a><\/li>\n<li><a href=\"\/cluj-napoca\/apartamente-vanzare\/manastur\/3-camere\/\">Apartamente cu 3 camere de vanzare M\u0103n\u0103\u0219tur, Cluj-Napoca<\/a><\/li>\n<\/ul>\n\n<!-- ngfb content-buttons begin -->\n<!-- generated on 2026-04-25T15:28:29+00:00 -->\n<div class=\"ngfb-content-buttons\">\n<div class=\"ngfb-buttons en_US\">\n<!-- Email Button --><div class=\"css-button email-button\">\n  <a href=\"mailto:?subject=Share:%20Apartament%20Modern%20cu%203%20Camere%20%C8%99i%20Parcare%20Subteran%C4%83%20%C3%AEn%20Cluj-Napoca%2C%20Manastur&body=Cluj-Napoca%2C%20M%C4%83n%C4%83%C8%99tur%20-%20Apartament%20modern%20cu%203%20camere%20de%20v%C3%A2nzare%20%C3%AEn%20Cluj-Napoca%2C%20cartierul%20M%C4%83n%C4%83%C8%99tur.%20Situat%20la%20etajul%202%20al%20unui%20imobil%20nou%2C%20acesta%20are%20o%20suprafa%C8%9B%C4%83%20util%C4%83%20de%2079.15%20mp%2C%20fiind%20compartimentat%20astfel%3A%202%20dormitoare%20cu%20balcoane%2C%20living%20open%20space%2C%20buc%C4%83t%C4%83rie%2C%202%20b%C4%83i%20%C8%99i%201%20balcon.%20Beneficiaz%C4%83%20de%20finisaje%20moderne%20%C8%99i%20se%20vinde%20mobilat%20%C8%99i%20utilat%2C%20cu%20central%C4%83%20termic%C4%83%20proprie.%20Se%20poate%20achizi%C8%9Biona%20%C8%99i%20o%20parcare%20subteran%C4%83.%0D%0A%0D%0AShared%20from%20https:\/\/propertybook.ro\/blog\/apartament-modern-cu-3-camere-si-parcare-subterana-in-cluj-napoca-manastur\/%0D%0A\">\n    <span class=\"ngfb-icon\">\n      <svg xmlns=\"http:\/\/www.w3.org\/2000\/svg\" width=\"9\" height=\"9\" viewBox=\"0 0 28 28\">\n        <path d=\"M20.11 26.147c-2.335 1.05-4.36 1.4-7.124 1.4C6.524 27.548.84 22.916.84 15.284.84 7.343 6.602.45 15.4.45c6.854 0 11.8 4.7 11.8 11.252 0 5.684-3.193 9.265-7.398 9.3-1.83 0-3.153-.934-3.347-2.997h-.077c-1.208 1.986-2.96 2.997-5.023 2.997-2.532 0-4.36-1.868-4.36-5.062 0-4.75 3.503-9.07 9.11-9.07 1.713 0 3.7.4 4.6.972l-1.17 7.203c-.387 2.298-.115 3.3 1 3.4 1.674 0 3.774-2.102 3.774-6.58 0-5.06-3.27-8.994-9.304-8.994C9.05 2.87 3.83 7.545 3.83 14.97c0 6.5 4.2 10.2 10 10.202 1.987 0 4.09-.43 5.647-1.245l.634 2.22zM16.647 10.1c-.31-.078-.7-.155-1.207-.155-2.572 0-4.596 2.53-4.596 5.53 0 1.5.7 2.4 1.9 2.4 1.44 0 2.96-1.83 3.31-4.088l.592-3.72z\" \/>\n      <\/svg>\n    <\/span>\n    <span class=\"ngfb-text\"><\/span>\n  <\/a>\n<\/div><\/div><!-- .ngfb-buttons.en_US -->\n<\/div><!-- .ngfb-content-buttons -->\n<!-- ngfb content-buttons end -->\n\n","protected":false},"excerpt":{"rendered":"<p>Cluj-Napoca, M\u0103n\u0103\u0219tur &#8211; Apartament modern cu 3 camere de v\u00e2nzare \u00een Cluj-Napoca, cartierul M\u0103n\u0103\u0219tur. Situat la etajul 2 al unui imobil nou, acesta are o suprafa\u021b\u0103 util\u0103 de 79.15 mp, fiind compartimentat astfel: 2 dormitoare cu balcoane, living open space, buc\u0103t\u0103rie, 2 b\u0103i \u0219i 1 balcon. Beneficiaz\u0103 de finisaje moderne \u0219i se vinde mobilat \u0219i utilat, cu central\u0103 termic\u0103 proprie. Se poate achizi\u021biona \u0219i o parcare subteran\u0103.<\/p>\n","protected":false},"author":8,"featured_media":5348,"comment_status":"open","ping_status":"open","sticky":false,"template":"","format":"standard","meta":{"footnotes":""},"categories":[50,48,47],"tags":[380,55,74,65,91,117,123,60,70,63],"class_list":["post-5349","post","type-post","status-publish","format-standard","has-post-thumbnail","hentry","category-apartamente-de-vanzare-in-cluj-napoca","category-oferte-imobiliare-in-cluj-napoca","category-oferte","tag-1-bai","tag-3-camere","tag-balcon","tag-centrala-termica","tag-cluj-napoca","tag-etaj-2-5","tag-manastur","tag-parcare","tag-parchet","tag-semidecomandat"],"_links":{"self":[{"href":"https:\/\/propertybook.ro\/blog\/wp-json\/wp\/v2\/posts\/5349","targetHints":{"allow":["GET"]}}],"collection":[{"href":"https:\/\/propertybook.ro\/blog\/wp-json\/wp\/v2\/posts"}],"about":[{"href":"https:\/\/propertybook.ro\/blog\/wp-json\/wp\/v2\/types\/post"}],"author":[{"embeddable":true,"href":"https:\/\/propertybook.ro\/blog\/wp-json\/wp\/v2\/users\/8"}],"replies":[{"embeddable":true,"href":"https:\/\/propertybook.ro\/blog\/wp-json\/wp\/v2\/comments?post=5349"}],"version-history":[{"count":0,"href":"https:\/\/propertybook.ro\/blog\/wp-json\/wp\/v2\/posts\/5349\/revisions"}],"wp:featuredmedia":[{"embeddable":true,"href":"https:\/\/propertybook.ro\/blog\/wp-json\/wp\/v2\/media\/5348"}],"wp:attachment":[{"href":"https:\/\/propertybook.ro\/blog\/wp-json\/wp\/v2\/media?parent=5349"}],"wp:term":[{"taxonomy":"category","embeddable":true,"href":"https:\/\/propertybook.ro\/blog\/wp-json\/wp\/v2\/categories?post=5349"},{"taxonomy":"post_tag","embeddable":true,"href":"https:\/\/propertybook.ro\/blog\/wp-json\/wp\/v2\/tags?post=5349"}],"curies":[{"name":"wp","href":"https:\/\/api.w.org\/{rel}","templated":true}]}}