{"id":5353,"date":"2025-05-23T15:45:23","date_gmt":"2025-05-23T12:45:23","guid":{"rendered":"https:\/\/propertybook.ro\/blog\/intreaga-familie-va-iubi-acest-apartament-cu-3-camere-in-iancului-la-1-minut-de-metrou\/"},"modified":"2025-05-23T15:45:23","modified_gmt":"2025-05-23T12:45:23","slug":"intreaga-familie-va-iubi-acest-apartament-cu-3-camere-in-iancului-la-1-minut-de-metrou","status":"publish","type":"post","link":"https:\/\/propertybook.ro\/blog\/intreaga-familie-va-iubi-acest-apartament-cu-3-camere-in-iancului-la-1-minut-de-metrou\/","title":{"rendered":"\u00centreaga Familie va Iubi Acest Apartament cu 3 Camere \u00een Iancului, la 1 Minut de Metrou!"},"content":{"rendered":"\n<!-- ngfb content-buttons begin -->\n<!-- generated on 2026-05-01T16:29:15+00:00 -->\n<div class=\"ngfb-content-buttons\">\n<div class=\"ngfb-buttons en_US\">\n<!-- Email Button --><div class=\"css-button email-button\">\n  <a href=\"mailto:?subject=Share:%20%C3%8Entreaga%20Familie%20va%20Iubi%20Acest%20Apartament%20cu%203%20Camere%20%C3%AEn%20Iancului%2C%20la%201%20Minut%20de%20Metrou%21&body=Bucure%C8%99ti%2C%20Vatra%20Luminoas%C4%83%20-%20Apartament%20decomandat%20cu%203%20camere%2C%20situat%20%C3%AEn%20Iancului%2C%20la%201%20minut%20de%20metrou%2C%20disponibil%20pentru%2095.000%20%E2%82%AC.%20Cu%20o%20suprafa%C8%9B%C4%83%20util%C4%83%20de%2062%2C55%20mp%2C%20la%20etajul%2010%20din%2011%2C%20apartamentul%20include%202%20dormitoare%2C%20living%2C%20buc%C4%83t%C4%83rie%20separat%C4%83%20%C8%99i%20balcon%20%C3%AEnchis.%20Necesit%C4%83%20renovare%2C%20oferind%20astfel%20ocazia%20de%20a%20fi%20personalizat.%20Beneficiaz%C4%83%20de%20vedere%20panoramic%C4%83%20%C8%99i%20lumin%C4%83%20natural%C4%83%2C%20%C3%AEntr-un%20bloc%20curat%20%C8%99i%20solid%2C%20cu%20vecini%20civiliza%C8%9Bi.%20Programeaz%C4%83%20o%20vizionare%21%0D%0A%0D%0AShared%20from%20https:\/\/propertybook.ro\/blog\/intreaga-familie-va-iubi-acest-apartament-cu-3-camere-in-iancului-la-1-minut-de-metrou\/%0D%0A\">\n    <span class=\"ngfb-icon\">\n      <svg xmlns=\"http:\/\/www.w3.org\/2000\/svg\" width=\"9\" height=\"9\" viewBox=\"0 0 28 28\">\n        <path d=\"M20.11 26.147c-2.335 1.05-4.36 1.4-7.124 1.4C6.524 27.548.84 22.916.84 15.284.84 7.343 6.602.45 15.4.45c6.854 0 11.8 4.7 11.8 11.252 0 5.684-3.193 9.265-7.398 9.3-1.83 0-3.153-.934-3.347-2.997h-.077c-1.208 1.986-2.96 2.997-5.023 2.997-2.532 0-4.36-1.868-4.36-5.062 0-4.75 3.503-9.07 9.11-9.07 1.713 0 3.7.4 4.6.972l-1.17 7.203c-.387 2.298-.115 3.3 1 3.4 1.674 0 3.774-2.102 3.774-6.58 0-5.06-3.27-8.994-9.304-8.994C9.05 2.87 3.83 7.545 3.83 14.97c0 6.5 4.2 10.2 10 10.202 1.987 0 4.09-.43 5.647-1.245l.634 2.22zM16.647 10.1c-.31-.078-.7-.155-1.207-.155-2.572 0-4.596 2.53-4.596 5.53 0 1.5.7 2.4 1.9 2.4 1.44 0 2.96-1.83 3.31-4.088l.592-3.72z\" \/>\n      <\/svg>\n    <\/span>\n    <span class=\"ngfb-text\"><\/span>\n  <\/a>\n<\/div><\/div><!-- .ngfb-buttons.en_US -->\n<\/div><!-- .ngfb-content-buttons -->\n<!-- ngfb content-buttons end -->\n\n\n<!-- ngfb schema image for pinterest pin it button -->\n<div class=\"ngfb-schema-image-for-pinterest\" style=\"display:none;\">\n<img loading=\"lazy\" decoding=\"async\" src=\"https:\/\/propertybook.ro\/blog\/wp-content\/uploads\/2025\/05\/2550991.webp\" width=\"0\" height=\"0\" style=\"width:0;height:0;\" data-pin-description=\"Bucure\u0219ti, Vatra Luminoas\u0103 - Apartament decomandat cu 3 camere, situat &icirc;n Iancului, la 1 minut de metrou, disponibil pentru 95.000 &euro;. Cu o suprafa\u021b\u0103 util\u0103 de 62,55 mp, la etajul 10 din 11, apartamentul include 2 dormitoare, living, buc\u0103t\u0103rie separat\u0103 \u0219i balcon &icirc;nchis. Necesit\u0103 renovare, oferind...\" alt=\"\"\/>\n<\/div><!-- .ngfb-schema-image-for-pinterest -->\n\n<figure class=\"wp-block-image size-large\"><img decoding=\"async\" src=\"https:\/\/cdn.propertybook.ro\/agentia-imobiliara.ro\/2550991.webp\" alt=\"\" \/><\/figure>\n<ul>\n<li><a href=\"\/bucuresti\/\">Imobiliare Bucure\u0219ti<\/a><\/li>\n<li><a href=\"\/bucuresti\/apartamente-vanzare\/\">Apartamente de vanzare Bucure\u0219ti<\/a><\/li>\n<li><a href=\"\/bucuresti\/apartamente-vanzare\/3-camere\/\">Apartamente cu 3 camere de vanzare Bucure\u0219ti<\/a><\/li>\n<li><a href=\"\/bucuresti\/apartamente-vanzare\/vatra_luminoasa\/3-camere\/\">Apartamente cu 3 camere de vanzare Vatra Luminoas\u0103, Bucure\u0219ti<\/a><\/li>\n<\/ul>\n<p><a href=\"\/bucuresti\/imobiliare-184-2550991-3-camere-metrou-iancului-super-pret\/\" class=\"pb-listing-action\">Detaliile proprietatii<\/a><\/p>\n<p><h2 class=\"wp-block-heading\">Apartament Decomandat cu 3 Camere \u00een Iancului \u2013 O Oportunitate Unic\u0103<\/h2>\n<p>Cau\u021bi un apartament care s\u0103 \u00ee\u021bi ofere comfort, accesibilitate \u0219i poten\u021bial? Aceast\u0103 proprietate cu 3 camere situat\u0103 \u00een zona Iancului din Bucure\u0219ti ar putea fi exact ceea ce \u00ee\u021bi dore\u0219ti. Cu o localizare excelent\u0103 \u0219i un pre\u021b accesibil, apartamentul este ideal at\u00e2t pentru familii, c\u00e2t \u0219i pentru cei care caut\u0103 o investi\u021bie profitabil\u0103.<\/p>\n<p>#<\/p>\n<h2 class=\"wp-block-heading\">Localizare Ideal\u0103<\/h2>\n<p>Unul dintre avantajele principale ale acestui apartament este pozi\u021bia sa. La doar 1 minut de mers pe jos de sta\u021bia de metrou Iancului, locuin\u021ba ofer\u0103 un acces rapid \u0219i facil la transportul \u00een comun. De asemenea, e\u0219ti aproape de sta\u021biile de tramvai \u0219i autobuz, ceea ce faciliteaz\u0103 deplas\u0103rile \u00een diverse zone ale ora\u0219ului. Iancului este o zon\u0103 bine conectat\u0103, renumit\u0103 pentru accesibilitatea sa \u0219i pentru numeroasele facilita\u021bi urbane disponibile \u00een apropiere.<\/p>\n<p>#<\/p>\n<h2 class=\"wp-block-heading\">Detalii Despre Apartament<\/h2>\n<p>Apartamentul are o suprafa\u021b\u0103 util\u0103 de 62,55 mp \u0219i o suprafa\u021b\u0103 construit\u0103 de 71,9 mp, situat la etajul 10 din 11 al unui bloc bine \u00eentre\u021binut. Cu doar 3 apartamente pe palier la ultimul etaj, vei beneficia de intimitate \u0219i lini\u0219te. Compartimentarea eficient\u0103 include dou\u0103 dormitoare, un living spa\u021bios, o buc\u0103t\u0103rie separat\u0103, o baie \u0219i un balcon \u00eenchis \u2013 perfect pentru a te bucura de momentele de relaxare.<\/p>\n<p><h2 class=\"wp-block-heading\">\u00cembun\u0103t\u0103\u021biri Necesare<\/h2>\n<p>Apartamentul necesit\u0103 renovare, oferind astfel noilor proprietari oportunitatea de a-l amenaja \u00een func\u021bie de preferin\u021bele \u0219i nevoile personale. Aceasta poate fi o oportunitate minunat\u0103 de a crea un spa\u021biu personalizat, adaptat stilului t\u0103u de via\u021b\u0103.<\/p>\n<p>#<\/p>\n<h2 class=\"wp-block-heading\">Avantajele Propriet\u0103\u021bii<\/h2>\n<p>Printre avantajele acestui apartament se num\u0103r\u0103:<\/p>\n<p>&#8211; **Vedere panoramica**: te vei bucura de o priveli\u0219te deosebit\u0103 de la \u00een\u0103l\u021bime.<\/p>\n<p>&#8211; **Lumin\u0103 natural\u0103**: spa\u021biile luminoase contribuie la o atmosfer\u0103 cald\u0103 \u0219i primitoare.<\/p>\n<p>&#8211; **Vecini civiliza\u021bi**: un mediu pl\u0103cut \u0219i lini\u0219tit \u00een care s\u0103 tr\u0103ie\u0219ti.<\/p>\n<h2 class=\"wp-block-heading\">Concluzie<\/h2>\n<p>Dac\u0103 e\u0219ti \u00een c\u0103utarea unui spa\u021biu care s\u0103 \u00ee\u021bi ofere confort \u0219i personalitate, acest apartament din Iancului ar putea fi alegerea ideal\u0103. Proximitatea fa\u021b\u0103 de transportul public, facilit\u0103\u021bile din zon\u0103 \u0219i poten\u021bialul de personalizare fac din aceast\u0103 proprietate o oportunitate rar\u0103. Nu pierde ocazia de a transforma acest apartament \u00eentr-un \u201eacas\u0103\u201d personalizat. Programeaz\u0103 o vizionare \u0219i descoper\u0103 toate avantajele pe care le ofer\u0103 acest spa\u021biu!<\/p>\n<p><a href=\"\/bucuresti\/imobiliare-184-2550991-3-camere-metrou-iancului-super-pret\/\" class=\"pb-listing-action\">Stabileste o vizionare<\/a><\/p>\n<ul>\n<li><a href=\"\/bucuresti\/\">Imobiliare Bucure\u0219ti<\/a><\/li>\n<li><a href=\"\/bucuresti\/apartamente-vanzare\/\">Apartamente de vanzare Bucure\u0219ti<\/a><\/li>\n<li><a href=\"\/bucuresti\/apartamente-vanzare\/3-camere\/\">Apartamente cu 3 camere de vanzare Bucure\u0219ti<\/a><\/li>\n<li><a href=\"\/bucuresti\/apartamente-vanzare\/vatra_luminoasa\/3-camere\/\">Apartamente cu 3 camere de vanzare Vatra Luminoas\u0103, Bucure\u0219ti<\/a><\/li>\n<\/ul>\n\n<!-- ngfb content-buttons begin -->\n<!-- generated on 2026-05-01T16:29:15+00:00 -->\n<div class=\"ngfb-content-buttons\">\n<div class=\"ngfb-buttons en_US\">\n<!-- Email Button --><div class=\"css-button email-button\">\n  <a href=\"mailto:?subject=Share:%20%C3%8Entreaga%20Familie%20va%20Iubi%20Acest%20Apartament%20cu%203%20Camere%20%C3%AEn%20Iancului%2C%20la%201%20Minut%20de%20Metrou%21&body=Bucure%C8%99ti%2C%20Vatra%20Luminoas%C4%83%20-%20Apartament%20decomandat%20cu%203%20camere%2C%20situat%20%C3%AEn%20Iancului%2C%20la%201%20minut%20de%20metrou%2C%20disponibil%20pentru%2095.000%20%E2%82%AC.%20Cu%20o%20suprafa%C8%9B%C4%83%20util%C4%83%20de%2062%2C55%20mp%2C%20la%20etajul%2010%20din%2011%2C%20apartamentul%20include%202%20dormitoare%2C%20living%2C%20buc%C4%83t%C4%83rie%20separat%C4%83%20%C8%99i%20balcon%20%C3%AEnchis.%20Necesit%C4%83%20renovare%2C%20oferind%20astfel%20ocazia%20de%20a%20fi%20personalizat.%20Beneficiaz%C4%83%20de%20vedere%20panoramic%C4%83%20%C8%99i%20lumin%C4%83%20natural%C4%83%2C%20%C3%AEntr-un%20bloc%20curat%20%C8%99i%20solid%2C%20cu%20vecini%20civiliza%C8%9Bi.%20Programeaz%C4%83%20o%20vizionare%21%0D%0A%0D%0AShared%20from%20https:\/\/propertybook.ro\/blog\/intreaga-familie-va-iubi-acest-apartament-cu-3-camere-in-iancului-la-1-minut-de-metrou\/%0D%0A\">\n    <span class=\"ngfb-icon\">\n      <svg xmlns=\"http:\/\/www.w3.org\/2000\/svg\" width=\"9\" height=\"9\" viewBox=\"0 0 28 28\">\n        <path d=\"M20.11 26.147c-2.335 1.05-4.36 1.4-7.124 1.4C6.524 27.548.84 22.916.84 15.284.84 7.343 6.602.45 15.4.45c6.854 0 11.8 4.7 11.8 11.252 0 5.684-3.193 9.265-7.398 9.3-1.83 0-3.153-.934-3.347-2.997h-.077c-1.208 1.986-2.96 2.997-5.023 2.997-2.532 0-4.36-1.868-4.36-5.062 0-4.75 3.503-9.07 9.11-9.07 1.713 0 3.7.4 4.6.972l-1.17 7.203c-.387 2.298-.115 3.3 1 3.4 1.674 0 3.774-2.102 3.774-6.58 0-5.06-3.27-8.994-9.304-8.994C9.05 2.87 3.83 7.545 3.83 14.97c0 6.5 4.2 10.2 10 10.202 1.987 0 4.09-.43 5.647-1.245l.634 2.22zM16.647 10.1c-.31-.078-.7-.155-1.207-.155-2.572 0-4.596 2.53-4.596 5.53 0 1.5.7 2.4 1.9 2.4 1.44 0 2.96-1.83 3.31-4.088l.592-3.72z\" \/>\n      <\/svg>\n    <\/span>\n    <span class=\"ngfb-text\"><\/span>\n  <\/a>\n<\/div><\/div><!-- .ngfb-buttons.en_US -->\n<\/div><!-- .ngfb-content-buttons -->\n<!-- ngfb content-buttons end -->\n\n","protected":false},"excerpt":{"rendered":"<p>Bucure\u0219ti, Vatra Luminoas\u0103 &#8211; Apartament decomandat cu 3 camere, situat \u00een Iancului, la 1 minut de metrou, disponibil pentru 95.000 \u20ac. Cu o suprafa\u021b\u0103 util\u0103 de 62,55 mp, la etajul 10 din 11, apartamentul include 2 dormitoare, living, buc\u0103t\u0103rie separat\u0103 \u0219i balcon \u00eenchis. Necesit\u0103 renovare, oferind astfel ocazia de a fi personalizat. Beneficiaz\u0103 de vedere panoramic\u0103 \u0219i lumin\u0103 natural\u0103, \u00eentr-un bloc curat \u0219i solid, cu vecini civiliza\u021bi. Programeaz\u0103 o vizionare!<\/p>\n","protected":false},"author":8,"featured_media":5352,"comment_status":"open","ping_status":"open","sticky":false,"template":"","format":"standard","meta":{"footnotes":""},"categories":[52,49,47],"tags":[55,307,74,89,68,125,376,199],"class_list":["post-5353","post","type-post","status-publish","format-standard","has-post-thumbnail","hentry","category-apartamente-de-vanzare-bucuresti","category-oferte-imobiliare-bucuresti","category-oferte","tag-3-camere","tag-an-const-1978","tag-balcon","tag-bucuresti","tag-decomandat","tag-etaj-10-11","tag-o-baie","tag-vatra-luminoasa"],"_links":{"self":[{"href":"https:\/\/propertybook.ro\/blog\/wp-json\/wp\/v2\/posts\/5353","targetHints":{"allow":["GET"]}}],"collection":[{"href":"https:\/\/propertybook.ro\/blog\/wp-json\/wp\/v2\/posts"}],"about":[{"href":"https:\/\/propertybook.ro\/blog\/wp-json\/wp\/v2\/types\/post"}],"author":[{"embeddable":true,"href":"https:\/\/propertybook.ro\/blog\/wp-json\/wp\/v2\/users\/8"}],"replies":[{"embeddable":true,"href":"https:\/\/propertybook.ro\/blog\/wp-json\/wp\/v2\/comments?post=5353"}],"version-history":[{"count":0,"href":"https:\/\/propertybook.ro\/blog\/wp-json\/wp\/v2\/posts\/5353\/revisions"}],"wp:featuredmedia":[{"embeddable":true,"href":"https:\/\/propertybook.ro\/blog\/wp-json\/wp\/v2\/media\/5352"}],"wp:attachment":[{"href":"https:\/\/propertybook.ro\/blog\/wp-json\/wp\/v2\/media?parent=5353"}],"wp:term":[{"taxonomy":"category","embeddable":true,"href":"https:\/\/propertybook.ro\/blog\/wp-json\/wp\/v2\/categories?post=5353"},{"taxonomy":"post_tag","embeddable":true,"href":"https:\/\/propertybook.ro\/blog\/wp-json\/wp\/v2\/tags?post=5353"}],"curies":[{"name":"wp","href":"https:\/\/api.w.org\/{rel}","templated":true}]}}