{"id":5389,"date":"2025-05-27T15:45:05","date_gmt":"2025-05-27T12:45:05","guid":{"rendered":"https:\/\/propertybook.ro\/blog\/apartament-deosebit-cu-4-camere-in-zona-the-office-90-74-mp-balcoane-si-loc-de-parcare\/"},"modified":"2025-05-27T15:45:05","modified_gmt":"2025-05-27T12:45:05","slug":"apartament-deosebit-cu-4-camere-in-zona-the-office-90-74-mp-balcoane-si-loc-de-parcare","status":"publish","type":"post","link":"https:\/\/propertybook.ro\/blog\/apartament-deosebit-cu-4-camere-in-zona-the-office-90-74-mp-balcoane-si-loc-de-parcare\/","title":{"rendered":"Apartament Deosebit cu 4 Camere \u00een Zona The Office &#8211; 90.74 mp, Balcoane \u0219i Loc de Parcare!"},"content":{"rendered":"\n<!-- ngfb content-buttons begin -->\n<!-- generated on 2026-04-29T01:56:47+00:00 -->\n<div class=\"ngfb-content-buttons\">\n<div class=\"ngfb-buttons en_US\">\n<!-- Email Button --><div class=\"css-button email-button\">\n  <a href=\"mailto:?subject=Share:%20Apartament%20Deosebit%20cu%204%20Camere%20%C3%AEn%20Zona%20The%20Office%20%26%238211%3B%2090.74%20mp%2C%20Balcoane%20%C8%99i%20Loc%20de%20Parcare%21&body=Cluj-Napoca%2C%20M%C4%83r%C4%83%C8%99ti%20-%20Apartament%20cu%204%20camere%20decomandate%2C%20situat%20%C3%AEn%20cartierul%20M%C4%83r%C4%83%C8%99ti%2C%20zona%20The%20Office.%20Spatiul%20util%20de%2090.74%20mp%20include%202%20balcoane%20%C8%99i%20este%20distribuit%20pe%20etajul%203%20al%20unui%20imobil%20cu%206%20etaje.%20Finisajele%20sunt%20moderne%2C%20iar%20apartamentul%20necesit%C4%83%20mici%20%C3%AEmbun%C4%83t%C4%83%C8%9Biri.%20Este%20bine%20conectat%20la%20mijloacele%20de%20transport%20%C8%99i%20are%20loc%20de%20parcare%20de%20la%20prim%C4%83rie.%20Confortul%20termic%20este%20asigurat%20de%20centrala%20proprie.%0D%0A%0D%0AShared%20from%20https:\/\/propertybook.ro\/blog\/apartament-deosebit-cu-4-camere-in-zona-the-office-90-74-mp-balcoane-si-loc-de-parcare\/%0D%0A\">\n    <span class=\"ngfb-icon\">\n      <svg xmlns=\"http:\/\/www.w3.org\/2000\/svg\" width=\"9\" height=\"9\" viewBox=\"0 0 28 28\">\n        <path d=\"M20.11 26.147c-2.335 1.05-4.36 1.4-7.124 1.4C6.524 27.548.84 22.916.84 15.284.84 7.343 6.602.45 15.4.45c6.854 0 11.8 4.7 11.8 11.252 0 5.684-3.193 9.265-7.398 9.3-1.83 0-3.153-.934-3.347-2.997h-.077c-1.208 1.986-2.96 2.997-5.023 2.997-2.532 0-4.36-1.868-4.36-5.062 0-4.75 3.503-9.07 9.11-9.07 1.713 0 3.7.4 4.6.972l-1.17 7.203c-.387 2.298-.115 3.3 1 3.4 1.674 0 3.774-2.102 3.774-6.58 0-5.06-3.27-8.994-9.304-8.994C9.05 2.87 3.83 7.545 3.83 14.97c0 6.5 4.2 10.2 10 10.202 1.987 0 4.09-.43 5.647-1.245l.634 2.22zM16.647 10.1c-.31-.078-.7-.155-1.207-.155-2.572 0-4.596 2.53-4.596 5.53 0 1.5.7 2.4 1.9 2.4 1.44 0 2.96-1.83 3.31-4.088l.592-3.72z\" \/>\n      <\/svg>\n    <\/span>\n    <span class=\"ngfb-text\"><\/span>\n  <\/a>\n<\/div><\/div><!-- .ngfb-buttons.en_US -->\n<\/div><!-- .ngfb-content-buttons -->\n<!-- ngfb content-buttons end -->\n\n\n<!-- ngfb schema image for pinterest pin it button -->\n<div class=\"ngfb-schema-image-for-pinterest\" style=\"display:none;\">\n<img loading=\"lazy\" decoding=\"async\" src=\"https:\/\/propertybook.ro\/blog\/wp-content\/uploads\/2025\/05\/153033.webp\" width=\"0\" height=\"0\" style=\"width:0;height:0;\" data-pin-description=\"Cluj-Napoca, M\u0103r\u0103\u0219ti - Apartament cu 4 camere decomandate, situat &icirc;n cartierul M\u0103r\u0103\u0219ti, zona The Office. Spatiul util de 90.74 mp include 2 balcoane \u0219i este distribuit pe etajul 3 al unui imobil cu 6 etaje. Finisajele sunt moderne, iar apartamentul necesit\u0103 mici &icirc;mbun\u0103t\u0103\u021biri. Este bine conectat...\" alt=\"\"\/>\n<\/div><!-- .ngfb-schema-image-for-pinterest -->\n\n<figure class=\"wp-block-image size-large\"><img decoding=\"async\" src=\"https:\/\/cdn.propertybook.ro\/napoca_imobiliare\/153033.webp\" alt=\"\" \/><\/figure>\n<ul>\n<li><a href=\"\/cluj-napoca\/\">Imobiliare Cluj-Napoca<\/a><\/li>\n<li><a href=\"\/cluj-napoca\/apartamente-vanzare\/\">Apartamente de vanzare Cluj-Napoca<\/a><\/li>\n<li><a href=\"\/cluj-napoca\/apartamente-vanzare\/4-camere\/\">Apartamente cu 4 camere de vanzare Cluj-Napoca<\/a><\/li>\n<li><a href=\"\/cluj-napoca\/apartamente-vanzare\/marasti\/4-camere\/\">Apartamente cu 4 camere de vanzare M\u0103r\u0103\u0219ti, Cluj-Napoca<\/a><\/li>\n<\/ul>\n<p><a href=\"\/cluj-napoca\/imobiliare-25-153033-de-vanzare-apartament-4-camere-in-marasti\/\" class=\"pb-listing-action\">Detaliile proprietatii<\/a><\/p>\n<p><h2 class=\"wp-block-heading\">Descoper\u0103 confortul \u0219i spa\u021biul oferit de un apartament cu 4 camere \u00een inima cartierului M\u0103r\u0103\u0219ti!<\/h2>\n<p>Dac\u0103 e\u0219ti \u00een c\u0103utarea unui nou loc de acas\u0103, acest apartament cu 4 camere decomandate ar putea fi exact ceea ce ai nevoie. Situat \u00een fermec\u0103torul cartier M\u0103r\u0103\u0219ti, pe strada 21 Decembrie 1989, acest apartament de 90.74 mp este perfect pentru o familie care \u00ee\u0219i dore\u0219te un spa\u021biu generos \u0219i confortabil.<\/p>\n<p><h2 class=\"wp-block-heading\">Loca\u021bie excelent\u0103<\/h2>\n<p>Unul dintre cele mai mari avantaje ale acestei propriet\u0103\u021bi este loca\u021bia sa strategic\u0103. Imobilul se afl\u0103 la doar c\u00e2teva minute de mers pe jos de mijloacele de transport \u00een comun, institu\u021bii de \u00eenv\u0103\u021b\u0103m\u00e2nt, spitale \u0219i centre comerciale. Astfel, vei beneficia de tot ceea ce ai nevoie la o distan\u021b\u0103 accesibil\u0103, f\u0103c\u00e2nd via\u021ba de zi cu zi mai simpl\u0103 \u0219i mai pl\u0103cut\u0103.<\/p>\n<p><h2 class=\"wp-block-heading\">Detalii despre apartament<\/h2>\n<p>Apartamentul este situat la etajul 3 al unui imobil cu 6 etaje \u0219i se remarc\u0103 printr-o organizare ingenioas\u0103 a spa\u021biului. Cele 4 camere sunt distribuite astfel \u00eenc\u00e2t s\u0103 ofere intimitate \u0219i confort. Iat\u0103 c\u00e2teva dintre caracteristicile cheie ale acestui apartament:<\/p>\n<p>&#8211; **Dormitor principal**: Un dormitor luminos, dotat cu un balcon orientat sudic, perfect pentru a te bucura de soare \u0219i aer curat.<\/p>\n<p>&#8211; **Alte dormitoare**: Trei dormitoare spa\u021bioase, dintre care unul dispune de balcon, orientate c\u0103tre curtea interioar\u0103, oferind astfel un cadru lini\u0219tit pentru relaxare.<\/p>\n<p>&#8211; **Buc\u0103t\u0103rie \u0219i camer\u0103 de alimente**: O buc\u0103t\u0103rie mare cu un spa\u021biu generos de luat mas\u0103 \u0219i o c\u0103mar\u0103 de alimente asigur\u0103 confortul necesar oric\u0103rei familii pasionate de g\u0103tit.<\/p>\n<p>&#8211; **Baie**: Apartamentul dispune de dou\u0103 b\u0103i, una dintre ele fiind dotat\u0103 cu cabin\u0103 de du\u0219, iar cealalt\u0103 cu cad\u0103, asigur\u00e2nd astfel op\u021biuni pentru to\u021bi membrii familiei.<\/p>\n<p>&#8211; **Hol imens**: Holul generos faciliteaz\u0103 accesul spre toate \u00eenc\u0103perile, fiind un element ce adaug\u0103 func\u021bionalitate.<\/p>\n<p><h2 class=\"wp-block-heading\">Finisaje \u0219i confort<\/h2>\n<p>Apartamentul este finisat \u00eentr-un stil clasic \u0219i modern, iar micile investi\u021bii necesare pot fi realizate conform gustului personal al cump\u0103r\u0103torului. Finisajele contureaz\u0103 un ambient cald \u0219i primitor:<\/p>\n<p>&#8211; Pardoseala este din parchet din lemn masiv, oferind un aspect elegant \u0219i o senza\u021bie pl\u0103cut\u0103 la atingere.<\/p>\n<p>&#8211; Pere\u021bii sunt zugr\u0103vi\u021bi cu vopsea lavabil\u0103, iar gresia \u0219i faian\u021ba din baie \u0219i buc\u0103t\u0103rie aduc un strop de rafinament.<\/p>\n<p>&#8211; Geamurile termoizolante din PVC contribuie la men\u021binerea unei temperaturi confortabile pe tot parcursul anului, iar centrala proprie asigur\u0103 un confort termic deosebit.<\/p>\n<p><h2 class=\"wp-block-heading\">Loc de parcare disponibil<\/h2>\n<p>Un alt avantaj al acestui apartament este locul de parcare de la prim\u0103rie, care \u00ee\u021bi va facilita parcarea \u00een zon\u0103, o adev\u0103rat\u0103 comoditate \u00een ora\u0219ul aglomerat.<\/p>\n<h2 class=\"wp-block-heading\">\u00cen concluzie<\/h2>\n<p>Dac\u0103 \u00ee\u021bi dore\u0219ti un apartament \u00eentr-o zon\u0103 bine cotat\u0103, cu toate facilit\u0103\u021bile necesare la \u00eendem\u00e2n\u0103, nu rata ocazia de a viziona acest apartament cu 4 camere din cartierul M\u0103r\u0103\u0219ti. Contacteaz\u0103 un specialist imobiliar pentru mai multe detalii \u0219i pentru a programa o vizionare. Aceasta ar putea fi casa visurilor tale!<\/p>\n<p><a href=\"\/cluj-napoca\/imobiliare-25-153033-de-vanzare-apartament-4-camere-in-marasti\/\" class=\"pb-listing-action\">Stabileste o vizionare<\/a><\/p>\n<ul>\n<li><a href=\"\/cluj-napoca\/\">Imobiliare Cluj-Napoca<\/a><\/li>\n<li><a href=\"\/cluj-napoca\/apartamente-vanzare\/\">Apartamente de vanzare Cluj-Napoca<\/a><\/li>\n<li><a href=\"\/cluj-napoca\/apartamente-vanzare\/4-camere\/\">Apartamente cu 4 camere de vanzare Cluj-Napoca<\/a><\/li>\n<li><a href=\"\/cluj-napoca\/apartamente-vanzare\/marasti\/4-camere\/\">Apartamente cu 4 camere de vanzare M\u0103r\u0103\u0219ti, Cluj-Napoca<\/a><\/li>\n<\/ul>\n\n<!-- ngfb content-buttons begin -->\n<!-- generated on 2026-04-29T01:56:47+00:00 -->\n<div class=\"ngfb-content-buttons\">\n<div class=\"ngfb-buttons en_US\">\n<!-- Email Button --><div class=\"css-button email-button\">\n  <a href=\"mailto:?subject=Share:%20Apartament%20Deosebit%20cu%204%20Camere%20%C3%AEn%20Zona%20The%20Office%20%26%238211%3B%2090.74%20mp%2C%20Balcoane%20%C8%99i%20Loc%20de%20Parcare%21&body=Cluj-Napoca%2C%20M%C4%83r%C4%83%C8%99ti%20-%20Apartament%20cu%204%20camere%20decomandate%2C%20situat%20%C3%AEn%20cartierul%20M%C4%83r%C4%83%C8%99ti%2C%20zona%20The%20Office.%20Spatiul%20util%20de%2090.74%20mp%20include%202%20balcoane%20%C8%99i%20este%20distribuit%20pe%20etajul%203%20al%20unui%20imobil%20cu%206%20etaje.%20Finisajele%20sunt%20moderne%2C%20iar%20apartamentul%20necesit%C4%83%20mici%20%C3%AEmbun%C4%83t%C4%83%C8%9Biri.%20Este%20bine%20conectat%20la%20mijloacele%20de%20transport%20%C8%99i%20are%20loc%20de%20parcare%20de%20la%20prim%C4%83rie.%20Confortul%20termic%20este%20asigurat%20de%20centrala%20proprie.%0D%0A%0D%0AShared%20from%20https:\/\/propertybook.ro\/blog\/apartament-deosebit-cu-4-camere-in-zona-the-office-90-74-mp-balcoane-si-loc-de-parcare\/%0D%0A\">\n    <span class=\"ngfb-icon\">\n      <svg xmlns=\"http:\/\/www.w3.org\/2000\/svg\" width=\"9\" height=\"9\" viewBox=\"0 0 28 28\">\n        <path d=\"M20.11 26.147c-2.335 1.05-4.36 1.4-7.124 1.4C6.524 27.548.84 22.916.84 15.284.84 7.343 6.602.45 15.4.45c6.854 0 11.8 4.7 11.8 11.252 0 5.684-3.193 9.265-7.398 9.3-1.83 0-3.153-.934-3.347-2.997h-.077c-1.208 1.986-2.96 2.997-5.023 2.997-2.532 0-4.36-1.868-4.36-5.062 0-4.75 3.503-9.07 9.11-9.07 1.713 0 3.7.4 4.6.972l-1.17 7.203c-.387 2.298-.115 3.3 1 3.4 1.674 0 3.774-2.102 3.774-6.58 0-5.06-3.27-8.994-9.304-8.994C9.05 2.87 3.83 7.545 3.83 14.97c0 6.5 4.2 10.2 10 10.202 1.987 0 4.09-.43 5.647-1.245l.634 2.22zM16.647 10.1c-.31-.078-.7-.155-1.207-.155-2.572 0-4.596 2.53-4.596 5.53 0 1.5.7 2.4 1.9 2.4 1.44 0 2.96-1.83 3.31-4.088l.592-3.72z\" \/>\n      <\/svg>\n    <\/span>\n    <span class=\"ngfb-text\"><\/span>\n  <\/a>\n<\/div><\/div><!-- .ngfb-buttons.en_US -->\n<\/div><!-- .ngfb-content-buttons -->\n<!-- ngfb content-buttons end -->\n\n","protected":false},"excerpt":{"rendered":"<p>Cluj-Napoca, M\u0103r\u0103\u0219ti &#8211; Apartament cu 4 camere decomandate, situat \u00een cartierul M\u0103r\u0103\u0219ti, zona The Office. Spatiul util de 90.74 mp include 2 balcoane \u0219i este distribuit pe etajul 3 al unui imobil cu 6 etaje. Finisajele sunt moderne, iar apartamentul necesit\u0103 mici \u00eembun\u0103t\u0103\u021biri. Este bine conectat la mijloacele de transport \u0219i are loc de parcare de la prim\u0103rie. Confortul termic este asigurat de centrala proprie.<\/p>\n","protected":false},"author":8,"featured_media":5388,"comment_status":"open","ping_status":"open","sticky":false,"template":"","format":"standard","meta":{"footnotes":""},"categories":[50,48,47],"tags":[377,59,93,65,91,68,112,92,60,70],"class_list":["post-5389","post","type-post","status-publish","format-standard","has-post-thumbnail","hentry","category-apartamente-de-vanzare-in-cluj-napoca","category-oferte-imobiliare-in-cluj-napoca","category-oferte","tag-2-bai","tag-2-balcoane","tag-4-camere","tag-centrala-termica","tag-cluj-napoca","tag-decomandat","tag-etaj-3-6","tag-marasti","tag-parcare","tag-parchet"],"_links":{"self":[{"href":"https:\/\/propertybook.ro\/blog\/wp-json\/wp\/v2\/posts\/5389","targetHints":{"allow":["GET"]}}],"collection":[{"href":"https:\/\/propertybook.ro\/blog\/wp-json\/wp\/v2\/posts"}],"about":[{"href":"https:\/\/propertybook.ro\/blog\/wp-json\/wp\/v2\/types\/post"}],"author":[{"embeddable":true,"href":"https:\/\/propertybook.ro\/blog\/wp-json\/wp\/v2\/users\/8"}],"replies":[{"embeddable":true,"href":"https:\/\/propertybook.ro\/blog\/wp-json\/wp\/v2\/comments?post=5389"}],"version-history":[{"count":0,"href":"https:\/\/propertybook.ro\/blog\/wp-json\/wp\/v2\/posts\/5389\/revisions"}],"wp:featuredmedia":[{"embeddable":true,"href":"https:\/\/propertybook.ro\/blog\/wp-json\/wp\/v2\/media\/5388"}],"wp:attachment":[{"href":"https:\/\/propertybook.ro\/blog\/wp-json\/wp\/v2\/media?parent=5389"}],"wp:term":[{"taxonomy":"category","embeddable":true,"href":"https:\/\/propertybook.ro\/blog\/wp-json\/wp\/v2\/categories?post=5389"},{"taxonomy":"post_tag","embeddable":true,"href":"https:\/\/propertybook.ro\/blog\/wp-json\/wp\/v2\/tags?post=5389"}],"curies":[{"name":"wp","href":"https:\/\/api.w.org\/{rel}","templated":true}]}}