{"id":5407,"date":"2025-05-29T13:44:11","date_gmt":"2025-05-29T10:44:11","guid":{"rendered":"https:\/\/propertybook.ro\/blog\/apartament-deosebit-in-imobil-istoric-cu-curte-proprie-si-elemente-originale-pe-strada-spatar-n-milescu\/"},"modified":"2025-05-29T13:44:11","modified_gmt":"2025-05-29T10:44:11","slug":"apartament-deosebit-in-imobil-istoric-cu-curte-proprie-si-elemente-originale-pe-strada-spatar-n-milescu","status":"publish","type":"post","link":"https:\/\/propertybook.ro\/blog\/apartament-deosebit-in-imobil-istoric-cu-curte-proprie-si-elemente-originale-pe-strada-spatar-n-milescu\/","title":{"rendered":"Ap\u0103rtament deosebit \u00een imobil istoric, cu curte proprie \u0219i elemente originale pe strada Sp\u0103tar N. Milescu"},"content":{"rendered":"\n<!-- ngfb content-buttons begin -->\n<!-- generated on 2026-05-01T12:18:03+00:00 -->\n<div class=\"ngfb-content-buttons\">\n<div class=\"ngfb-buttons en_US\">\n<!-- Email Button --><div class=\"css-button email-button\">\n  <a href=\"mailto:?subject=Share:%20Ap%C4%83rtament%20deosebit%20%C3%AEn%20imobil%20istoric%2C%20cu%20curte%20proprie%20%C8%99i%20elemente%20originale%20pe%20strada%20Sp%C4%83tar%20N.%20Milescu&body=Bucure%C8%99ti%2C%20Obor%20-%20Apartament%20deosebit%20situat%20pe%20strada%20Sp%C4%83tar%20N.%20Milescu%2C%20%C3%AEntr-un%20imobil%20din%201935%20cu%20doar%204%20unit%C4%83%C8%9Bi.%20Ocup%C4%83%20%C3%AEntreg%20etajul%201%20%C8%99i%20include%20camere%20spa%C8%9Bioase%2C%20buc%C4%83t%C4%83rie%2C%20baie%20%C8%99i%20logie.%20Beneficiaz%C4%83%20de%20central%C4%83%20termic%C4%83%20proprie%20%C8%99i%20parchet%20din%20lemn%20masiv.%20Curtea%20proprie%20ofer%C4%83%20un%20spa%C8%9Biu%20ideal%20pentru%20relaxare.%20Loca%C8%9Bia%20este%20lini%C8%99tit%C4%83%2C%20cu%20mult%C4%83%20verdea%C8%9B%C4%83%20%C8%99i%20p%C4%83streaz%C4%83%20elemente%20originale%20cu%20valoare%20estetic%C4%83.%20O%20locuin%C8%9B%C4%83%20elegant%C4%83%2C%20perfect%C4%83%20pentru%20cei%20ce%20apreciaz%C4%83%20confortul.%0D%0A%0D%0AShared%20from%20https:\/\/propertybook.ro\/blog\/apartament-deosebit-in-imobil-istoric-cu-curte-proprie-si-elemente-originale-pe-strada-spatar-n-milescu\/%0D%0A\">\n    <span class=\"ngfb-icon\">\n      <svg xmlns=\"http:\/\/www.w3.org\/2000\/svg\" width=\"9\" height=\"9\" viewBox=\"0 0 28 28\">\n        <path d=\"M20.11 26.147c-2.335 1.05-4.36 1.4-7.124 1.4C6.524 27.548.84 22.916.84 15.284.84 7.343 6.602.45 15.4.45c6.854 0 11.8 4.7 11.8 11.252 0 5.684-3.193 9.265-7.398 9.3-1.83 0-3.153-.934-3.347-2.997h-.077c-1.208 1.986-2.96 2.997-5.023 2.997-2.532 0-4.36-1.868-4.36-5.062 0-4.75 3.503-9.07 9.11-9.07 1.713 0 3.7.4 4.6.972l-1.17 7.203c-.387 2.298-.115 3.3 1 3.4 1.674 0 3.774-2.102 3.774-6.58 0-5.06-3.27-8.994-9.304-8.994C9.05 2.87 3.83 7.545 3.83 14.97c0 6.5 4.2 10.2 10 10.202 1.987 0 4.09-.43 5.647-1.245l.634 2.22zM16.647 10.1c-.31-.078-.7-.155-1.207-.155-2.572 0-4.596 2.53-4.596 5.53 0 1.5.7 2.4 1.9 2.4 1.44 0 2.96-1.83 3.31-4.088l.592-3.72z\" \/>\n      <\/svg>\n    <\/span>\n    <span class=\"ngfb-text\"><\/span>\n  <\/a>\n<\/div><\/div><!-- .ngfb-buttons.en_US -->\n<\/div><!-- .ngfb-content-buttons -->\n<!-- ngfb content-buttons end -->\n\n\n<!-- ngfb schema image for pinterest pin it button -->\n<div class=\"ngfb-schema-image-for-pinterest\" style=\"display:none;\">\n<img loading=\"lazy\" decoding=\"async\" src=\"https:\/\/propertybook.ro\/blog\/wp-content\/uploads\/2025\/05\/11023923.webp\" width=\"0\" height=\"0\" style=\"width:0;height:0;\" data-pin-description=\"Bucure\u0219ti, Obor - Apartament deosebit situat pe strada Sp\u0103tar N. Milescu, &icirc;ntr-un imobil din 1935 cu doar 4 unit\u0103\u021bi. Ocup\u0103 &icirc;ntreg etajul 1 \u0219i include camere spa\u021bioase, buc\u0103t\u0103rie, baie \u0219i logie. Beneficiaz\u0103 de central\u0103 termic\u0103 proprie \u0219i parchet din lemn masiv. Curtea proprie ofer\u0103 un spa\u021biu...\" alt=\"\"\/>\n<\/div><!-- .ngfb-schema-image-for-pinterest -->\n\n<figure class=\"wp-block-image size-large\"><img decoding=\"async\" src=\"https:\/\/cdn.propertybook.ro\/svn_residentialist\/11023923.webp\" alt=\"\" \/><\/figure>\n<ul>\n<li><a href=\"\/bucuresti\/\">Imobiliare Bucure\u0219ti<\/a><\/li>\n<li><a href=\"\/bucuresti\/apartamente-vanzare\/\">Apartamente de vanzare Bucure\u0219ti<\/a><\/li>\n<li><a href=\"\/bucuresti\/apartamente-vanzare\/3-camere\/\">Apartamente cu 3 camere de vanzare Bucure\u0219ti<\/a><\/li>\n<li><a href=\"\/bucuresti\/apartamente-vanzare\/obor\/3-camere\/\">Apartamente cu 3 camere de vanzare Obor, Bucure\u0219ti<\/a><\/li>\n<\/ul>\n<p><a href=\"\/bucuresti\/imobiliare-163-11023923-de-vanzare-apartament-3-camere-in-sector-2-zona-ferdinand\/\" class=\"pb-listing-action\">Detaliile proprietatii<\/a><\/p>\n<p><h2 class=\"wp-block-heading\">Descoper\u0103 Elegan\u021ba \u0219i Istoria Pe Strada Sp\u0103tar N. Milescu<\/h2>\n<p>\u00cen inima unei zone lini\u0219tite \u0219i pline de verdea\u021b\u0103, un apartament deosebit \u00ee\u0219i a\u0219teapt\u0103 urm\u0103torul proprietar s\u0103 \u00eel transforme \u00een c\u0103min. Situat \u00eentr-un imobil construit \u00een anul 1935, acest apartament p\u0103streaz\u0103 farmecul \u0219i elegan\u021ba vremurilor de alt\u0103dat\u0103, av\u00e2nd la baz\u0103 un design func\u021bional \u0219i elemente originale cu valoare istoric\u0103.<\/p>\n<p><h2 class=\"wp-block-heading\">Un Spa\u021biu Generos \u0219i Primitor<\/h2>\n<p>Proprietatea ocup\u0103 \u00eentreg etajul 1 al cl\u0103dirii \u0219i se \u00eentinde pe o suprafa\u021b\u0103 bine compartimentat\u0103, av\u00e2nd un total de mai multe \u00eenc\u0103peri. Cele trei camere &#8211; o camer\u0103 principal\u0103 de 19,85 mp, o a doua de 16,91 mp \u0219i o a treia de 9,72 mp &#8211; ofer\u0103 suficient spa\u021biu pentru relaxare, birou sau camere pentru oaspe\u021bi. Holul generos de 13,43 mp \u0219i buc\u0103t\u0103ria de 7,83 mp sunt locurile ideale pentru a crea amintiri de neuitat al\u0103turi de familie \u0219i prieteni.<\/p>\n<p>Baia principal\u0103, cu o suprafa\u021b\u0103 de 8,03 mp, \u0219i un WC de serviciu adiacent, asigur\u0103 confortul necesar \u00een via\u021ba de zi cu zi, iar logia \u0219i balconul adaug\u0103 o not\u0103 de relaxare, fiind perfect pentru momentele de r\u0103gaz.<\/p>\n<p><h2 class=\"wp-block-heading\">Un C\u0103min Cu Personalitate<\/h2>\n<p>Printre avantajele deosebite ale locuin\u021bei se num\u0103r\u0103 centrala termic\u0103 proprie, care asigur\u0103 confort termic pe tot parcursul anului, iar parchetul din lemn masiv adaug\u0103 o not\u0103 de elegan\u021b\u0103 \u0219i c\u0103ldur\u0103 interiorului. Elementele originale, cum ar fi u\u0219ile interioare \u0219i mozaicul din b\u0103i, buc\u0103t\u0103rie \u0219i balcon, contribuie la atmosfera unic\u0103 a apartamentului, oferind un sentiment de apartenen\u021b\u0103 istoric\u0103.<\/p>\n<p><h2 class=\"wp-block-heading\">Un Spa\u021biu Exterior Ideal<\/h2>\n<p>C\u00e2nd vine vorba de relaxare, acest imobil beneficiaz\u0103 de o curte proprie, devenind un refugiu perfect pentru momentele petrecute \u00een aer liber. Imagina\u021bi-v\u0103 dimine\u021bile \u00eensorite savur\u00e2nd o cea\u0219c\u0103 de cafea pe terasa ta, \u00eenconjurat de verdea\u021b\u0103 \u0219i lini\u0219te.<\/p>\n<p><h2 class=\"wp-block-heading\">O Loca\u021bie Deosebit\u0103<\/h2>\n<p>Strada Sp\u0103tar N. Milescu se dovede\u0219te a fi un punct forte al acestei propriet\u0103\u021bi. Aceasta ofer\u0103 un mediu lini\u0219tit, cu vecin\u0103t\u0103\u021bi de calitate, ideal pentru cei care apreciaz\u0103 elegan\u021ba \u0219i confortul unei zone bine cotate. Accesibilitatea la facilit\u0103\u021bi \u0219i atrac\u021bii locale face din aceast\u0103 loca\u021bie un adev\u0103rat avantaj.<\/p>\n<h2 class=\"wp-block-heading\">Concluzie<\/h2>\n<p>Acest apartament reprezint\u0103 nu doar un loc unde s\u0103 locuie\u0219ti, ci \u0219i un spa\u021biu cu personalitate \u0219i istorie, ideal pentru cei care \u00ee\u0219i doresc un c\u0103min care s\u0103 reflecte valorile lor. Dac\u0103 e\u0219ti \u00een c\u0103utarea unei locuin\u021be care \u00eembin\u0103 elegan\u021ba cu confortul \u0219i lini\u0219tea, acest apartament de pe strada Sp\u0103tar N. Milescu merit\u0103 cu siguran\u021b\u0103 toat\u0103 aten\u021bia ta. Descoper\u0103 farmecul s\u0103u \u0219i preg\u0103te\u0219te-te s\u0103 creezi amintiri de neuitat \u00eentr-un loc cu adev\u0103rat special!<\/p>\n<p><a href=\"\/bucuresti\/imobiliare-163-11023923-de-vanzare-apartament-3-camere-in-sector-2-zona-ferdinand\/\" class=\"pb-listing-action\">Stabileste o vizionare<\/a><\/p>\n<ul>\n<li><a href=\"\/bucuresti\/\">Imobiliare Bucure\u0219ti<\/a><\/li>\n<li><a href=\"\/bucuresti\/apartamente-vanzare\/\">Apartamente de vanzare Bucure\u0219ti<\/a><\/li>\n<li><a href=\"\/bucuresti\/apartamente-vanzare\/3-camere\/\">Apartamente cu 3 camere de vanzare Bucure\u0219ti<\/a><\/li>\n<li><a href=\"\/bucuresti\/apartamente-vanzare\/obor\/3-camere\/\">Apartamente cu 3 camere de vanzare Obor, Bucure\u0219ti<\/a><\/li>\n<\/ul>\n\n<!-- ngfb content-buttons begin -->\n<!-- generated on 2026-05-01T12:18:03+00:00 -->\n<div class=\"ngfb-content-buttons\">\n<div class=\"ngfb-buttons en_US\">\n<!-- Email Button --><div class=\"css-button email-button\">\n  <a href=\"mailto:?subject=Share:%20Ap%C4%83rtament%20deosebit%20%C3%AEn%20imobil%20istoric%2C%20cu%20curte%20proprie%20%C8%99i%20elemente%20originale%20pe%20strada%20Sp%C4%83tar%20N.%20Milescu&body=Bucure%C8%99ti%2C%20Obor%20-%20Apartament%20deosebit%20situat%20pe%20strada%20Sp%C4%83tar%20N.%20Milescu%2C%20%C3%AEntr-un%20imobil%20din%201935%20cu%20doar%204%20unit%C4%83%C8%9Bi.%20Ocup%C4%83%20%C3%AEntreg%20etajul%201%20%C8%99i%20include%20camere%20spa%C8%9Bioase%2C%20buc%C4%83t%C4%83rie%2C%20baie%20%C8%99i%20logie.%20Beneficiaz%C4%83%20de%20central%C4%83%20termic%C4%83%20proprie%20%C8%99i%20parchet%20din%20lemn%20masiv.%20Curtea%20proprie%20ofer%C4%83%20un%20spa%C8%9Biu%20ideal%20pentru%20relaxare.%20Loca%C8%9Bia%20este%20lini%C8%99tit%C4%83%2C%20cu%20mult%C4%83%20verdea%C8%9B%C4%83%20%C8%99i%20p%C4%83streaz%C4%83%20elemente%20originale%20cu%20valoare%20estetic%C4%83.%20O%20locuin%C8%9B%C4%83%20elegant%C4%83%2C%20perfect%C4%83%20pentru%20cei%20ce%20apreciaz%C4%83%20confortul.%0D%0A%0D%0AShared%20from%20https:\/\/propertybook.ro\/blog\/apartament-deosebit-in-imobil-istoric-cu-curte-proprie-si-elemente-originale-pe-strada-spatar-n-milescu\/%0D%0A\">\n    <span class=\"ngfb-icon\">\n      <svg xmlns=\"http:\/\/www.w3.org\/2000\/svg\" width=\"9\" height=\"9\" viewBox=\"0 0 28 28\">\n        <path d=\"M20.11 26.147c-2.335 1.05-4.36 1.4-7.124 1.4C6.524 27.548.84 22.916.84 15.284.84 7.343 6.602.45 15.4.45c6.854 0 11.8 4.7 11.8 11.252 0 5.684-3.193 9.265-7.398 9.3-1.83 0-3.153-.934-3.347-2.997h-.077c-1.208 1.986-2.96 2.997-5.023 2.997-2.532 0-4.36-1.868-4.36-5.062 0-4.75 3.503-9.07 9.11-9.07 1.713 0 3.7.4 4.6.972l-1.17 7.203c-.387 2.298-.115 3.3 1 3.4 1.674 0 3.774-2.102 3.774-6.58 0-5.06-3.27-8.994-9.304-8.994C9.05 2.87 3.83 7.545 3.83 14.97c0 6.5 4.2 10.2 10 10.202 1.987 0 4.09-.43 5.647-1.245l.634 2.22zM16.647 10.1c-.31-.078-.7-.155-1.207-.155-2.572 0-4.596 2.53-4.596 5.53 0 1.5.7 2.4 1.9 2.4 1.44 0 2.96-1.83 3.31-4.088l.592-3.72z\" \/>\n      <\/svg>\n    <\/span>\n    <span class=\"ngfb-text\"><\/span>\n  <\/a>\n<\/div><\/div><!-- .ngfb-buttons.en_US -->\n<\/div><!-- .ngfb-content-buttons -->\n<!-- ngfb content-buttons end -->\n\n","protected":false},"excerpt":{"rendered":"<p>Bucure\u0219ti, Obor &#8211; Apartament deosebit situat pe strada Sp\u0103tar N. Milescu, \u00eentr-un imobil din 1935 cu doar 4 unit\u0103\u021bi. Ocup\u0103 \u00eentreg etajul 1 \u0219i include camere spa\u021bioase, buc\u0103t\u0103rie, baie \u0219i logie. Beneficiaz\u0103 de central\u0103 termic\u0103 proprie \u0219i parchet din lemn masiv. Curtea proprie ofer\u0103 un spa\u021biu ideal pentru relaxare. Loca\u021bia este lini\u0219tit\u0103, cu mult\u0103 verdea\u021b\u0103 \u0219i p\u0103streaz\u0103 elemente originale cu valoare estetic\u0103. O locuin\u021b\u0103 elegant\u0103, perfect\u0103 pentru cei ce apreciaz\u0103 confortul.<\/p>\n","protected":false},"author":8,"featured_media":5406,"comment_status":"open","ping_status":"open","sticky":false,"template":"","format":"standard","meta":{"footnotes":""},"categories":[52,49,47],"tags":[380,55,348,74,89,103,231,70,63],"class_list":["post-5407","post","type-post","status-publish","format-standard","has-post-thumbnail","hentry","category-apartamente-de-vanzare-bucuresti","category-oferte-imobiliare-bucuresti","category-oferte","tag-1-bai","tag-3-camere","tag-an-const-1935","tag-balcon","tag-bucuresti","tag-etaj-1-3","tag-obor","tag-parchet","tag-semidecomandat"],"_links":{"self":[{"href":"https:\/\/propertybook.ro\/blog\/wp-json\/wp\/v2\/posts\/5407","targetHints":{"allow":["GET"]}}],"collection":[{"href":"https:\/\/propertybook.ro\/blog\/wp-json\/wp\/v2\/posts"}],"about":[{"href":"https:\/\/propertybook.ro\/blog\/wp-json\/wp\/v2\/types\/post"}],"author":[{"embeddable":true,"href":"https:\/\/propertybook.ro\/blog\/wp-json\/wp\/v2\/users\/8"}],"replies":[{"embeddable":true,"href":"https:\/\/propertybook.ro\/blog\/wp-json\/wp\/v2\/comments?post=5407"}],"version-history":[{"count":0,"href":"https:\/\/propertybook.ro\/blog\/wp-json\/wp\/v2\/posts\/5407\/revisions"}],"wp:featuredmedia":[{"embeddable":true,"href":"https:\/\/propertybook.ro\/blog\/wp-json\/wp\/v2\/media\/5406"}],"wp:attachment":[{"href":"https:\/\/propertybook.ro\/blog\/wp-json\/wp\/v2\/media?parent=5407"}],"wp:term":[{"taxonomy":"category","embeddable":true,"href":"https:\/\/propertybook.ro\/blog\/wp-json\/wp\/v2\/categories?post=5407"},{"taxonomy":"post_tag","embeddable":true,"href":"https:\/\/propertybook.ro\/blog\/wp-json\/wp\/v2\/tags?post=5407"}],"curies":[{"name":"wp","href":"https:\/\/api.w.org\/{rel}","templated":true}]}}