{"id":5409,"date":"2025-05-29T15:44:09","date_gmt":"2025-05-29T12:44:09","guid":{"rendered":"https:\/\/propertybook.ro\/blog\/iti-doresti-un-apartament-cu-doua-camere-in-zona-centrala-afla-mai-multe\/"},"modified":"2025-05-29T15:44:09","modified_gmt":"2025-05-29T12:44:09","slug":"iti-doresti-un-apartament-cu-doua-camere-in-zona-centrala-afla-mai-multe","status":"publish","type":"post","link":"https:\/\/propertybook.ro\/blog\/iti-doresti-un-apartament-cu-doua-camere-in-zona-centrala-afla-mai-multe\/","title":{"rendered":"\u00ce\u021bi dore\u0219ti un apartament cu dou\u0103 camere \u00een zona central\u0103? Afl\u0103 mai multe!"},"content":{"rendered":"\n<!-- ngfb content-buttons begin -->\n<!-- generated on 2026-04-29T01:55:14+00:00 -->\n<div class=\"ngfb-content-buttons\">\n<div class=\"ngfb-buttons en_US\">\n<!-- Email Button --><div class=\"css-button email-button\">\n  <a href=\"mailto:?subject=Share:%20%C3%8E%C8%9Bi%20dore%C8%99ti%20un%20apartament%20cu%20dou%C4%83%20camere%20%C3%AEn%20zona%20central%C4%83%3F%20Afl%C4%83%20mai%20multe%21&body=Cluj-Napoca%2C%20Centru%20-%20Apartament%20cu%20dou%C4%83%20camere%20la%20demisol%2C%20situat%20%C3%AEn%20zona%20central%C4%83%2C%20cu%20o%20suprafa%C8%9B%C4%83%20de%2067.2%20metri%20p%C4%83tra%C8%9Bi.%20Compartimentat%20%C3%AEn%20living%2C%20camer%C4%83%2C%20buc%C4%83t%C4%83rie%2C%20baie%20%C8%99i%20spa%C8%9Biu%20de%20depozitare.%20Finisaje%20clasice%2C%20cu%20pardoseal%C4%83%20laminat%C4%83%20%C8%99i%20geamuri%20termopan.%20Se%20vinde%20semimobilat%20%C8%99i%20utilat%2C%20cu%20poten%C8%9Bial%20pentru%20modific%C4%83ri.%20Aproape%20de%20Pia%C8%9Ba%20Mihai%20Viteazu%2C%20oferind%20acces%20facil%20la%20facilit%C4%83%C8%9Bi.%20Ideal%20pentru%20cine%20caut%C4%83%20locuin%C8%9B%C4%83%20central%C4%83%21%0D%0A%0D%0AShared%20from%20https:\/\/propertybook.ro\/blog\/iti-doresti-un-apartament-cu-doua-camere-in-zona-centrala-afla-mai-multe\/%0D%0A\">\n    <span class=\"ngfb-icon\">\n      <svg xmlns=\"http:\/\/www.w3.org\/2000\/svg\" width=\"9\" height=\"9\" viewBox=\"0 0 28 28\">\n        <path d=\"M20.11 26.147c-2.335 1.05-4.36 1.4-7.124 1.4C6.524 27.548.84 22.916.84 15.284.84 7.343 6.602.45 15.4.45c6.854 0 11.8 4.7 11.8 11.252 0 5.684-3.193 9.265-7.398 9.3-1.83 0-3.153-.934-3.347-2.997h-.077c-1.208 1.986-2.96 2.997-5.023 2.997-2.532 0-4.36-1.868-4.36-5.062 0-4.75 3.503-9.07 9.11-9.07 1.713 0 3.7.4 4.6.972l-1.17 7.203c-.387 2.298-.115 3.3 1 3.4 1.674 0 3.774-2.102 3.774-6.58 0-5.06-3.27-8.994-9.304-8.994C9.05 2.87 3.83 7.545 3.83 14.97c0 6.5 4.2 10.2 10 10.202 1.987 0 4.09-.43 5.647-1.245l.634 2.22zM16.647 10.1c-.31-.078-.7-.155-1.207-.155-2.572 0-4.596 2.53-4.596 5.53 0 1.5.7 2.4 1.9 2.4 1.44 0 2.96-1.83 3.31-4.088l.592-3.72z\" \/>\n      <\/svg>\n    <\/span>\n    <span class=\"ngfb-text\"><\/span>\n  <\/a>\n<\/div><\/div><!-- .ngfb-buttons.en_US -->\n<\/div><!-- .ngfb-content-buttons -->\n<!-- ngfb content-buttons end -->\n\n\n<!-- ngfb schema image for pinterest pin it button -->\n<div class=\"ngfb-schema-image-for-pinterest\" style=\"display:none;\">\n<img loading=\"lazy\" decoding=\"async\" src=\"https:\/\/propertybook.ro\/blog\/wp-content\/uploads\/2025\/05\/97502.webp\" width=\"0\" height=\"0\" style=\"width:0;height:0;\" data-pin-description=\"Cluj-Napoca, Centru - Apartament cu dou\u0103 camere la demisol, situat &icirc;n zona central\u0103, cu o suprafa\u021b\u0103 de 67.2 metri p\u0103tra\u021bi. Compartimentat &icirc;n living, camer\u0103, buc\u0103t\u0103rie, baie \u0219i spa\u021biu de depozitare. Finisaje clasice, cu pardoseal\u0103 laminat\u0103 \u0219i geamuri termopan. Se vinde semimobilat \u0219i utilat, cu...\" alt=\"\"\/>\n<\/div><!-- .ngfb-schema-image-for-pinterest -->\n\n<figure class=\"wp-block-image size-large\"><img decoding=\"async\" src=\"https:\/\/cdn.propertybook.ro\/napoca_imobiliare\/97502.webp\" alt=\"\" \/><\/figure>\n<ul>\n<li><a href=\"\/cluj-napoca\/\">Imobiliare Cluj-Napoca<\/a><\/li>\n<li><a href=\"\/cluj-napoca\/apartamente-vanzare\/\">Apartamente de vanzare Cluj-Napoca<\/a><\/li>\n<li><a href=\"\/cluj-napoca\/apartamente-vanzare\/2-camere\/\">Apartamente cu 2 camere de vanzare Cluj-Napoca<\/a><\/li>\n<li><a href=\"\/cluj-napoca\/apartamente-vanzare\/centru\/2-camere\/\">Apartamente cu 2 camere de vanzare Centru, Cluj-Napoca<\/a><\/li>\n<\/ul>\n<p><a href=\"\/cluj-napoca\/imobiliare-25-97502-vanzare-apartament-2-camere-in-centru\/\" class=\"pb-listing-action\">Detaliile proprietatii<\/a><\/p>\n<p><h2 class=\"wp-block-heading\">Apartament cu Dou\u0103 Camere la Demisol \u00een Zona Central\u0103: O Oportunitate Unic\u0103<\/h2>\n<p>Dac\u0103 e\u0219ti \u00een c\u0103utarea unui apartament primitor \u0219i bine situat, acest apartament cu dou\u0103 camere la demisol ar putea fi alegerea ideal\u0103 pentru tine. Cu o suprafa\u021b\u0103 de 67.2 metri p\u0103tra\u021bi, aceast\u0103 proprietate ofer\u0103 un spa\u021biu generos, perfect pentru un cuplu sau pentru o persoan\u0103 care apreciaz\u0103 confortul \u0219i accesibilitatea.<\/p>\n<p>#<\/p>\n<h2 class=\"wp-block-heading\">Compartimentare Func\u021bional\u0103<\/h2>\n<p>Apartamentul este compartimentat \u00een mod practic, av\u00e2nd un living luminos, o camer\u0103 separat\u0103, o buc\u0103t\u0103rie util\u0103, un spa\u021biu de depozitare \u0219i o baie. Aceast\u0103 distribu\u021bie permite o utilizare eficient\u0103 a spa\u021biului, oferind suficient loc pentru activit\u0103\u021bile zilnice. <\/p>\n<p>#<\/p>\n<h2 class=\"wp-block-heading\">Finisaje Clasice \u0219i Poten\u021bial Creativ<\/h2>\n<p>Finisajele sunt de tip clasic, cu parchet laminat, vopsea lavabil\u0103 \u0219i feronerie din geamuri termopan. Aceste caracteristici nu doar c\u0103 adaug\u0103 un farmec aparte apartamentului, dar ofer\u0103 \u0219i un start bun pentru orice dorin\u021be de renovare sau personalizare. Cu c\u00e2teva modific\u0103ri aduse, acest spa\u021biu poate deveni cu adev\u0103rat o reflec\u021bie a stilului t\u0103u de via\u021b\u0103.<\/p>\n<p>#<\/p>\n<h2 class=\"wp-block-heading\">Semimobilat \u0219i Utilat<\/h2>\n<p>Apartamentul se vinde semimobilat \u0219i utilat, ceea ce reprezint\u0103 un avantaj considerabil, mai ales pentru cei care caut\u0103 s\u0103 se mute rapid. Astfel, po\u021bi economisi timp \u0219i efort, fiind deja dotat cu elementele esen\u021biale pentru un trai confortabil.<\/p>\n<p>#<\/p>\n<h2 class=\"wp-block-heading\">Loca\u021bie, Loca\u021bie, Loca\u021bie<\/h2>\n<p>Unul dintre cele mai mari avantaje ale acestui apartament este amplasamentul s\u0103u central, aproape de Pia\u021ba Mihai Viteazu. Aceast\u0103 zon\u0103 vibrant\u0103 ofer\u0103 acces facil la numeroase facilit\u0103\u021bi: restaurante, cafenele, magazine, transport \u00een comun \u0219i multe altele. Cu o astfel de proximitate, via\u021ba de zi cu zi devine mai u\u0219oar\u0103 \u0219i mai pl\u0103cut\u0103.<\/p>\n<p>#<\/p>\n<h2 class=\"wp-block-heading\">Elev\u0103-\u021bi Stilul de Via\u021b\u0103<\/h2>\n<p>Acest apartament nu este doar un simplu loc de locuit, ci o oportunitate de a-\u021bi crea un c\u0103min cald \u0219i primitor \u00een inima ora\u0219ului. Fie c\u0103 vrei s\u0103 te bucuri de confortul unei locuin\u021be sau s\u0103 investe\u0219ti \u00eentr-o proprietate cu poten\u021bial, acest apartament merit\u0103 luat \u00een considerare.<\/p>\n<p>Dac\u0103 e\u0219ti interesat de mai multe detalii sau vrei s\u0103 programezi o vizionare, nu ezita s\u0103 te informezi. Acest apartament cu dou\u0103 camere la demisol \u00een zona central\u0103 ar putea fi exact ceea ce c\u0103utai!<\/p>\n<p><a href=\"\/cluj-napoca\/imobiliare-25-97502-vanzare-apartament-2-camere-in-centru\/\" class=\"pb-listing-action\">Stabileste o vizionare<\/a><\/p>\n<ul>\n<li><a href=\"\/cluj-napoca\/\">Imobiliare Cluj-Napoca<\/a><\/li>\n<li><a href=\"\/cluj-napoca\/apartamente-vanzare\/\">Apartamente de vanzare Cluj-Napoca<\/a><\/li>\n<li><a href=\"\/cluj-napoca\/apartamente-vanzare\/2-camere\/\">Apartamente cu 2 camere de vanzare Cluj-Napoca<\/a><\/li>\n<li><a href=\"\/cluj-napoca\/apartamente-vanzare\/centru\/2-camere\/\">Apartamente cu 2 camere de vanzare Centru, Cluj-Napoca<\/a><\/li>\n<\/ul>\n\n<!-- ngfb content-buttons begin -->\n<!-- generated on 2026-04-29T01:55:14+00:00 -->\n<div class=\"ngfb-content-buttons\">\n<div class=\"ngfb-buttons en_US\">\n<!-- Email Button --><div class=\"css-button email-button\">\n  <a href=\"mailto:?subject=Share:%20%C3%8E%C8%9Bi%20dore%C8%99ti%20un%20apartament%20cu%20dou%C4%83%20camere%20%C3%AEn%20zona%20central%C4%83%3F%20Afl%C4%83%20mai%20multe%21&body=Cluj-Napoca%2C%20Centru%20-%20Apartament%20cu%20dou%C4%83%20camere%20la%20demisol%2C%20situat%20%C3%AEn%20zona%20central%C4%83%2C%20cu%20o%20suprafa%C8%9B%C4%83%20de%2067.2%20metri%20p%C4%83tra%C8%9Bi.%20Compartimentat%20%C3%AEn%20living%2C%20camer%C4%83%2C%20buc%C4%83t%C4%83rie%2C%20baie%20%C8%99i%20spa%C8%9Biu%20de%20depozitare.%20Finisaje%20clasice%2C%20cu%20pardoseal%C4%83%20laminat%C4%83%20%C8%99i%20geamuri%20termopan.%20Se%20vinde%20semimobilat%20%C8%99i%20utilat%2C%20cu%20poten%C8%9Bial%20pentru%20modific%C4%83ri.%20Aproape%20de%20Pia%C8%9Ba%20Mihai%20Viteazu%2C%20oferind%20acces%20facil%20la%20facilit%C4%83%C8%9Bi.%20Ideal%20pentru%20cine%20caut%C4%83%20locuin%C8%9B%C4%83%20central%C4%83%21%0D%0A%0D%0AShared%20from%20https:\/\/propertybook.ro\/blog\/iti-doresti-un-apartament-cu-doua-camere-in-zona-centrala-afla-mai-multe\/%0D%0A\">\n    <span class=\"ngfb-icon\">\n      <svg xmlns=\"http:\/\/www.w3.org\/2000\/svg\" width=\"9\" height=\"9\" viewBox=\"0 0 28 28\">\n        <path d=\"M20.11 26.147c-2.335 1.05-4.36 1.4-7.124 1.4C6.524 27.548.84 22.916.84 15.284.84 7.343 6.602.45 15.4.45c6.854 0 11.8 4.7 11.8 11.252 0 5.684-3.193 9.265-7.398 9.3-1.83 0-3.153-.934-3.347-2.997h-.077c-1.208 1.986-2.96 2.997-5.023 2.997-2.532 0-4.36-1.868-4.36-5.062 0-4.75 3.503-9.07 9.11-9.07 1.713 0 3.7.4 4.6.972l-1.17 7.203c-.387 2.298-.115 3.3 1 3.4 1.674 0 3.774-2.102 3.774-6.58 0-5.06-3.27-8.994-9.304-8.994C9.05 2.87 3.83 7.545 3.83 14.97c0 6.5 4.2 10.2 10 10.202 1.987 0 4.09-.43 5.647-1.245l.634 2.22zM16.647 10.1c-.31-.078-.7-.155-1.207-.155-2.572 0-4.596 2.53-4.596 5.53 0 1.5.7 2.4 1.9 2.4 1.44 0 2.96-1.83 3.31-4.088l.592-3.72z\" \/>\n      <\/svg>\n    <\/span>\n    <span class=\"ngfb-text\"><\/span>\n  <\/a>\n<\/div><\/div><!-- .ngfb-buttons.en_US -->\n<\/div><!-- .ngfb-content-buttons -->\n<!-- ngfb content-buttons end -->\n\n","protected":false},"excerpt":{"rendered":"<p>Cluj-Napoca, Centru &#8211; Apartament cu dou\u0103 camere la demisol, situat \u00een zona central\u0103, cu o suprafa\u021b\u0103 de 67.2 metri p\u0103tra\u021bi. Compartimentat \u00een living, camer\u0103, buc\u0103t\u0103rie, baie \u0219i spa\u021biu de depozitare. Finisaje clasice, cu pardoseal\u0103 laminat\u0103 \u0219i geamuri termopan. Se vinde semimobilat \u0219i utilat, cu poten\u021bial pentru modific\u0103ri. Aproape de Pia\u021ba Mihai Viteazu, oferind acces facil la facilit\u0103\u021bi. Ideal pentru cine caut\u0103 locuin\u021b\u0103 central\u0103!<\/p>\n","protected":false},"author":8,"featured_media":5408,"comment_status":"open","ping_status":"open","sticky":false,"template":"","format":"standard","meta":{"footnotes":""},"categories":[50,48,47],"tags":[62,104,91,400,376,70,63,85],"class_list":["post-5409","post","type-post","status-publish","format-standard","has-post-thumbnail","hentry","category-apartamente-de-vanzare-in-cluj-napoca","category-oferte-imobiliare-in-cluj-napoca","category-oferte","tag-2-camere","tag-centru","tag-cluj-napoca","tag-etaj-1-1-2","tag-o-baie","tag-parchet","tag-semidecomandat","tag-termopane"],"_links":{"self":[{"href":"https:\/\/propertybook.ro\/blog\/wp-json\/wp\/v2\/posts\/5409","targetHints":{"allow":["GET"]}}],"collection":[{"href":"https:\/\/propertybook.ro\/blog\/wp-json\/wp\/v2\/posts"}],"about":[{"href":"https:\/\/propertybook.ro\/blog\/wp-json\/wp\/v2\/types\/post"}],"author":[{"embeddable":true,"href":"https:\/\/propertybook.ro\/blog\/wp-json\/wp\/v2\/users\/8"}],"replies":[{"embeddable":true,"href":"https:\/\/propertybook.ro\/blog\/wp-json\/wp\/v2\/comments?post=5409"}],"version-history":[{"count":0,"href":"https:\/\/propertybook.ro\/blog\/wp-json\/wp\/v2\/posts\/5409\/revisions"}],"wp:featuredmedia":[{"embeddable":true,"href":"https:\/\/propertybook.ro\/blog\/wp-json\/wp\/v2\/media\/5408"}],"wp:attachment":[{"href":"https:\/\/propertybook.ro\/blog\/wp-json\/wp\/v2\/media?parent=5409"}],"wp:term":[{"taxonomy":"category","embeddable":true,"href":"https:\/\/propertybook.ro\/blog\/wp-json\/wp\/v2\/categories?post=5409"},{"taxonomy":"post_tag","embeddable":true,"href":"https:\/\/propertybook.ro\/blog\/wp-json\/wp\/v2\/tags?post=5409"}],"curies":[{"name":"wp","href":"https:\/\/api.w.org\/{rel}","templated":true}]}}