{"id":5443,"date":"2025-06-02T17:44:06","date_gmt":"2025-06-02T14:44:06","guid":{"rendered":"https:\/\/propertybook.ro\/blog\/apartament-modern-cu-2-camere-si-gradina-in-someseni-aproape-de-kaufland\/"},"modified":"2025-06-02T17:44:06","modified_gmt":"2025-06-02T14:44:06","slug":"apartament-modern-cu-2-camere-si-gradina-in-someseni-aproape-de-kaufland","status":"publish","type":"post","link":"https:\/\/propertybook.ro\/blog\/apartament-modern-cu-2-camere-si-gradina-in-someseni-aproape-de-kaufland\/","title":{"rendered":"Apartament Modern cu 2 Camere \u0219i Gr\u0103din\u0103 \u00een Someseni &#8211; Aproape de Kaufland!"},"content":{"rendered":"\n<!-- ngfb content-buttons begin -->\n<!-- generated on 2026-04-28T10:44:23+00:00 -->\n<div class=\"ngfb-content-buttons\">\n<div class=\"ngfb-buttons en_US\">\n<!-- Email Button --><div class=\"css-button email-button\">\n  <a href=\"mailto:?subject=Share:%20Apartament%20Modern%20cu%202%20Camere%20%C8%99i%20Gr%C4%83din%C4%83%20%C3%AEn%20Someseni%20%26%238211%3B%20Aproape%20de%20Kaufland%21&body=Cluj-Napoca%2C%20Some%C8%99eni%20-%20Apartament%20cu%202%20camere%20%C3%AEn%20cartierul%20Someseni%2C%20zona%20Kaufland%20Aurel%20Vlaicu%2C%20cu%20o%20suprafa%C8%9B%C4%83%20util%C4%83%20de%2050%20mp%20%C8%99i%2030%20mp%20de%20gr%C4%83din%C4%83.%20Compartimentarea%20include%20living%20cu%20buc%C4%83t%C4%83rie%20open%20space%2C%20dormitor%20%C8%99i%20baie.%20Situat%20la%20parter%20%C3%AEntr-un%20ansamblu%20reziden%C8%9Bial%20nou%2C%20apartamentul%20se%20vinde%20semifinisat%20%C8%99i%20dispune%20de%20centrala%20termic%C4%83%20proprie%20cu%20%C3%AEnc%C4%83lzire%20%C3%AEn%20pardoseal%C4%83%20%C8%99i%20loc%20de%20parcare.%20Zona%20este%20lini%C8%99tit%C4%83%2C%20aproape%20de%20facilit%C4%83%C8%9Bi%20%C8%99i%20viitoarea%20centur%C4%83%20metropolitan%C4%83.%0D%0A%0D%0AShared%20from%20https:\/\/propertybook.ro\/blog\/apartament-modern-cu-2-camere-si-gradina-in-someseni-aproape-de-kaufland\/%0D%0A\">\n    <span class=\"ngfb-icon\">\n      <svg xmlns=\"http:\/\/www.w3.org\/2000\/svg\" width=\"9\" height=\"9\" viewBox=\"0 0 28 28\">\n        <path d=\"M20.11 26.147c-2.335 1.05-4.36 1.4-7.124 1.4C6.524 27.548.84 22.916.84 15.284.84 7.343 6.602.45 15.4.45c6.854 0 11.8 4.7 11.8 11.252 0 5.684-3.193 9.265-7.398 9.3-1.83 0-3.153-.934-3.347-2.997h-.077c-1.208 1.986-2.96 2.997-5.023 2.997-2.532 0-4.36-1.868-4.36-5.062 0-4.75 3.503-9.07 9.11-9.07 1.713 0 3.7.4 4.6.972l-1.17 7.203c-.387 2.298-.115 3.3 1 3.4 1.674 0 3.774-2.102 3.774-6.58 0-5.06-3.27-8.994-9.304-8.994C9.05 2.87 3.83 7.545 3.83 14.97c0 6.5 4.2 10.2 10 10.202 1.987 0 4.09-.43 5.647-1.245l.634 2.22zM16.647 10.1c-.31-.078-.7-.155-1.207-.155-2.572 0-4.596 2.53-4.596 5.53 0 1.5.7 2.4 1.9 2.4 1.44 0 2.96-1.83 3.31-4.088l.592-3.72z\" \/>\n      <\/svg>\n    <\/span>\n    <span class=\"ngfb-text\"><\/span>\n  <\/a>\n<\/div><\/div><!-- .ngfb-buttons.en_US -->\n<\/div><!-- .ngfb-content-buttons -->\n<!-- ngfb content-buttons end -->\n\n\n<!-- ngfb schema image for pinterest pin it button -->\n<div class=\"ngfb-schema-image-for-pinterest\" style=\"display:none;\">\n<img loading=\"lazy\" decoding=\"async\" src=\"https:\/\/propertybook.ro\/blog\/wp-content\/uploads\/2025\/06\/153165.webp\" width=\"0\" height=\"0\" style=\"width:0;height:0;\" data-pin-description=\"Cluj-Napoca, Some\u0219eni - Apartament cu 2 camere &icirc;n cartierul Someseni, zona Kaufland Aurel Vlaicu, cu o suprafa\u021b\u0103 util\u0103 de 50 mp \u0219i 30 mp de gr\u0103din\u0103. Compartimentarea include living cu buc\u0103t\u0103rie open space, dormitor \u0219i baie. Situat la parter &icirc;ntr-un ansamblu reziden\u021bial nou, apartamentul se vinde...\" alt=\"\"\/>\n<\/div><!-- .ngfb-schema-image-for-pinterest -->\n\n<figure class=\"wp-block-image size-large\"><img decoding=\"async\" src=\"https:\/\/cdn.propertybook.ro\/napoca_imobiliare\/153165.webp\" alt=\"\" \/><\/figure>\n<ul>\n<li><a href=\"\/cluj-napoca\/\">Imobiliare Cluj-Napoca<\/a><\/li>\n<li><a href=\"\/cluj-napoca\/apartamente-vanzare\/\">Apartamente de vanzare Cluj-Napoca<\/a><\/li>\n<li><a href=\"\/cluj-napoca\/apartamente-vanzare\/2-camere\/\">Apartamente cu 2 camere de vanzare Cluj-Napoca<\/a><\/li>\n<li><a href=\"\/cluj-napoca\/apartamente-vanzare\/someseni\/2-camere\/\">Apartamente cu 2 camere de vanzare Some\u0219eni, Cluj-Napoca<\/a><\/li>\n<\/ul>\n<p><a href=\"\/cluj-napoca\/imobiliare-25-153165-de-vanzare-apartament-2-camere-in-someseni\/\" class=\"pb-listing-action\">Detaliile proprietatii<\/a><\/p>\n<p><h2 class=\"wp-block-heading\">Descoper\u0103 Apartamentul Ideal \u00een Cartierele Someseni &#8211; Aurel Vlaicu<\/h2>\n<p>Dac\u0103 e\u0219ti \u00een c\u0103utarea unei locuin\u021be confortabile \u0219i moderne \u00een Cluj-Napoca, apartamentul cu dou\u0103 camere din cartierul Someseni ar putea fi alegerea perfect\u0103 pentru tine. Situat \u00eentr-o zon\u0103 lini\u0219tit\u0103, dar totu\u0219i aproape de toate facilit\u0103\u021bile necesare, acest apartament reprezint\u0103 o oportunitate excelent\u0103 pentru cei care \u00ee\u0219i doresc un c\u0103min primitor.<\/p>\n<p>#<\/p>\n<h2 class=\"wp-block-heading\">Detalii Despre Proprietate<\/h2>\n<p>Apartamentul are o suprafa\u021b\u0103 util\u0103 de 50 mp \u0219i beneficiaz\u0103 de o gr\u0103din\u0103 proprie de 30 mp, ideal\u0103 pentru petrecerea timpului liber \u00een aer liber. Compartimentarea este g\u00e2ndit\u0103 inteligent pentru a maximiza confortul \u0219i func\u021bionalitatea, av\u00e2nd un living generos cu buc\u0103t\u0103rie open space, un dormitor cozy \u0219i o baie modern\u0103. <\/p>\n<p>#<\/p>\n<h2 class=\"wp-block-heading\">Dot\u0103ri \u0219i Confort<\/h2>\n<p>Situat la parterul unui ansamblu reziden\u021bial nou cu dou\u0103 etaje, apartamentul se pred\u0103 la stadiul de semifinisat, ceea ce \u00ee\u021bi ofer\u0103 oportunitatea de a-\u021bi personaliza spa\u021biul dup\u0103 gusturile tale. Confortul termic este asigurat de o central\u0103 termic\u0103 proprie, echipat\u0103 cu sistem de \u00eenc\u0103lzire \u00een pardoseal\u0103, asigur\u00e2nd astfel o temperatur\u0103 optim\u0103 \u00een \u00eentreaga locuin\u021b\u0103.<\/p>\n<p>#<\/p>\n<h2 class=\"wp-block-heading\">Loca\u021bie \u0219i Facilita\u021bi<\/h2>\n<p>Una dintre marile atrac\u021bii ale acestui apartament este amplasarea sa. Situat \u00een apropierea Kaufland Aurel Vlaicu, ai la dispozi\u021bie diverse supermarketuri, iar transportul public este la c\u00e2\u021biva pa\u0219i distan\u021b\u0103, facilit\u00e2nd accesul rapid \u00een alte zone ale ora\u0219ului. \u00cen plus, perspectiva dezvolt\u0103rii unei centuri metropolitane \u0219i a unui drum expres spre gar\u0103 adaug\u0103 un plus de valoare acestui cartier.<\/p>\n<p>De asemenea, \u00een viitorul apropiat va fi deschis \u0219i cel mai mare parc din Cluj, Parcul de Est, care va oferi locuitorilor un spa\u021biu verde generos pentru relaxare \u0219i activit\u0103\u021bi \u00een aer liber.<\/p>\n<p>#<\/p>\n<h2 class=\"wp-block-heading\">Concluzie<\/h2>\n<p>Acest apartament din Someseni nu este doar un loc unde s\u0103 locuie\u0219ti, ci \u0219i o oportunitate de a te bucura de un stil de via\u021b\u0103 confortabil \u0219i modern. Cu facilit\u0103\u021bi excelente, o gr\u0103din\u0103 privat\u0103 \u0219i un sistem de \u00eenc\u0103lzire performant, acest loc promite s\u0103 devin\u0103 o re\u0219edin\u021b\u0103 ideal\u0103 pentru tine \u0219i familia ta. Dac\u0103 e\u0219ti \u00een c\u0103utarea unui nou \u00eenceput \u00een Cluj-Napoca, nu rata ocazia de a descoperi acest apartament minunat!<\/p>\n<p><a href=\"\/cluj-napoca\/imobiliare-25-153165-de-vanzare-apartament-2-camere-in-someseni\/\" class=\"pb-listing-action\">Stabileste o vizionare<\/a><\/p>\n<ul>\n<li><a href=\"\/cluj-napoca\/\">Imobiliare Cluj-Napoca<\/a><\/li>\n<li><a href=\"\/cluj-napoca\/apartamente-vanzare\/\">Apartamente de vanzare Cluj-Napoca<\/a><\/li>\n<li><a href=\"\/cluj-napoca\/apartamente-vanzare\/2-camere\/\">Apartamente cu 2 camere de vanzare Cluj-Napoca<\/a><\/li>\n<li><a href=\"\/cluj-napoca\/apartamente-vanzare\/someseni\/2-camere\/\">Apartamente cu 2 camere de vanzare Some\u0219eni, Cluj-Napoca<\/a><\/li>\n<\/ul>\n\n<!-- ngfb content-buttons begin -->\n<!-- generated on 2026-04-28T10:44:23+00:00 -->\n<div class=\"ngfb-content-buttons\">\n<div class=\"ngfb-buttons en_US\">\n<!-- Email Button --><div class=\"css-button email-button\">\n  <a href=\"mailto:?subject=Share:%20Apartament%20Modern%20cu%202%20Camere%20%C8%99i%20Gr%C4%83din%C4%83%20%C3%AEn%20Someseni%20%26%238211%3B%20Aproape%20de%20Kaufland%21&body=Cluj-Napoca%2C%20Some%C8%99eni%20-%20Apartament%20cu%202%20camere%20%C3%AEn%20cartierul%20Someseni%2C%20zona%20Kaufland%20Aurel%20Vlaicu%2C%20cu%20o%20suprafa%C8%9B%C4%83%20util%C4%83%20de%2050%20mp%20%C8%99i%2030%20mp%20de%20gr%C4%83din%C4%83.%20Compartimentarea%20include%20living%20cu%20buc%C4%83t%C4%83rie%20open%20space%2C%20dormitor%20%C8%99i%20baie.%20Situat%20la%20parter%20%C3%AEntr-un%20ansamblu%20reziden%C8%9Bial%20nou%2C%20apartamentul%20se%20vinde%20semifinisat%20%C8%99i%20dispune%20de%20centrala%20termic%C4%83%20proprie%20cu%20%C3%AEnc%C4%83lzire%20%C3%AEn%20pardoseal%C4%83%20%C8%99i%20loc%20de%20parcare.%20Zona%20este%20lini%C8%99tit%C4%83%2C%20aproape%20de%20facilit%C4%83%C8%9Bi%20%C8%99i%20viitoarea%20centur%C4%83%20metropolitan%C4%83.%0D%0A%0D%0AShared%20from%20https:\/\/propertybook.ro\/blog\/apartament-modern-cu-2-camere-si-gradina-in-someseni-aproape-de-kaufland\/%0D%0A\">\n    <span class=\"ngfb-icon\">\n      <svg xmlns=\"http:\/\/www.w3.org\/2000\/svg\" width=\"9\" height=\"9\" viewBox=\"0 0 28 28\">\n        <path d=\"M20.11 26.147c-2.335 1.05-4.36 1.4-7.124 1.4C6.524 27.548.84 22.916.84 15.284.84 7.343 6.602.45 15.4.45c6.854 0 11.8 4.7 11.8 11.252 0 5.684-3.193 9.265-7.398 9.3-1.83 0-3.153-.934-3.347-2.997h-.077c-1.208 1.986-2.96 2.997-5.023 2.997-2.532 0-4.36-1.868-4.36-5.062 0-4.75 3.503-9.07 9.11-9.07 1.713 0 3.7.4 4.6.972l-1.17 7.203c-.387 2.298-.115 3.3 1 3.4 1.674 0 3.774-2.102 3.774-6.58 0-5.06-3.27-8.994-9.304-8.994C9.05 2.87 3.83 7.545 3.83 14.97c0 6.5 4.2 10.2 10 10.202 1.987 0 4.09-.43 5.647-1.245l.634 2.22zM16.647 10.1c-.31-.078-.7-.155-1.207-.155-2.572 0-4.596 2.53-4.596 5.53 0 1.5.7 2.4 1.9 2.4 1.44 0 2.96-1.83 3.31-4.088l.592-3.72z\" \/>\n      <\/svg>\n    <\/span>\n    <span class=\"ngfb-text\"><\/span>\n  <\/a>\n<\/div><\/div><!-- .ngfb-buttons.en_US -->\n<\/div><!-- .ngfb-content-buttons -->\n<!-- ngfb content-buttons end -->\n\n","protected":false},"excerpt":{"rendered":"<p>Cluj-Napoca, Some\u0219eni &#8211; Apartament cu 2 camere \u00een cartierul Someseni, zona Kaufland Aurel Vlaicu, cu o suprafa\u021b\u0103 util\u0103 de 50 mp \u0219i 30 mp de gr\u0103din\u0103. Compartimentarea include living cu buc\u0103t\u0103rie open space, dormitor \u0219i baie. Situat la parter \u00eentr-un ansamblu reziden\u021bial nou, apartamentul se vinde semifinisat \u0219i dispune de centrala termic\u0103 proprie cu \u00eenc\u0103lzire \u00een pardoseal\u0103 \u0219i loc de parcare. Zona este lini\u0219tit\u0103, aproape de facilit\u0103\u021bi \u0219i viitoarea centur\u0103 metropolitan\u0103.<\/p>\n","protected":false},"author":8,"featured_media":5442,"comment_status":"open","ping_status":"open","sticky":false,"template":"","format":"standard","meta":{"footnotes":""},"categories":[50,48,47],"tags":[62,65,91,376,60,63,118],"class_list":["post-5443","post","type-post","status-publish","format-standard","has-post-thumbnail","hentry","category-apartamente-de-vanzare-in-cluj-napoca","category-oferte-imobiliare-in-cluj-napoca","category-oferte","tag-2-camere","tag-centrala-termica","tag-cluj-napoca","tag-o-baie","tag-parcare","tag-semidecomandat","tag-someseni"],"_links":{"self":[{"href":"https:\/\/propertybook.ro\/blog\/wp-json\/wp\/v2\/posts\/5443","targetHints":{"allow":["GET"]}}],"collection":[{"href":"https:\/\/propertybook.ro\/blog\/wp-json\/wp\/v2\/posts"}],"about":[{"href":"https:\/\/propertybook.ro\/blog\/wp-json\/wp\/v2\/types\/post"}],"author":[{"embeddable":true,"href":"https:\/\/propertybook.ro\/blog\/wp-json\/wp\/v2\/users\/8"}],"replies":[{"embeddable":true,"href":"https:\/\/propertybook.ro\/blog\/wp-json\/wp\/v2\/comments?post=5443"}],"version-history":[{"count":0,"href":"https:\/\/propertybook.ro\/blog\/wp-json\/wp\/v2\/posts\/5443\/revisions"}],"wp:featuredmedia":[{"embeddable":true,"href":"https:\/\/propertybook.ro\/blog\/wp-json\/wp\/v2\/media\/5442"}],"wp:attachment":[{"href":"https:\/\/propertybook.ro\/blog\/wp-json\/wp\/v2\/media?parent=5443"}],"wp:term":[{"taxonomy":"category","embeddable":true,"href":"https:\/\/propertybook.ro\/blog\/wp-json\/wp\/v2\/categories?post=5443"},{"taxonomy":"post_tag","embeddable":true,"href":"https:\/\/propertybook.ro\/blog\/wp-json\/wp\/v2\/tags?post=5443"}],"curies":[{"name":"wp","href":"https:\/\/api.w.org\/{rel}","templated":true}]}}