{"id":5447,"date":"2025-06-02T19:44:27","date_gmt":"2025-06-02T16:44:27","guid":{"rendered":"https:\/\/propertybook.ro\/blog\/apartament-decomandat-cu-3-camere-in-manastur-zona-calea-floresti\/"},"modified":"2025-06-02T19:44:27","modified_gmt":"2025-06-02T16:44:27","slug":"apartament-decomandat-cu-3-camere-in-manastur-zona-calea-floresti","status":"publish","type":"post","link":"https:\/\/propertybook.ro\/blog\/apartament-decomandat-cu-3-camere-in-manastur-zona-calea-floresti\/","title":{"rendered":"Apartament Decomandat cu 3 Camere \u00een Manastur, Zona Calea Floresti"},"content":{"rendered":"\n<!-- ngfb content-buttons begin -->\n<!-- generated on 2026-04-24T14:47:52+00:00 -->\n<div class=\"ngfb-content-buttons\">\n<div class=\"ngfb-buttons en_US\">\n<!-- Email Button --><div class=\"css-button email-button\">\n  <a href=\"mailto:?subject=Share:%20Apartament%20Decomandat%20cu%203%20Camere%20%C3%AEn%20Manastur%2C%20Zona%20Calea%20Floresti&body=Cluj-Napoca%2C%20M%C4%83n%C4%83%C8%99tur%20-%20Apartament%20cu%203%20camere%20decomandate%2C%20situat%20la%20parter%20%C3%AEntr-un%20imobil%20de%204%20etaje%20pe%20Calea%20Flore%C8%99ti%2C%20%C3%AEn%20cartierul%20M%C4%83n%C4%83%C5%9Ftur.%20Are%20o%20suprafa%C8%9B%C4%83%20de%2064%20mp%2C%20compartimentat%20%C3%AEn%3A%201%20camer%C4%83%20de%20zi%2C%202%20dormitoare%2C%201%20buc%C4%83t%C4%83rie%2C%202%20b%C4%83i%20%C8%99i%201%20hol.%20Finisajele%20includ%20parchet%20din%20lemn%20masiv%2C%20feronerie%20PVC%2C%20%C8%99i%20u%C8%99i%20din%20lemn.%20Confortul%20termic%20este%20asigurat%20de%20centrala%20proprie%2C%20iar%20proprietatea%20dispune%20de%20spatiu%20de%20depozitare%20%C8%99i%20parcare%20cu%20abonament.%0D%0A%0D%0AShared%20from%20https:\/\/propertybook.ro\/blog\/apartament-decomandat-cu-3-camere-in-manastur-zona-calea-floresti\/%0D%0A\">\n    <span class=\"ngfb-icon\">\n      <svg xmlns=\"http:\/\/www.w3.org\/2000\/svg\" width=\"9\" height=\"9\" viewBox=\"0 0 28 28\">\n        <path d=\"M20.11 26.147c-2.335 1.05-4.36 1.4-7.124 1.4C6.524 27.548.84 22.916.84 15.284.84 7.343 6.602.45 15.4.45c6.854 0 11.8 4.7 11.8 11.252 0 5.684-3.193 9.265-7.398 9.3-1.83 0-3.153-.934-3.347-2.997h-.077c-1.208 1.986-2.96 2.997-5.023 2.997-2.532 0-4.36-1.868-4.36-5.062 0-4.75 3.503-9.07 9.11-9.07 1.713 0 3.7.4 4.6.972l-1.17 7.203c-.387 2.298-.115 3.3 1 3.4 1.674 0 3.774-2.102 3.774-6.58 0-5.06-3.27-8.994-9.304-8.994C9.05 2.87 3.83 7.545 3.83 14.97c0 6.5 4.2 10.2 10 10.202 1.987 0 4.09-.43 5.647-1.245l.634 2.22zM16.647 10.1c-.31-.078-.7-.155-1.207-.155-2.572 0-4.596 2.53-4.596 5.53 0 1.5.7 2.4 1.9 2.4 1.44 0 2.96-1.83 3.31-4.088l.592-3.72z\" \/>\n      <\/svg>\n    <\/span>\n    <span class=\"ngfb-text\"><\/span>\n  <\/a>\n<\/div><\/div><!-- .ngfb-buttons.en_US -->\n<\/div><!-- .ngfb-content-buttons -->\n<!-- ngfb content-buttons end -->\n\n\n<!-- ngfb schema image for pinterest pin it button -->\n<div class=\"ngfb-schema-image-for-pinterest\" style=\"display:none;\">\n<img loading=\"lazy\" decoding=\"async\" src=\"https:\/\/propertybook.ro\/blog\/wp-content\/uploads\/2025\/06\/153197.webp\" width=\"0\" height=\"0\" style=\"width:0;height:0;\" data-pin-description=\"Cluj-Napoca, M\u0103n\u0103\u0219tur - Apartament cu 3 camere decomandate, situat la parter &icirc;ntr-un imobil de 4 etaje pe Calea Flore\u0219ti, &icirc;n cartierul M\u0103n\u0103\u015ftur. Are o suprafa\u021b\u0103 de 64 mp, compartimentat &icirc;n: 1 camer\u0103 de zi, 2 dormitoare, 1 buc\u0103t\u0103rie, 2 b\u0103i \u0219i 1 hol. Finisajele includ parchet din lemn masiv...\" alt=\"\"\/>\n<\/div><!-- .ngfb-schema-image-for-pinterest -->\n\n<figure class=\"wp-block-image size-large\"><img decoding=\"async\" src=\"https:\/\/cdn.propertybook.ro\/napoca_imobiliare\/153197.webp\" alt=\"\" \/><\/figure>\n<ul>\n<li><a href=\"\/cluj-napoca\/\">Imobiliare Cluj-Napoca<\/a><\/li>\n<li><a href=\"\/cluj-napoca\/apartamente-vanzare\/\">Apartamente de vanzare Cluj-Napoca<\/a><\/li>\n<li><a href=\"\/cluj-napoca\/apartamente-vanzare\/3-camere\/\">Apartamente cu 3 camere de vanzare Cluj-Napoca<\/a><\/li>\n<li><a href=\"\/cluj-napoca\/apartamente-vanzare\/manastur\/3-camere\/\">Apartamente cu 3 camere de vanzare M\u0103n\u0103\u0219tur, Cluj-Napoca<\/a><\/li>\n<\/ul>\n<p><a href=\"\/cluj-napoca\/imobiliare-25-153197-vanzare-apartament-3-camere-in-manastur\/\" class=\"pb-listing-action\">Detaliile proprietatii<\/a><\/p>\n<p><h2 class=\"wp-block-heading\">Descoperi\u021bi un Apartament Modern cu 3 Camere \u00een Zona Calea Flore\u0219ti<\/h2>\n<p>Dac\u0103 sunte\u021bi \u00een c\u0103utarea unei locuin\u021be confortabile, bine situate \u0219i cu o atmosfer\u0103 pl\u0103cut\u0103, un apartament cu 3 camere decomandate \u00een cartierul M\u0103n\u0103\u0219tur ar putea fi alegerea perfect\u0103 pentru dumneavoastr\u0103. Situat la parterul unui imobil cu 4 etaje, acest apartament ofer\u0103 un scut de lini\u0219te departe de agita\u021bia urban\u0103, fiind totodat\u0103 aproape de toate facilit\u0103\u021bile necesare traiului cotidian.<\/p>\n<p><h2 class=\"wp-block-heading\">Loca\u021bie Strategic\u0103<\/h2>\n<p>Apartamentul se afl\u0103 pe strada Calea Flore\u0219ti, \u00eentr-o zon\u0103 lini\u0219tit\u0103, dar totu\u0219i accesibil\u0103. \u00cemprejurimile ofer\u0103 toate punctele de interes importante: sta\u021bii pentru mijloace de transport \u00een comun, magazine variate, farmacii, gr\u0103dini\u021be, b\u0103nci \u0219i multe altele. Aceast\u0103 localizare face ca apartamentul s\u0103 fie ideal at\u00e2t pentru familii, c\u00e2t \u0219i pentru tineri profesioni\u0219ti care doresc s\u0103 fie aproape de centrul ora\u0219ului f\u0103r\u0103 a renun\u021ba la confortul unui c\u0103min lini\u0219tit.<\/p>\n<p><h2 class=\"wp-block-heading\">Design Func\u021bional \u0219i Finisaje de Calitate<\/h2>\n<p>Cu o suprafa\u021b\u0103 de 64 mp, apartamentul este compartimentat eficient, av\u00e2nd o camer\u0103 de zi spa\u021bioas\u0103, dou\u0103 dormitoare confortabile, o buc\u0103t\u0103rie bine dotat\u0103, dou\u0103 b\u0103i (una cu geam) \u0219i un hol primitor. Finisajele sunt clasice, dar de bun gust, subliniind calitatea spa\u021biului. Pardoseala este din parchet din lemn masiv, oferind o not\u0103 de elegan\u021b\u0103, iar pere\u021bii sunt zugr\u0103vi\u021bi cu vopsea lavabil\u0103, u\u0219or de \u00eentre\u021binut.<\/p>\n<p>Feroneria este de calitate superioar\u0103, cu feronerie termoizolant\u0103 din PVC care asigur\u0103 un confort termic optim, iar u\u0219ile interioare din lemn completeaz\u0103 aspectul general al apartamentului. U\u0219a de la intrare este metalic\u0103, oferind un plus de securitate.<\/p>\n<p><h2 class=\"wp-block-heading\">Confort \u0219i Spa\u021biu de Depozitare<\/h2>\n<p>Apartamentul beneficiaz\u0103 de o central\u0103 proprie, asigur\u00e2ndu-v\u0103 astfel un control total asupra costurilor de c\u0103ldur\u0103 \u0219i confort. De asemenea, \u00een subsol exist\u0103 un spa\u021biu de depozitare, extrem de util pentru p\u0103strarea obiectelor sezoniere sau a celor pu\u021bin utilizate. Mai mult, locatarul are la dispozi\u021bie un loc de parcare, ce poate fi ob\u021binut prin abonament de la prim\u0103rie, esen\u021bial \u00een zonele cu trafic urban.<\/p>\n<p><h2 class=\"wp-block-heading\">Ideal pentru Tine<\/h2>\n<p>Fie c\u0103 sunte\u021bi la \u00eenceput de drum \u00een via\u021b\u0103, c\u0103uta\u021bi un spa\u021biu potrivit pentru familia dumneavoastr\u0103 sau pur \u0219i simplu dori\u021bi s\u0103 v\u0103 muta\u021bi \u00eentr-un apartament mai confortabil, aceast\u0103 proprietate reprezint\u0103 o op\u021biune excelent\u0103. \u00centr-o zon\u0103 care combin\u0103 lini\u0219tea cu accesibilitatea, cu facilit\u0103\u021bi la \u00eendem\u00e2n\u0103 \u0219i un spa\u021biu interior primitor, apartamentul de pe Calea Flore\u0219ti este mai mult dec\u00e2t o simpl\u0103 locuin\u021b\u0103 \u2014 este locul \u00een care pute\u021bi crea amintiri \u0219i v\u0103 pute\u021bi bucura de stilul de via\u021b\u0103 dorit.<\/p>\n<p>Pentru detalii suplimentare sau pentru a programa o vizionare, nu ezita\u021bi s\u0103 explora\u021bi aceast\u0103 oportunitate pe pia\u021ba imobiliar\u0103. V\u0103 a\u0219teapt\u0103 un c\u0103min plin de poten\u021bial!<\/p>\n<p><a href=\"\/cluj-napoca\/imobiliare-25-153197-vanzare-apartament-3-camere-in-manastur\/\" class=\"pb-listing-action\">Stabileste o vizionare<\/a><\/p>\n<ul>\n<li><a href=\"\/cluj-napoca\/\">Imobiliare Cluj-Napoca<\/a><\/li>\n<li><a href=\"\/cluj-napoca\/apartamente-vanzare\/\">Apartamente de vanzare Cluj-Napoca<\/a><\/li>\n<li><a href=\"\/cluj-napoca\/apartamente-vanzare\/3-camere\/\">Apartamente cu 3 camere de vanzare Cluj-Napoca<\/a><\/li>\n<li><a href=\"\/cluj-napoca\/apartamente-vanzare\/manastur\/3-camere\/\">Apartamente cu 3 camere de vanzare M\u0103n\u0103\u0219tur, Cluj-Napoca<\/a><\/li>\n<\/ul>\n\n<!-- ngfb content-buttons begin -->\n<!-- generated on 2026-04-24T14:47:52+00:00 -->\n<div class=\"ngfb-content-buttons\">\n<div class=\"ngfb-buttons en_US\">\n<!-- Email Button --><div class=\"css-button email-button\">\n  <a href=\"mailto:?subject=Share:%20Apartament%20Decomandat%20cu%203%20Camere%20%C3%AEn%20Manastur%2C%20Zona%20Calea%20Floresti&body=Cluj-Napoca%2C%20M%C4%83n%C4%83%C8%99tur%20-%20Apartament%20cu%203%20camere%20decomandate%2C%20situat%20la%20parter%20%C3%AEntr-un%20imobil%20de%204%20etaje%20pe%20Calea%20Flore%C8%99ti%2C%20%C3%AEn%20cartierul%20M%C4%83n%C4%83%C5%9Ftur.%20Are%20o%20suprafa%C8%9B%C4%83%20de%2064%20mp%2C%20compartimentat%20%C3%AEn%3A%201%20camer%C4%83%20de%20zi%2C%202%20dormitoare%2C%201%20buc%C4%83t%C4%83rie%2C%202%20b%C4%83i%20%C8%99i%201%20hol.%20Finisajele%20includ%20parchet%20din%20lemn%20masiv%2C%20feronerie%20PVC%2C%20%C8%99i%20u%C8%99i%20din%20lemn.%20Confortul%20termic%20este%20asigurat%20de%20centrala%20proprie%2C%20iar%20proprietatea%20dispune%20de%20spatiu%20de%20depozitare%20%C8%99i%20parcare%20cu%20abonament.%0D%0A%0D%0AShared%20from%20https:\/\/propertybook.ro\/blog\/apartament-decomandat-cu-3-camere-in-manastur-zona-calea-floresti\/%0D%0A\">\n    <span class=\"ngfb-icon\">\n      <svg xmlns=\"http:\/\/www.w3.org\/2000\/svg\" width=\"9\" height=\"9\" viewBox=\"0 0 28 28\">\n        <path d=\"M20.11 26.147c-2.335 1.05-4.36 1.4-7.124 1.4C6.524 27.548.84 22.916.84 15.284.84 7.343 6.602.45 15.4.45c6.854 0 11.8 4.7 11.8 11.252 0 5.684-3.193 9.265-7.398 9.3-1.83 0-3.153-.934-3.347-2.997h-.077c-1.208 1.986-2.96 2.997-5.023 2.997-2.532 0-4.36-1.868-4.36-5.062 0-4.75 3.503-9.07 9.11-9.07 1.713 0 3.7.4 4.6.972l-1.17 7.203c-.387 2.298-.115 3.3 1 3.4 1.674 0 3.774-2.102 3.774-6.58 0-5.06-3.27-8.994-9.304-8.994C9.05 2.87 3.83 7.545 3.83 14.97c0 6.5 4.2 10.2 10 10.202 1.987 0 4.09-.43 5.647-1.245l.634 2.22zM16.647 10.1c-.31-.078-.7-.155-1.207-.155-2.572 0-4.596 2.53-4.596 5.53 0 1.5.7 2.4 1.9 2.4 1.44 0 2.96-1.83 3.31-4.088l.592-3.72z\" \/>\n      <\/svg>\n    <\/span>\n    <span class=\"ngfb-text\"><\/span>\n  <\/a>\n<\/div><\/div><!-- .ngfb-buttons.en_US -->\n<\/div><!-- .ngfb-content-buttons -->\n<!-- ngfb content-buttons end -->\n\n","protected":false},"excerpt":{"rendered":"<p>Cluj-Napoca, M\u0103n\u0103\u0219tur &#8211; Apartament cu 3 camere decomandate, situat la parter \u00eentr-un imobil de 4 etaje pe Calea Flore\u0219ti, \u00een cartierul M\u0103n\u0103\u015ftur. Are o suprafa\u021b\u0103 de 64 mp, compartimentat \u00een: 1 camer\u0103 de zi, 2 dormitoare, 1 buc\u0103t\u0103rie, 2 b\u0103i \u0219i 1 hol. Finisajele includ parchet din lemn masiv, feronerie PVC, \u0219i u\u0219i din lemn. Confortul termic este asigurat de centrala proprie, iar proprietatea dispune de spatiu de depozitare \u0219i parcare cu abonament.<\/p>\n","protected":false},"author":8,"featured_media":5446,"comment_status":"open","ping_status":"open","sticky":false,"template":"","format":"standard","meta":{"footnotes":""},"categories":[50,48,47],"tags":[55,65,91,68,123,60,70],"class_list":["post-5447","post","type-post","status-publish","format-standard","has-post-thumbnail","hentry","category-apartamente-de-vanzare-in-cluj-napoca","category-oferte-imobiliare-in-cluj-napoca","category-oferte","tag-3-camere","tag-centrala-termica","tag-cluj-napoca","tag-decomandat","tag-manastur","tag-parcare","tag-parchet"],"_links":{"self":[{"href":"https:\/\/propertybook.ro\/blog\/wp-json\/wp\/v2\/posts\/5447","targetHints":{"allow":["GET"]}}],"collection":[{"href":"https:\/\/propertybook.ro\/blog\/wp-json\/wp\/v2\/posts"}],"about":[{"href":"https:\/\/propertybook.ro\/blog\/wp-json\/wp\/v2\/types\/post"}],"author":[{"embeddable":true,"href":"https:\/\/propertybook.ro\/blog\/wp-json\/wp\/v2\/users\/8"}],"replies":[{"embeddable":true,"href":"https:\/\/propertybook.ro\/blog\/wp-json\/wp\/v2\/comments?post=5447"}],"version-history":[{"count":0,"href":"https:\/\/propertybook.ro\/blog\/wp-json\/wp\/v2\/posts\/5447\/revisions"}],"wp:featuredmedia":[{"embeddable":true,"href":"https:\/\/propertybook.ro\/blog\/wp-json\/wp\/v2\/media\/5446"}],"wp:attachment":[{"href":"https:\/\/propertybook.ro\/blog\/wp-json\/wp\/v2\/media?parent=5447"}],"wp:term":[{"taxonomy":"category","embeddable":true,"href":"https:\/\/propertybook.ro\/blog\/wp-json\/wp\/v2\/categories?post=5447"},{"taxonomy":"post_tag","embeddable":true,"href":"https:\/\/propertybook.ro\/blog\/wp-json\/wp\/v2\/tags?post=5447"}],"curies":[{"name":"wp","href":"https:\/\/api.w.org\/{rel}","templated":true}]}}