{"id":5453,"date":"2025-06-03T11:44:05","date_gmt":"2025-06-03T08:44:05","guid":{"rendered":"https:\/\/propertybook.ro\/blog\/apartament-cu-2-camere-de-vanzare-in-manastur-zona-linistita-si-accesibila\/"},"modified":"2025-06-03T11:44:05","modified_gmt":"2025-06-03T08:44:05","slug":"apartament-cu-2-camere-de-vanzare-in-manastur-zona-linistita-si-accesibila","status":"publish","type":"post","link":"https:\/\/propertybook.ro\/blog\/apartament-cu-2-camere-de-vanzare-in-manastur-zona-linistita-si-accesibila\/","title":{"rendered":"Apartament cu 2 camere de v\u00e2nzare \u00een Manastur &#8211; Zona lini\u0219tit\u0103 \u0219i accesibil\u0103"},"content":{"rendered":"\n<!-- ngfb content-buttons begin -->\n<!-- generated on 2026-04-25T21:08:14+00:00 -->\n<div class=\"ngfb-content-buttons\">\n<div class=\"ngfb-buttons en_US\">\n<!-- Email Button --><div class=\"css-button email-button\">\n  <a href=\"mailto:?subject=Share:%20Apartament%20cu%202%20camere%20de%20v%C3%A2nzare%20%C3%AEn%20Manastur%20%26%238211%3B%20Zona%20lini%C8%99tit%C4%83%20%C8%99i%20accesibil%C4%83&body=Cluj-Napoca%2C%20M%C4%83n%C4%83%C8%99tur%20-%20Apartament%20cu%202%20camere%20situat%20%C3%AEn%20cartierul%20Manastur%2C%20pe%20strada%20Peana%2C%20%C3%AEntr-o%20zon%C4%83%20lini%C8%99tit%C4%83%20aproape%20de%20%C8%99coli%2C%20magazine%20%C8%99i%20transport%20%C3%AEn%20comun.%20Cu%20o%20suprafa%C8%9B%C4%83%20util%C4%83%20de%2041%20mp%2C%20este%20compartimentat%20%C3%AEn%201%20dormitor%2C%201%20living%2C%20hol%20cu%20buc%C4%83t%C4%83rie%20%C8%99i%20baie.%20Imobilul%20se%20afl%C4%83%20la%20etajul%204%20al%20unui%20bloc%20cu%204%20etaje%20%C8%99i%20beneficiaz%C4%83%20de%20central%C4%83%20termic%C4%83%20proprie%20%C8%99i%20geamuri%20din%20PVC.%0D%0A%0D%0AShared%20from%20https:\/\/propertybook.ro\/blog\/apartament-cu-2-camere-de-vanzare-in-manastur-zona-linistita-si-accesibila\/%0D%0A\">\n    <span class=\"ngfb-icon\">\n      <svg xmlns=\"http:\/\/www.w3.org\/2000\/svg\" width=\"9\" height=\"9\" viewBox=\"0 0 28 28\">\n        <path d=\"M20.11 26.147c-2.335 1.05-4.36 1.4-7.124 1.4C6.524 27.548.84 22.916.84 15.284.84 7.343 6.602.45 15.4.45c6.854 0 11.8 4.7 11.8 11.252 0 5.684-3.193 9.265-7.398 9.3-1.83 0-3.153-.934-3.347-2.997h-.077c-1.208 1.986-2.96 2.997-5.023 2.997-2.532 0-4.36-1.868-4.36-5.062 0-4.75 3.503-9.07 9.11-9.07 1.713 0 3.7.4 4.6.972l-1.17 7.203c-.387 2.298-.115 3.3 1 3.4 1.674 0 3.774-2.102 3.774-6.58 0-5.06-3.27-8.994-9.304-8.994C9.05 2.87 3.83 7.545 3.83 14.97c0 6.5 4.2 10.2 10 10.202 1.987 0 4.09-.43 5.647-1.245l.634 2.22zM16.647 10.1c-.31-.078-.7-.155-1.207-.155-2.572 0-4.596 2.53-4.596 5.53 0 1.5.7 2.4 1.9 2.4 1.44 0 2.96-1.83 3.31-4.088l.592-3.72z\" \/>\n      <\/svg>\n    <\/span>\n    <span class=\"ngfb-text\"><\/span>\n  <\/a>\n<\/div><\/div><!-- .ngfb-buttons.en_US -->\n<\/div><!-- .ngfb-content-buttons -->\n<!-- ngfb content-buttons end -->\n\n\n<!-- ngfb schema image for pinterest pin it button -->\n<div class=\"ngfb-schema-image-for-pinterest\" style=\"display:none;\">\n<img loading=\"lazy\" decoding=\"async\" src=\"https:\/\/propertybook.ro\/blog\/wp-content\/uploads\/2025\/06\/153193.webp\" width=\"0\" height=\"0\" style=\"width:0;height:0;\" data-pin-description=\"Cluj-Napoca, M\u0103n\u0103\u0219tur - Apartament cu 2 camere situat &icirc;n cartierul Manastur, pe strada Peana, &icirc;ntr-o zon\u0103 lini\u0219tit\u0103 aproape de \u0219coli, magazine \u0219i transport &icirc;n comun. Cu o suprafa\u021b\u0103 util\u0103 de 41 mp, este compartimentat &icirc;n 1 dormitor, 1 living, hol cu buc\u0103t\u0103rie \u0219i baie. Imobilul se afl\u0103 la etajul 4...\" alt=\"\"\/>\n<\/div><!-- .ngfb-schema-image-for-pinterest -->\n\n<figure class=\"wp-block-image size-large\"><img decoding=\"async\" src=\"https:\/\/cdn.propertybook.ro\/napoca_imobiliare\/153193.webp\" alt=\"\" \/><\/figure>\n<ul>\n<li><a href=\"\/cluj-napoca\/\">Imobiliare Cluj-Napoca<\/a><\/li>\n<li><a href=\"\/cluj-napoca\/apartamente-vanzare\/\">Apartamente de vanzare Cluj-Napoca<\/a><\/li>\n<li><a href=\"\/cluj-napoca\/apartamente-vanzare\/2-camere\/\">Apartamente cu 2 camere de vanzare Cluj-Napoca<\/a><\/li>\n<li><a href=\"\/cluj-napoca\/apartamente-vanzare\/manastur\/2-camere\/\">Apartamente cu 2 camere de vanzare M\u0103n\u0103\u0219tur, Cluj-Napoca<\/a><\/li>\n<\/ul>\n<p><a href=\"\/cluj-napoca\/imobiliare-25-153193-se-vinde-apartament-2-camere-in-manastur\/\" class=\"pb-listing-action\">Detaliile proprietatii<\/a><\/p>\n<p><h2 class=\"wp-block-heading\">Descoper\u0103 confortul \u0219i lini\u0219tea \u00eentr-un apartament cu 2 camere \u00een Manastur<\/h2>\n<p>\u00cen c\u0103utarea unui c\u0103min lini\u0219tit, aproape de toate facilit\u0103\u021bile necesare unei vie\u021bi moderne? Un apartament cu 2 camere situat \u00een cartierul Manastur ar putea fi alegerea perfect\u0103 pentru tine!<\/p>\n<p>#<\/p>\n<h2 class=\"wp-block-heading\">Loca\u021bie ideal\u0103<\/h2>\n<p>Acest apartament se afl\u0103 pe strada Peana, \u00eentr-o zon\u0103 care \u00eembin\u0103 lini\u0219tea cu accesibilitatea. \u00cen imediata apropiere, te bucuri de toate punctele de interes: \u0219coli, magazine, b\u0103nci \u0219i farmacii, ceea ce \u00eel face perfect at\u00e2t pentru familii, c\u00e2t \u0219i pentru tineri profesioni\u0219ti. De asemenea, mijloacele de transport \u00een comun sunt la distan\u021b\u0103 mic\u0103, oferindu-\u021bi mobilitate \u0219i comoditate \u00een deplas\u0103ri.<\/p>\n<p>#<\/p>\n<h2 class=\"wp-block-heading\">Spa\u021bii optim compartimentate<\/h2>\n<p>Apartamentul are o suprafa\u021b\u0103 util\u0103 de 41 mp \u0219i este compartimentat eficient. Dotat cu un dormitor primitor, un livng vesel, un hol cu buc\u0103t\u0103rie \u0219i o baie modern\u0103, acest spa\u021biu este ideal pentru a te bucura de momente de relaxare \u0219i confort. Fiecare col\u021bi\u0219or al apartamentului a fost g\u00e2ndit pentru a oferi un ambient cald \u0219i pl\u0103cut.<\/p>\n<p>#<\/p>\n<h2 class=\"wp-block-heading\">Confort termic<\/h2>\n<p>Confortul termic este esen\u021bial \u00eentr-un c\u0103min, iar acest apartament nu dezam\u0103ge\u0219te. Cu o central\u0103 termic\u0103 proprie \u0219i \u00eenc\u0103lzire prin calorifere, te po\u021bi bucura de o atmosfer\u0103 c\u0103lduroas\u0103 \u00een zilele friguroase. De asemenea, geamurile cu tamplarie din PVC asigur\u0103 o izolare fonic\u0103 \u0219i termic\u0103 excelent\u0103.<\/p>\n<p>#<\/p>\n<h2 class=\"wp-block-heading\">Spa\u021biul ideal pentru a te sim\u021bi acas\u0103<\/h2>\n<p>Fie c\u0103 e\u0219ti la \u00eenceput de drum sau cau\u021bi un loc mai spatios, acest apartament cu 2 camere \u00ee\u021bi ofer\u0103 toate facilit\u0103\u021bile pentru a te transforma \u00eentr-un c\u0103min. Amplasarea sa \u00eentr-o zon\u0103 lini\u0219tit\u0103 \u0219i accesibilitatea la tot ce ai nevoie fac din acest apartament o alegere excelent\u0103.<\/p>\n<p>\u00cen concluzie, dac\u0103 \u00ee\u021bi dore\u0219ti un spa\u021biu confortabil, bine compartimentat \u0219i situat \u00een apropierea tuturor facilit\u0103\u021bilor necesare, acest apartament din Manastur merit\u0103 s\u0103 fie pe lista ta de op\u021biuni. Nu ezita s\u0103 explorezi aceast\u0103 oportunitate unic\u0103 de a-\u021bi g\u0103si noul c\u0103min!<\/p>\n<p><a href=\"\/cluj-napoca\/imobiliare-25-153193-se-vinde-apartament-2-camere-in-manastur\/\" class=\"pb-listing-action\">Stabileste o vizionare<\/a><\/p>\n<ul>\n<li><a href=\"\/cluj-napoca\/\">Imobiliare Cluj-Napoca<\/a><\/li>\n<li><a href=\"\/cluj-napoca\/apartamente-vanzare\/\">Apartamente de vanzare Cluj-Napoca<\/a><\/li>\n<li><a href=\"\/cluj-napoca\/apartamente-vanzare\/2-camere\/\">Apartamente cu 2 camere de vanzare Cluj-Napoca<\/a><\/li>\n<li><a href=\"\/cluj-napoca\/apartamente-vanzare\/manastur\/2-camere\/\">Apartamente cu 2 camere de vanzare M\u0103n\u0103\u0219tur, Cluj-Napoca<\/a><\/li>\n<\/ul>\n\n<!-- ngfb content-buttons begin -->\n<!-- generated on 2026-04-25T21:08:14+00:00 -->\n<div class=\"ngfb-content-buttons\">\n<div class=\"ngfb-buttons en_US\">\n<!-- Email Button --><div class=\"css-button email-button\">\n  <a href=\"mailto:?subject=Share:%20Apartament%20cu%202%20camere%20de%20v%C3%A2nzare%20%C3%AEn%20Manastur%20%26%238211%3B%20Zona%20lini%C8%99tit%C4%83%20%C8%99i%20accesibil%C4%83&body=Cluj-Napoca%2C%20M%C4%83n%C4%83%C8%99tur%20-%20Apartament%20cu%202%20camere%20situat%20%C3%AEn%20cartierul%20Manastur%2C%20pe%20strada%20Peana%2C%20%C3%AEntr-o%20zon%C4%83%20lini%C8%99tit%C4%83%20aproape%20de%20%C8%99coli%2C%20magazine%20%C8%99i%20transport%20%C3%AEn%20comun.%20Cu%20o%20suprafa%C8%9B%C4%83%20util%C4%83%20de%2041%20mp%2C%20este%20compartimentat%20%C3%AEn%201%20dormitor%2C%201%20living%2C%20hol%20cu%20buc%C4%83t%C4%83rie%20%C8%99i%20baie.%20Imobilul%20se%20afl%C4%83%20la%20etajul%204%20al%20unui%20bloc%20cu%204%20etaje%20%C8%99i%20beneficiaz%C4%83%20de%20central%C4%83%20termic%C4%83%20proprie%20%C8%99i%20geamuri%20din%20PVC.%0D%0A%0D%0AShared%20from%20https:\/\/propertybook.ro\/blog\/apartament-cu-2-camere-de-vanzare-in-manastur-zona-linistita-si-accesibila\/%0D%0A\">\n    <span class=\"ngfb-icon\">\n      <svg xmlns=\"http:\/\/www.w3.org\/2000\/svg\" width=\"9\" height=\"9\" viewBox=\"0 0 28 28\">\n        <path d=\"M20.11 26.147c-2.335 1.05-4.36 1.4-7.124 1.4C6.524 27.548.84 22.916.84 15.284.84 7.343 6.602.45 15.4.45c6.854 0 11.8 4.7 11.8 11.252 0 5.684-3.193 9.265-7.398 9.3-1.83 0-3.153-.934-3.347-2.997h-.077c-1.208 1.986-2.96 2.997-5.023 2.997-2.532 0-4.36-1.868-4.36-5.062 0-4.75 3.503-9.07 9.11-9.07 1.713 0 3.7.4 4.6.972l-1.17 7.203c-.387 2.298-.115 3.3 1 3.4 1.674 0 3.774-2.102 3.774-6.58 0-5.06-3.27-8.994-9.304-8.994C9.05 2.87 3.83 7.545 3.83 14.97c0 6.5 4.2 10.2 10 10.202 1.987 0 4.09-.43 5.647-1.245l.634 2.22zM16.647 10.1c-.31-.078-.7-.155-1.207-.155-2.572 0-4.596 2.53-4.596 5.53 0 1.5.7 2.4 1.9 2.4 1.44 0 2.96-1.83 3.31-4.088l.592-3.72z\" \/>\n      <\/svg>\n    <\/span>\n    <span class=\"ngfb-text\"><\/span>\n  <\/a>\n<\/div><\/div><!-- .ngfb-buttons.en_US -->\n<\/div><!-- .ngfb-content-buttons -->\n<!-- ngfb content-buttons end -->\n\n","protected":false},"excerpt":{"rendered":"<p>Cluj-Napoca, M\u0103n\u0103\u0219tur &#8211; Apartament cu 2 camere situat \u00een cartierul Manastur, pe strada Peana, \u00eentr-o zon\u0103 lini\u0219tit\u0103 aproape de \u0219coli, magazine \u0219i transport \u00een comun. Cu o suprafa\u021b\u0103 util\u0103 de 41 mp, este compartimentat \u00een 1 dormitor, 1 living, hol cu buc\u0103t\u0103rie \u0219i baie. Imobilul se afl\u0103 la etajul 4 al unui bloc cu 4 etaje \u0219i beneficiaz\u0103 de central\u0103 termic\u0103 proprie \u0219i geamuri din PVC.<\/p>\n","protected":false},"author":8,"featured_media":5452,"comment_status":"open","ping_status":"open","sticky":false,"template":"","format":"standard","meta":{"footnotes":""},"categories":[50,48,47],"tags":[62,65,91,79,123,376,63],"class_list":["post-5453","post","type-post","status-publish","format-standard","has-post-thumbnail","hentry","category-apartamente-de-vanzare-in-cluj-napoca","category-oferte-imobiliare-in-cluj-napoca","category-oferte","tag-2-camere","tag-centrala-termica","tag-cluj-napoca","tag-etaj-4-4","tag-manastur","tag-o-baie","tag-semidecomandat"],"_links":{"self":[{"href":"https:\/\/propertybook.ro\/blog\/wp-json\/wp\/v2\/posts\/5453","targetHints":{"allow":["GET"]}}],"collection":[{"href":"https:\/\/propertybook.ro\/blog\/wp-json\/wp\/v2\/posts"}],"about":[{"href":"https:\/\/propertybook.ro\/blog\/wp-json\/wp\/v2\/types\/post"}],"author":[{"embeddable":true,"href":"https:\/\/propertybook.ro\/blog\/wp-json\/wp\/v2\/users\/8"}],"replies":[{"embeddable":true,"href":"https:\/\/propertybook.ro\/blog\/wp-json\/wp\/v2\/comments?post=5453"}],"version-history":[{"count":0,"href":"https:\/\/propertybook.ro\/blog\/wp-json\/wp\/v2\/posts\/5453\/revisions"}],"wp:featuredmedia":[{"embeddable":true,"href":"https:\/\/propertybook.ro\/blog\/wp-json\/wp\/v2\/media\/5452"}],"wp:attachment":[{"href":"https:\/\/propertybook.ro\/blog\/wp-json\/wp\/v2\/media?parent=5453"}],"wp:term":[{"taxonomy":"category","embeddable":true,"href":"https:\/\/propertybook.ro\/blog\/wp-json\/wp\/v2\/categories?post=5453"},{"taxonomy":"post_tag","embeddable":true,"href":"https:\/\/propertybook.ro\/blog\/wp-json\/wp\/v2\/tags?post=5453"}],"curies":[{"name":"wp","href":"https:\/\/api.w.org\/{rel}","templated":true}]}}