{"id":5505,"date":"2025-06-05T19:44:30","date_gmt":"2025-06-05T16:44:30","guid":{"rendered":"https:\/\/propertybook.ro\/blog\/garsoniera-moderna-de-vanzare-in-cartierul-marasti-25-mp-complet-mobilata\/"},"modified":"2025-06-05T19:44:30","modified_gmt":"2025-06-05T16:44:30","slug":"garsoniera-moderna-de-vanzare-in-cartierul-marasti-25-mp-complet-mobilata","status":"publish","type":"post","link":"https:\/\/propertybook.ro\/blog\/garsoniera-moderna-de-vanzare-in-cartierul-marasti-25-mp-complet-mobilata\/","title":{"rendered":"Garsonier\u0103 modern\u0103 de v\u00e2nzare \u00een Cartierul M\u0103r\u0103\u0219ti &#8211; 25 mp, complet mobilat\u0103!"},"content":{"rendered":"\n<!-- ngfb content-buttons begin -->\n<!-- generated on 2026-04-27T18:09:10+00:00 -->\n<div class=\"ngfb-content-buttons\">\n<div class=\"ngfb-buttons en_US\">\n<!-- Email Button --><div class=\"css-button email-button\">\n  <a href=\"mailto:?subject=Share:%20Garsonier%C4%83%20modern%C4%83%20de%20v%C3%A2nzare%20%C3%AEn%20Cartierul%20M%C4%83r%C4%83%C8%99ti%20%26%238211%3B%2025%20mp%2C%20complet%20mobilat%C4%83%21&body=Cluj-Napoca%2C%20M%C4%83r%C4%83%C8%99ti%20-%20Garsonier%C4%83%20de%20v%C3%A2nzare%20%C3%AEn%20cartierul%20M%C4%83r%C4%83%C8%99ti%2C%20situat%C4%83%20la%20etajul%204%20din%204%2C%20cu%20o%20suprafa%C8%9B%C4%83%20util%C4%83%20de%2025%20mp.%20Compartimentat%C4%83%20%C3%AEn%201%20camer%C4%83%2C%20buc%C4%83t%C4%83rie%2C%20hol%20%C8%99i%20balcon.%20Beneficiaz%C4%83%20de%20%C3%AEnc%C4%83lzire%20central%C4%83%2C%20finisaje%20moderne%2C%20inclusiv%20vopsea%20lavabil%C4%83%2C%20gresie%20%C8%99i%20faianta%20%C3%AEn%20baie%20%C8%99i%20buc%C4%83t%C4%83rie%2C%20parchet%20laminat%20%C8%99i%20geamuri%20termopan.%20Imobilul%20se%20pred%C4%83%20complet%20mobilat%20%C8%99i%20utilat.%0D%0A%0D%0AShared%20from%20https:\/\/propertybook.ro\/blog\/garsoniera-moderna-de-vanzare-in-cartierul-marasti-25-mp-complet-mobilata\/%0D%0A\">\n    <span class=\"ngfb-icon\">\n      <svg xmlns=\"http:\/\/www.w3.org\/2000\/svg\" width=\"9\" height=\"9\" viewBox=\"0 0 28 28\">\n        <path d=\"M20.11 26.147c-2.335 1.05-4.36 1.4-7.124 1.4C6.524 27.548.84 22.916.84 15.284.84 7.343 6.602.45 15.4.45c6.854 0 11.8 4.7 11.8 11.252 0 5.684-3.193 9.265-7.398 9.3-1.83 0-3.153-.934-3.347-2.997h-.077c-1.208 1.986-2.96 2.997-5.023 2.997-2.532 0-4.36-1.868-4.36-5.062 0-4.75 3.503-9.07 9.11-9.07 1.713 0 3.7.4 4.6.972l-1.17 7.203c-.387 2.298-.115 3.3 1 3.4 1.674 0 3.774-2.102 3.774-6.58 0-5.06-3.27-8.994-9.304-8.994C9.05 2.87 3.83 7.545 3.83 14.97c0 6.5 4.2 10.2 10 10.202 1.987 0 4.09-.43 5.647-1.245l.634 2.22zM16.647 10.1c-.31-.078-.7-.155-1.207-.155-2.572 0-4.596 2.53-4.596 5.53 0 1.5.7 2.4 1.9 2.4 1.44 0 2.96-1.83 3.31-4.088l.592-3.72z\" \/>\n      <\/svg>\n    <\/span>\n    <span class=\"ngfb-text\"><\/span>\n  <\/a>\n<\/div><\/div><!-- .ngfb-buttons.en_US -->\n<\/div><!-- .ngfb-content-buttons -->\n<!-- ngfb content-buttons end -->\n\n<figure class=\"wp-block-image size-large\"><img decoding=\"async\" src=\"https:\/\/cdn.propertybook.ro\/napoca_imobiliare\/153331.webp\" alt=\"\" \/><\/figure>\n<ul>\n<li><a href=\"\/cluj-napoca\/\">Imobiliare Cluj-Napoca<\/a><\/li>\n<li><a href=\"\/cluj-napoca\/apartamente-vanzare\/\">Apartamente de vanzare Cluj-Napoca<\/a><\/li>\n<li><a href=\"\/cluj-napoca\/garsoniere-vanzare\/\">Garsoniere de vanzare Cluj-Napoca<\/a><\/li>\n<li><a href=\"\/cluj-napoca\/garsoniere-vanzare\/marasti\/\">Garsoniere de vanzare M\u0103r\u0103\u0219ti, Cluj-Napoca<\/a><\/li>\n<\/ul>\n<p><a href=\"\/cluj-napoca\/imobiliare-25-153331-se-vinde-apartament-o-camera-in-marasti\/\" class=\"pb-listing-action\">Detaliile proprietatii<\/a><\/p>\n<p><h2 class=\"wp-block-heading\">Garsonier\u0103 Modern\u0103 de V\u00e2nzare \u00een Cartierul M\u0103r\u0103\u0219ti<\/h2>\n<p>Dac\u0103 sunte\u021bi \u00een c\u0103utarea unei garsoniere confortabile \u0219i bine situate, cu siguran\u021b\u0103 ar trebui s\u0103 analiza\u021bi oferta din cartierul M\u0103r\u0103\u0219ti. Aceast\u0103 garsonier\u0103, situat\u0103 la etajul 4 al unui bloc, este un loc ideal pentru tineri, studen\u021bi sau chiar ca \u0219i investi\u021bie.<\/p>\n<p>#<\/p>\n<h2 class=\"wp-block-heading\">Detalii despre proprietate<\/h2>\n<p>Garsoniera are o suprafa\u021b\u0103 util\u0103 de 25 mp, fiind compartimentat\u0103 eficient pentru a maximiza spa\u021biul disponibil. Aceasta include:<\/p>\n<p>&#8211; O camer\u0103 spa\u021bioas\u0103, care poate fi utilizat\u0103 at\u00e2t ca zon\u0103 de zi, c\u00e2t \u0219i ca dormitor.<\/p>\n<p>&#8211; O buc\u0103t\u0103rie utilat\u0103, perfect\u0103 pentru g\u0103tit \u0219i servit mesele.<\/p>\n<p>&#8211; Un hol care asigur\u0103 accesul c\u0103tre celelalte zone ale garsonierei.<\/p>\n<p>&#8211; Un balcon, loc ideal pentru a savura o cafea \u00een aer liber sau pentru a te bucura de razele soarelui.<\/p>\n<p>#<\/p>\n<h2 class=\"wp-block-heading\">Finisaje \u0219i facilit\u0103\u021bi<\/h2>\n<p>Proprietatea este dotat\u0103 cu \u00eenc\u0103lzire central\u0103, ceea ce ofer\u0103 confort pe timpul iernilor friguroase. Finisajele sunt moderne \u0219i de calitate, incluz\u00e2nd:<\/p>\n<p>&#8211; Vopsea lavabil\u0103 \u00een nuan\u021be pl\u0103cute.<\/p>\n<p>&#8211; Gresie \u0219i faian\u021b\u0103 moderne \u00een buc\u0103t\u0103rie \u0219i baie.<\/p>\n<p>&#8211; Parchet laminat, care adaug\u0103 un plus de elegan\u021b\u0103 \u0219i c\u0103ldur\u0103 interiorului.<\/p>\n<p>&#8211; U\u0219\u0103 metalic\u0103 la intrare, pentru un plus de siguran\u021b\u0103.<\/p>\n<p>&#8211; U\u0219i interioare din lemn \u0219i geamuri termopan, asigur\u00e2nd astfel un mediu lini\u0219tit \u0219i eficient din punct de vedere energetic.<\/p>\n<p>Garsoniera se pred\u0103 complet mobilat\u0103 \u0219i utilat\u0103, ceea ce \u00eenseamn\u0103 c\u0103 pute\u021bi muta imediat f\u0103r\u0103 a avea nevoie s\u0103 face\u021bi investi\u021bii suplimentare \u00een mobilier sau electrocasnice.<\/p>\n<p>#<\/p>\n<h2 class=\"wp-block-heading\">Loca\u021bie<\/h2>\n<p>Cartierul M\u0103r\u0103\u0219ti este bine cunoscut pentru infrastructura sa excelent\u0103, av\u00e2nd acces la transport public, supermarketuri, cafenele \u0219i alte facilit\u0103\u021bi care faciliteaz\u0103 un stil de via\u021b\u0103 urban, dinamic. Aceasta garsonier\u0103 se afl\u0103 \u00eentr-o zon\u0103 lini\u0219tit\u0103, dar aproape de tot ceea ce ave\u021bi nevoie, cum ar fi magazinele, restaurantele \u0219i parcurile.<\/p>\n<p>#<\/p>\n<h2 class=\"wp-block-heading\">\u00cen concluzie<\/h2>\n<p>Aceast\u0103 garsonier\u0103 din M\u0103r\u0103\u0219ti reprezint\u0103 o oportunitate excelent\u0103 at\u00e2t pentru cei care doresc s\u0103 se mute \u00eentr-un nou c\u0103min, c\u00e2t \u0219i pentru investitori care caut\u0103 o proprietate de \u00eenchiriat. Cu finisaje moderne, o compartimentare eficient\u0103 \u0219i o loca\u021bie avantajoas\u0103, aceasta este o alegere care merit\u0103 luat\u0103 \u00een considerare.<\/p>\n<p>Dac\u0103 sunte\u021bi interesa\u021bi s\u0103 afla\u021bi mai multe despre aceast\u0103 proprietate sau dori\u021bi s\u0103 programa\u021bi o vizionare, nu ezita\u021bi s\u0103 v\u0103 informa\u021bi. Aceast\u0103 garsonier\u0103 ar putea fi locul pe care l-a\u021bi tot c\u0103utat!<\/p>\n<p><a href=\"\/cluj-napoca\/imobiliare-25-153331-se-vinde-apartament-o-camera-in-marasti\/\" class=\"pb-listing-action\">Stabileste o vizionare<\/a><\/p>\n<ul>\n<li><a href=\"\/cluj-napoca\/\">Imobiliare Cluj-Napoca<\/a><\/li>\n<li><a href=\"\/cluj-napoca\/apartamente-vanzare\/\">Apartamente de vanzare Cluj-Napoca<\/a><\/li>\n<li><a href=\"\/cluj-napoca\/garsoniere-vanzare\/\">Garsoniere de vanzare Cluj-Napoca<\/a><\/li>\n<li><a href=\"\/cluj-napoca\/garsoniere-vanzare\/marasti\/\">Garsoniere de vanzare M\u0103r\u0103\u0219ti, Cluj-Napoca<\/a><\/li>\n<\/ul>\n\n<!-- ngfb content-buttons begin -->\n<!-- generated on 2026-04-27T18:09:10+00:00 -->\n<div class=\"ngfb-content-buttons\">\n<div class=\"ngfb-buttons en_US\">\n<!-- Email Button --><div class=\"css-button email-button\">\n  <a href=\"mailto:?subject=Share:%20Garsonier%C4%83%20modern%C4%83%20de%20v%C3%A2nzare%20%C3%AEn%20Cartierul%20M%C4%83r%C4%83%C8%99ti%20%26%238211%3B%2025%20mp%2C%20complet%20mobilat%C4%83%21&body=Cluj-Napoca%2C%20M%C4%83r%C4%83%C8%99ti%20-%20Garsonier%C4%83%20de%20v%C3%A2nzare%20%C3%AEn%20cartierul%20M%C4%83r%C4%83%C8%99ti%2C%20situat%C4%83%20la%20etajul%204%20din%204%2C%20cu%20o%20suprafa%C8%9B%C4%83%20util%C4%83%20de%2025%20mp.%20Compartimentat%C4%83%20%C3%AEn%201%20camer%C4%83%2C%20buc%C4%83t%C4%83rie%2C%20hol%20%C8%99i%20balcon.%20Beneficiaz%C4%83%20de%20%C3%AEnc%C4%83lzire%20central%C4%83%2C%20finisaje%20moderne%2C%20inclusiv%20vopsea%20lavabil%C4%83%2C%20gresie%20%C8%99i%20faianta%20%C3%AEn%20baie%20%C8%99i%20buc%C4%83t%C4%83rie%2C%20parchet%20laminat%20%C8%99i%20geamuri%20termopan.%20Imobilul%20se%20pred%C4%83%20complet%20mobilat%20%C8%99i%20utilat.%0D%0A%0D%0AShared%20from%20https:\/\/propertybook.ro\/blog\/garsoniera-moderna-de-vanzare-in-cartierul-marasti-25-mp-complet-mobilata\/%0D%0A\">\n    <span class=\"ngfb-icon\">\n      <svg xmlns=\"http:\/\/www.w3.org\/2000\/svg\" width=\"9\" height=\"9\" viewBox=\"0 0 28 28\">\n        <path d=\"M20.11 26.147c-2.335 1.05-4.36 1.4-7.124 1.4C6.524 27.548.84 22.916.84 15.284.84 7.343 6.602.45 15.4.45c6.854 0 11.8 4.7 11.8 11.252 0 5.684-3.193 9.265-7.398 9.3-1.83 0-3.153-.934-3.347-2.997h-.077c-1.208 1.986-2.96 2.997-5.023 2.997-2.532 0-4.36-1.868-4.36-5.062 0-4.75 3.503-9.07 9.11-9.07 1.713 0 3.7.4 4.6.972l-1.17 7.203c-.387 2.298-.115 3.3 1 3.4 1.674 0 3.774-2.102 3.774-6.58 0-5.06-3.27-8.994-9.304-8.994C9.05 2.87 3.83 7.545 3.83 14.97c0 6.5 4.2 10.2 10 10.202 1.987 0 4.09-.43 5.647-1.245l.634 2.22zM16.647 10.1c-.31-.078-.7-.155-1.207-.155-2.572 0-4.596 2.53-4.596 5.53 0 1.5.7 2.4 1.9 2.4 1.44 0 2.96-1.83 3.31-4.088l.592-3.72z\" \/>\n      <\/svg>\n    <\/span>\n    <span class=\"ngfb-text\"><\/span>\n  <\/a>\n<\/div><\/div><!-- .ngfb-buttons.en_US -->\n<\/div><!-- .ngfb-content-buttons -->\n<!-- ngfb content-buttons end -->\n\n","protected":false},"excerpt":{"rendered":"<p>Cluj-Napoca, M\u0103r\u0103\u0219ti &#8211; Garsonier\u0103 de v\u00e2nzare \u00een cartierul M\u0103r\u0103\u0219ti, situat\u0103 la etajul 4 din 4, cu o suprafa\u021b\u0103 util\u0103 de 25 mp. Compartimentat\u0103 \u00een 1 camer\u0103, buc\u0103t\u0103rie, hol \u0219i balcon. Beneficiaz\u0103 de \u00eenc\u0103lzire central\u0103, finisaje moderne, inclusiv vopsea lavabil\u0103, gresie \u0219i faianta \u00een baie \u0219i buc\u0103t\u0103rie, parchet laminat \u0219i geamuri termopan. Imobilul se pred\u0103 complet mobilat \u0219i utilat.<\/p>\n","protected":false},"author":8,"featured_media":5504,"comment_status":"open","ping_status":"open","sticky":false,"template":"","format":"standard","meta":{"footnotes":""},"categories":[50,48,47],"tags":[102,74,65,91,79,92,376,70,85],"class_list":["post-5505","post","type-post","status-publish","format-standard","has-post-thumbnail","hentry","category-apartamente-de-vanzare-in-cluj-napoca","category-oferte-imobiliare-in-cluj-napoca","category-oferte","tag-1-camera","tag-balcon","tag-centrala-termica","tag-cluj-napoca","tag-etaj-4-4","tag-marasti","tag-o-baie","tag-parchet","tag-termopane"],"_links":{"self":[{"href":"https:\/\/propertybook.ro\/blog\/wp-json\/wp\/v2\/posts\/5505","targetHints":{"allow":["GET"]}}],"collection":[{"href":"https:\/\/propertybook.ro\/blog\/wp-json\/wp\/v2\/posts"}],"about":[{"href":"https:\/\/propertybook.ro\/blog\/wp-json\/wp\/v2\/types\/post"}],"author":[{"embeddable":true,"href":"https:\/\/propertybook.ro\/blog\/wp-json\/wp\/v2\/users\/8"}],"replies":[{"embeddable":true,"href":"https:\/\/propertybook.ro\/blog\/wp-json\/wp\/v2\/comments?post=5505"}],"version-history":[{"count":0,"href":"https:\/\/propertybook.ro\/blog\/wp-json\/wp\/v2\/posts\/5505\/revisions"}],"wp:featuredmedia":[{"embeddable":true,"href":"https:\/\/propertybook.ro\/blog\/wp-json\/wp\/v2\/media\/5504"}],"wp:attachment":[{"href":"https:\/\/propertybook.ro\/blog\/wp-json\/wp\/v2\/media?parent=5505"}],"wp:term":[{"taxonomy":"category","embeddable":true,"href":"https:\/\/propertybook.ro\/blog\/wp-json\/wp\/v2\/categories?post=5505"},{"taxonomy":"post_tag","embeddable":true,"href":"https:\/\/propertybook.ro\/blog\/wp-json\/wp\/v2\/tags?post=5505"}],"curies":[{"name":"wp","href":"https:\/\/api.w.org\/{rel}","templated":true}]}}