{"id":5543,"date":"2025-06-10T19:44:24","date_gmt":"2025-06-10T16:44:24","guid":{"rendered":"https:\/\/propertybook.ro\/blog\/apartament-modern-cu-2-camere-si-terasa-in-zona-edgar-quinet\/"},"modified":"2025-06-10T19:44:24","modified_gmt":"2025-06-10T16:44:24","slug":"apartament-modern-cu-2-camere-si-terasa-in-zona-edgar-quinet","status":"publish","type":"post","link":"https:\/\/propertybook.ro\/blog\/apartament-modern-cu-2-camere-si-terasa-in-zona-edgar-quinet\/","title":{"rendered":"Apartament Modern cu 2 Camere \u0219i Teras\u0103 \u00een Zona Edgar Quinet"},"content":{"rendered":"\n<!-- ngfb content-buttons begin -->\n<!-- generated on 2026-04-25T20:07:24+00:00 -->\n<div class=\"ngfb-content-buttons\">\n<div class=\"ngfb-buttons en_US\">\n<!-- Email Button --><div class=\"css-button email-button\">\n  <a href=\"mailto:?subject=Share:%20Apartament%20Modern%20cu%202%20Camere%20%C8%99i%20Teras%C4%83%20%C3%AEn%20Zona%20Edgar%20Quinet&body=Cluj-Napoca%2C%20M%C4%83n%C4%83%C8%99tur%20-%20Apartament%20cu%20dou%C4%83%20camere%2C%20situat%20la%20parterul%20unui%20bloc%20din%202012%2C%20%C3%AEn%20zona%20Edgar%20Quinet.%20Suprafa%C8%9Ba%20util%C4%83%20este%20de%2038%20mp%2C%20iar%20terasa%20are%2013%20mp.%20Compartimentarea%20include%20un%20living%20generos%2C%20buc%C4%83t%C4%83rie%20cu%20loc%20de%20mas%C4%83%2C%20dormitor%20%C8%99i%20baie.%20Finisajele%20includ%20geamuri%20termoizolante%2C%20u%C8%99i%20din%20lemn%20%C8%99i%20gresie.%20Apartamentul%20se%20vinde%20complet%20mobilat%20%C8%99i%20utilat%2C%20fiind%20liber%20de%20sarcini.%20Modalit%C4%83%C8%9Bile%20de%20plat%C4%83%20sunt%20flexibile.%0D%0A%0D%0AShared%20from%20https:\/\/propertybook.ro\/blog\/apartament-modern-cu-2-camere-si-terasa-in-zona-edgar-quinet\/%0D%0A\">\n    <span class=\"ngfb-icon\">\n      <svg xmlns=\"http:\/\/www.w3.org\/2000\/svg\" width=\"9\" height=\"9\" viewBox=\"0 0 28 28\">\n        <path d=\"M20.11 26.147c-2.335 1.05-4.36 1.4-7.124 1.4C6.524 27.548.84 22.916.84 15.284.84 7.343 6.602.45 15.4.45c6.854 0 11.8 4.7 11.8 11.252 0 5.684-3.193 9.265-7.398 9.3-1.83 0-3.153-.934-3.347-2.997h-.077c-1.208 1.986-2.96 2.997-5.023 2.997-2.532 0-4.36-1.868-4.36-5.062 0-4.75 3.503-9.07 9.11-9.07 1.713 0 3.7.4 4.6.972l-1.17 7.203c-.387 2.298-.115 3.3 1 3.4 1.674 0 3.774-2.102 3.774-6.58 0-5.06-3.27-8.994-9.304-8.994C9.05 2.87 3.83 7.545 3.83 14.97c0 6.5 4.2 10.2 10 10.202 1.987 0 4.09-.43 5.647-1.245l.634 2.22zM16.647 10.1c-.31-.078-.7-.155-1.207-.155-2.572 0-4.596 2.53-4.596 5.53 0 1.5.7 2.4 1.9 2.4 1.44 0 2.96-1.83 3.31-4.088l.592-3.72z\" \/>\n      <\/svg>\n    <\/span>\n    <span class=\"ngfb-text\"><\/span>\n  <\/a>\n<\/div><\/div><!-- .ngfb-buttons.en_US -->\n<\/div><!-- .ngfb-content-buttons -->\n<!-- ngfb content-buttons end -->\n\n\n<!-- ngfb schema image for pinterest pin it button -->\n<div class=\"ngfb-schema-image-for-pinterest\" style=\"display:none;\">\n<img loading=\"lazy\" decoding=\"async\" src=\"https:\/\/propertybook.ro\/blog\/wp-content\/uploads\/2025\/06\/120677.webp\" width=\"0\" height=\"0\" style=\"width:0;height:0;\" data-pin-description=\"Cluj-Napoca, M\u0103n\u0103\u0219tur - Apartament cu dou\u0103 camere, situat la parterul unui bloc din 2012, &icirc;n zona Edgar Quinet. Suprafa\u021ba util\u0103 este de 38 mp, iar terasa are 13 mp. Compartimentarea include un living generos, buc\u0103t\u0103rie cu loc de mas\u0103, dormitor \u0219i baie. Finisajele includ geamuri termoizolante...\" alt=\"\"\/>\n<\/div><!-- .ngfb-schema-image-for-pinterest -->\n\n<figure class=\"wp-block-image size-large\"><img decoding=\"async\" src=\"https:\/\/cdn.propertybook.ro\/napoca_imobiliare\/120677.webp\" alt=\"\" \/><\/figure>\n<ul>\n<li><a href=\"\/cluj-napoca\/\">Imobiliare Cluj-Napoca<\/a><\/li>\n<li><a href=\"\/cluj-napoca\/apartamente-vanzare\/\">Apartamente de vanzare Cluj-Napoca<\/a><\/li>\n<li><a href=\"\/cluj-napoca\/apartamente-vanzare\/2-camere\/\">Apartamente cu 2 camere de vanzare Cluj-Napoca<\/a><\/li>\n<li><a href=\"\/cluj-napoca\/apartamente-vanzare\/manastur\/2-camere\/\">Apartamente cu 2 camere de vanzare M\u0103n\u0103\u0219tur, Cluj-Napoca<\/a><\/li>\n<\/ul>\n<p><a href=\"\/cluj-napoca\/imobiliare-25-120677-vanzare-apartament-2-camere-in-manastur\/\" class=\"pb-listing-action\">Detaliile proprietatii<\/a><\/p>\n<p><h2 class=\"wp-block-heading\">Descoper\u0103 Apartamentul Ideal cu Dou\u0103 Camere \u00een Zona Edgar Quinet<\/h2>\n<p>Dac\u0103 e\u0219ti \u00een c\u0103utarea unui apartament confortabil \u0219i modern, situat \u00eentr-o zon\u0103 vibrant\u0103, nu c\u0103uta mai departe! Propunem un apartament cu dou\u0103 camere, ideal pentru tineri sau pentru o familie mic\u0103, amplasat la parterul unui bloc nou construit \u00een 2012 din zona Edgar Quinet.<\/p>\n<p><h2 class=\"wp-block-heading\">Despre Proprietate<\/h2>\n<p>Acest apartament se bucur\u0103 de o compartimentare inteligent\u0103, av\u00e2nd o suprafa\u021b\u0103 util\u0103 de 38 mp, plus o teras\u0103 generoas\u0103 de 13 mp, perfect\u0103 pentru momentele de relaxare. \u00ce\u021bi va place s\u0103 te bucuri de dimine\u021bile \u00eensorite pe terasa ce are acces at\u00e2t din living, c\u00e2t \u0219i din dormitor.<\/p>\n<p>&#8211; **Living Spa\u021bios:** Camera de zi este luminos\u0103 \u0219i primitoare, ideal\u0103 pentru a petrece timpul cu familia sau cu prietenii.<\/p>\n<p>&#8211; **Buc\u0103t\u0103rie Func\u021bional\u0103:** Buc\u0103t\u0103ria este dotat\u0103 cu un spa\u021biu de luat masa, oferind un loc perfect pentru a savura mesele \u00een familie.<\/p>\n<p>&#8211; **Dormitor Confortabil:** Dormitorul este un loc lini\u0219tit, unde te po\u021bi refugia dup\u0103 o zi lung\u0103.<\/p>\n<p>&#8211; **Baie Modern\u0103:** Baia este bine \u00eentre\u021binut\u0103 \u0219i dotat\u0103 cu tot ce ai nevoie pentru un confort sporit.<\/p>\n<p><h2 class=\"wp-block-heading\">Finisaje de Calitate<\/h2>\n<p>Apartamentul este finisat cu aten\u021bie la detalii, av\u00e2nd geamuri termoizolante din PVC care asigur\u0103 o bun\u0103 izolare termic\u0103. U\u0219a de la intrare este din metal, iar u\u0219ile interioare din lemn contribuie la atmosfera cald\u0103 \u0219i primitoare a locuin\u021bei. Finisajele includ gresie \u0219i faian\u021b\u0103 de calitate, iar pere\u021bii sunt acoperi\u021bi cu vopsea lavabil\u0103, oferindu-\u021bi libertatea de a personaliza spa\u021biul dup\u0103 bunul t\u0103u plac.<\/p>\n<p><h2 class=\"wp-block-heading\">Amenaj\u0103ri \u0219i Avantaje<\/h2>\n<p>Apartamentul se vinde complet mobilat \u0219i utilat, a\u0219a c\u0103 tot ce trebuie s\u0103 faci este s\u0103 te mu\u021bi \u0219i s\u0103 te bucuri de noul t\u0103u c\u0103min. De asemenea, imobilul dispune de interfon pentru un plus de siguran\u021b\u0103. Loca\u021bia sa \u00een zona Edgar Quinet \u00ee\u021bi va oferi acces rapid la toate facilit\u0103\u021bile necesare, inclusiv magazine, restaurante \u0219i mijloace de transport \u00een comun.<\/p>\n<p><h2 class=\"wp-block-heading\">Modalit\u0103\u021bi de Plat\u0103 Flexibile<\/h2>\n<p>\u00cen plus, exist\u0103 op\u021biuni variate de plat\u0103 disponibile, pentru a face procesul de achizi\u021bie c\u00e2t mai simplu \u0219i accesibil.<\/p>\n<p>Dac\u0103 e\u0219ti interesat de acest apartament, nu ezita s\u0103 \u00ee\u021bi programezi o vizionare. Aceasta este oportunitatea perfect\u0103 de a deveni proprietarul unei locuin\u021be confortabile \u00een una dintre cele mai atractive zone! Descoper\u0103-\u021bi noua re\u0219edin\u021b\u0103 \u0219i las\u0103-te inspirat de poten\u021bialul acestui apartament minunat!<\/p>\n<p><a href=\"\/cluj-napoca\/imobiliare-25-120677-vanzare-apartament-2-camere-in-manastur\/\" class=\"pb-listing-action\">Stabileste o vizionare<\/a><\/p>\n<ul>\n<li><a href=\"\/cluj-napoca\/\">Imobiliare Cluj-Napoca<\/a><\/li>\n<li><a href=\"\/cluj-napoca\/apartamente-vanzare\/\">Apartamente de vanzare Cluj-Napoca<\/a><\/li>\n<li><a href=\"\/cluj-napoca\/apartamente-vanzare\/2-camere\/\">Apartamente cu 2 camere de vanzare Cluj-Napoca<\/a><\/li>\n<li><a href=\"\/cluj-napoca\/apartamente-vanzare\/manastur\/2-camere\/\">Apartamente cu 2 camere de vanzare M\u0103n\u0103\u0219tur, Cluj-Napoca<\/a><\/li>\n<\/ul>\n\n<!-- ngfb content-buttons begin -->\n<!-- generated on 2026-04-25T20:07:24+00:00 -->\n<div class=\"ngfb-content-buttons\">\n<div class=\"ngfb-buttons en_US\">\n<!-- Email Button --><div class=\"css-button email-button\">\n  <a href=\"mailto:?subject=Share:%20Apartament%20Modern%20cu%202%20Camere%20%C8%99i%20Teras%C4%83%20%C3%AEn%20Zona%20Edgar%20Quinet&body=Cluj-Napoca%2C%20M%C4%83n%C4%83%C8%99tur%20-%20Apartament%20cu%20dou%C4%83%20camere%2C%20situat%20la%20parterul%20unui%20bloc%20din%202012%2C%20%C3%AEn%20zona%20Edgar%20Quinet.%20Suprafa%C8%9Ba%20util%C4%83%20este%20de%2038%20mp%2C%20iar%20terasa%20are%2013%20mp.%20Compartimentarea%20include%20un%20living%20generos%2C%20buc%C4%83t%C4%83rie%20cu%20loc%20de%20mas%C4%83%2C%20dormitor%20%C8%99i%20baie.%20Finisajele%20includ%20geamuri%20termoizolante%2C%20u%C8%99i%20din%20lemn%20%C8%99i%20gresie.%20Apartamentul%20se%20vinde%20complet%20mobilat%20%C8%99i%20utilat%2C%20fiind%20liber%20de%20sarcini.%20Modalit%C4%83%C8%9Bile%20de%20plat%C4%83%20sunt%20flexibile.%0D%0A%0D%0AShared%20from%20https:\/\/propertybook.ro\/blog\/apartament-modern-cu-2-camere-si-terasa-in-zona-edgar-quinet\/%0D%0A\">\n    <span class=\"ngfb-icon\">\n      <svg xmlns=\"http:\/\/www.w3.org\/2000\/svg\" width=\"9\" height=\"9\" viewBox=\"0 0 28 28\">\n        <path d=\"M20.11 26.147c-2.335 1.05-4.36 1.4-7.124 1.4C6.524 27.548.84 22.916.84 15.284.84 7.343 6.602.45 15.4.45c6.854 0 11.8 4.7 11.8 11.252 0 5.684-3.193 9.265-7.398 9.3-1.83 0-3.153-.934-3.347-2.997h-.077c-1.208 1.986-2.96 2.997-5.023 2.997-2.532 0-4.36-1.868-4.36-5.062 0-4.75 3.503-9.07 9.11-9.07 1.713 0 3.7.4 4.6.972l-1.17 7.203c-.387 2.298-.115 3.3 1 3.4 1.674 0 3.774-2.102 3.774-6.58 0-5.06-3.27-8.994-9.304-8.994C9.05 2.87 3.83 7.545 3.83 14.97c0 6.5 4.2 10.2 10 10.202 1.987 0 4.09-.43 5.647-1.245l.634 2.22zM16.647 10.1c-.31-.078-.7-.155-1.207-.155-2.572 0-4.596 2.53-4.596 5.53 0 1.5.7 2.4 1.9 2.4 1.44 0 2.96-1.83 3.31-4.088l.592-3.72z\" \/>\n      <\/svg>\n    <\/span>\n    <span class=\"ngfb-text\"><\/span>\n  <\/a>\n<\/div><\/div><!-- .ngfb-buttons.en_US -->\n<\/div><!-- .ngfb-content-buttons -->\n<!-- ngfb content-buttons end -->\n\n","protected":false},"excerpt":{"rendered":"<p>Cluj-Napoca, M\u0103n\u0103\u0219tur &#8211; Apartament cu dou\u0103 camere, situat la parterul unui bloc din 2012, \u00een zona Edgar Quinet. Suprafa\u021ba util\u0103 este de 38 mp, iar terasa are 13 mp. Compartimentarea include un living generos, buc\u0103t\u0103rie cu loc de mas\u0103, dormitor \u0219i baie. Finisajele includ geamuri termoizolante, u\u0219i din lemn \u0219i gresie. Apartamentul se vinde complet mobilat \u0219i utilat, fiind liber de sarcini. Modalit\u0103\u021bile de plat\u0103 sunt flexibile.<\/p>\n","protected":false},"author":8,"featured_media":5542,"comment_status":"open","ping_status":"open","sticky":false,"template":"","format":"standard","meta":{"footnotes":""},"categories":[50,48,47],"tags":[62,91,123,376,63],"class_list":["post-5543","post","type-post","status-publish","format-standard","has-post-thumbnail","hentry","category-apartamente-de-vanzare-in-cluj-napoca","category-oferte-imobiliare-in-cluj-napoca","category-oferte","tag-2-camere","tag-cluj-napoca","tag-manastur","tag-o-baie","tag-semidecomandat"],"_links":{"self":[{"href":"https:\/\/propertybook.ro\/blog\/wp-json\/wp\/v2\/posts\/5543","targetHints":{"allow":["GET"]}}],"collection":[{"href":"https:\/\/propertybook.ro\/blog\/wp-json\/wp\/v2\/posts"}],"about":[{"href":"https:\/\/propertybook.ro\/blog\/wp-json\/wp\/v2\/types\/post"}],"author":[{"embeddable":true,"href":"https:\/\/propertybook.ro\/blog\/wp-json\/wp\/v2\/users\/8"}],"replies":[{"embeddable":true,"href":"https:\/\/propertybook.ro\/blog\/wp-json\/wp\/v2\/comments?post=5543"}],"version-history":[{"count":0,"href":"https:\/\/propertybook.ro\/blog\/wp-json\/wp\/v2\/posts\/5543\/revisions"}],"wp:featuredmedia":[{"embeddable":true,"href":"https:\/\/propertybook.ro\/blog\/wp-json\/wp\/v2\/media\/5542"}],"wp:attachment":[{"href":"https:\/\/propertybook.ro\/blog\/wp-json\/wp\/v2\/media?parent=5543"}],"wp:term":[{"taxonomy":"category","embeddable":true,"href":"https:\/\/propertybook.ro\/blog\/wp-json\/wp\/v2\/categories?post=5543"},{"taxonomy":"post_tag","embeddable":true,"href":"https:\/\/propertybook.ro\/blog\/wp-json\/wp\/v2\/tags?post=5543"}],"curies":[{"name":"wp","href":"https:\/\/api.w.org\/{rel}","templated":true}]}}