{"id":5993,"date":"2025-07-23T19:44:16","date_gmt":"2025-07-23T16:44:16","guid":{"rendered":"https:\/\/propertybook.ro\/blog\/apartament-cu-3-camere-de-vanzare-locatie-ultracentrala-ideal-pentru-locuit-sau-investitie\/"},"modified":"2025-07-23T19:44:16","modified_gmt":"2025-07-23T16:44:16","slug":"apartament-cu-3-camere-de-vanzare-locatie-ultracentrala-ideal-pentru-locuit-sau-investitie","status":"publish","type":"post","link":"https:\/\/propertybook.ro\/blog\/apartament-cu-3-camere-de-vanzare-locatie-ultracentrala-ideal-pentru-locuit-sau-investitie\/","title":{"rendered":"Apartament cu 3 camere de v\u00e2nzare &#8211; Loca\u021bie Ultracentral\u0103, Ideal pentru Locuit sau Investi\u021bie!"},"content":{"rendered":"\n<!-- ngfb content-buttons begin -->\n<!-- generated on 2026-04-28T11:05:04+00:00 -->\n<div class=\"ngfb-content-buttons\">\n<div class=\"ngfb-buttons en_US\">\n<!-- Email Button --><div class=\"css-button email-button\">\n  <a href=\"mailto:?subject=Share:%20Apartament%20cu%203%20camere%20de%20v%C3%A2nzare%20%26%238211%3B%20Loca%C8%9Bie%20Ultracentral%C4%83%2C%20Ideal%20pentru%20Locuit%20sau%20Investi%C8%9Bie%21&body=Cluj-Napoca%2C%20Centru%20-%20Apartament%20cu%203%20camere%20de%20v%C3%A2nzare%2C%20situat%20ultracentral%2C%20aproape%20de%20Pia%C8%9Ba%20Unirii.%20Dispune%20de%20un%20living%20spa%C8%9Bios%2C%202%20dormitoare%2C%20buc%C4%83t%C4%83rie%20separat%C4%83%2C%20baie%20cu%20geam%20%C8%99i%20balcon.%20Beneficiaz%C4%83%20de%20central%C4%83%20termic%C4%83%20proprie%2C%20instala%C8%9Bie%20electric%C4%83%20recent%20schimbat%C4%83%20%C8%99i%20loc%20de%20parcare.%20La%20subsol%2C%20exist%C4%83%20o%20pivni%C8%9B%C4%83%20pentru%20depozitare%2C%20iar%20posibilitatea%20de%20mansardare%20ofer%C4%83%20oportunit%C4%83%C8%9Bi%20suplimentare%20de%20extindere.%20Ideal%20pentru%20locuit%20sau%20%C3%AEnchiriere%20datorit%C4%83%20loca%C8%9Biei%20excelente.%0D%0A%0D%0AShared%20from%20https:\/\/propertybook.ro\/blog\/apartament-cu-3-camere-de-vanzare-locatie-ultracentrala-ideal-pentru-locuit-sau-investitie\/%0D%0A\">\n    <span class=\"ngfb-icon\">\n      <svg xmlns=\"http:\/\/www.w3.org\/2000\/svg\" width=\"9\" height=\"9\" viewBox=\"0 0 28 28\">\n        <path d=\"M20.11 26.147c-2.335 1.05-4.36 1.4-7.124 1.4C6.524 27.548.84 22.916.84 15.284.84 7.343 6.602.45 15.4.45c6.854 0 11.8 4.7 11.8 11.252 0 5.684-3.193 9.265-7.398 9.3-1.83 0-3.153-.934-3.347-2.997h-.077c-1.208 1.986-2.96 2.997-5.023 2.997-2.532 0-4.36-1.868-4.36-5.062 0-4.75 3.503-9.07 9.11-9.07 1.713 0 3.7.4 4.6.972l-1.17 7.203c-.387 2.298-.115 3.3 1 3.4 1.674 0 3.774-2.102 3.774-6.58 0-5.06-3.27-8.994-9.304-8.994C9.05 2.87 3.83 7.545 3.83 14.97c0 6.5 4.2 10.2 10 10.202 1.987 0 4.09-.43 5.647-1.245l.634 2.22zM16.647 10.1c-.31-.078-.7-.155-1.207-.155-2.572 0-4.596 2.53-4.596 5.53 0 1.5.7 2.4 1.9 2.4 1.44 0 2.96-1.83 3.31-4.088l.592-3.72z\" \/>\n      <\/svg>\n    <\/span>\n    <span class=\"ngfb-text\"><\/span>\n  <\/a>\n<\/div><\/div><!-- .ngfb-buttons.en_US -->\n<\/div><!-- .ngfb-content-buttons -->\n<!-- ngfb content-buttons end -->\n\n\n<!-- ngfb schema image for pinterest pin it button -->\n<div class=\"ngfb-schema-image-for-pinterest\" style=\"display:none;\">\n<img loading=\"lazy\" decoding=\"async\" src=\"https:\/\/propertybook.ro\/blog\/wp-content\/uploads\/2025\/07\/154650.webp\" width=\"0\" height=\"0\" style=\"width:0;height:0;\" data-pin-description=\"Cluj-Napoca, Centru - Apartament cu 3 camere de v&acirc;nzare, situat ultracentral, aproape de Pia\u021ba Unirii. Dispune de un living spa\u021bios, 2 dormitoare, buc\u0103t\u0103rie separat\u0103, baie cu geam \u0219i balcon. Beneficiaz\u0103 de central\u0103 termic\u0103 proprie, instala\u021bie electric\u0103 recent schimbat\u0103 \u0219i loc de parcare. La...\" alt=\"\"\/>\n<\/div><!-- .ngfb-schema-image-for-pinterest -->\n\n<figure class=\"wp-block-image size-large\"><img decoding=\"async\" src=\"https:\/\/cdn.propertybook.ro\/napoca_imobiliare\/154650.webp\" alt=\"\" \/><\/figure>\n<ul>\n<li><a href=\"\/cluj-napoca\/\">Imobiliare Cluj-Napoca<\/a><\/li>\n<li><a href=\"\/cluj-napoca\/apartamente-vanzare\/\">Apartamente de vanzare Cluj-Napoca<\/a><\/li>\n<li><a href=\"\/cluj-napoca\/apartamente-vanzare\/3-camere\/\">Apartamente cu 3 camere de vanzare Cluj-Napoca<\/a><\/li>\n<li><a href=\"\/cluj-napoca\/apartamente-vanzare\/centru\/3-camere\/\">Apartamente cu 3 camere de vanzare Centru, Cluj-Napoca<\/a><\/li>\n<\/ul>\n<p><a href=\"\/cluj-napoca\/imobiliare-25-154650-de-vanzare-apartament-3-camere-in-centru\/\" class=\"pb-listing-action\">Detaliile proprietatii<\/a><\/p>\n<p><h2 class=\"wp-block-heading\">Descoper\u0103 Apartamentul Ideal \u00een Inima Ora\u0219ului!<\/h2>\n<p>\u00ce\u021bi dore\u0219ti un nou c\u0103min \u00een mijlocul agita\u021biei urbane, aproape de toate facilit\u0103\u021bile pe care le poate oferi ora\u0219ul? Te invit\u0103m s\u0103 descoperi un apartament cu 3 camere, situat ultracentral, care ar putea fi locuin\u021ba perfect\u0103 pentru tine!<\/p>\n<p>#<\/p>\n<h2 class=\"wp-block-heading\">Un Spa\u021biu Generos \u0219i Bine Compartimentat<\/h2>\n<p>Acest apartament se distinge printr-o compartimentare semidecomandat\u0103, oferind un flux func\u021bional \u0219i o atmosfer\u0103 primitoare:<\/p>\n<p>&#8211; **Dou\u0103 dormitoare** confortabile, ideale pentru relaxare sau ca spa\u021bii de munc\u0103.<\/p>\n<p>&#8211; **Un living spa\u021bios** care devine inima apartamentului, perfect pentru petrecerea timpului cu familia \u0219i prietenii.<\/p>\n<p>&#8211; **Buc\u0103t\u0103rie separat\u0103**, un loc unde g\u0103titul devine o adev\u0103rat\u0103 pl\u0103cere.<\/p>\n<p>&#8211; **Baie cu geam**, contribuind la o ventila\u021bie optim\u0103 \u0219i la o atmosfer\u0103 pl\u0103cut\u0103.<\/p>\n<p>&#8211; **Balcon**, un col\u021b unde te po\u021bi bucura de aerul proasp\u0103t \u0219i de priveli\u0219tea urban\u0103.<\/p>\n<p>#<\/p>\n<h2 class=\"wp-block-heading\">Modernizare \u0219i Confort<\/h2>\n<p>Apartamentul beneficiaz\u0103 de central\u0103 termic\u0103 proprie, ceea ce asigur\u0103 at\u00e2t confortul termic pe tot parcursul anului, c\u00e2t \u0219i costuri mai mici la facturi. De asemenea, instala\u021bia electric\u0103 a fost recent schimbat\u0103, garant\u00e2nd un mediu sigur \u0219i modern.<\/p>\n<p>Un alt avantaj semnificativ este locul de parcare \u00een curte, un element indispensabil \u00een zonele aglomerate ale ora\u0219ului. \u00cen plus, pentru cei care au nevoie de spa\u021biu suplimentar, apartamentul vine cu o pivni\u021b\u0103 la subsol, ideal\u0103 pentru depozitare.<\/p>\n<p>#<\/p>\n<h2 class=\"wp-block-heading\">Poten\u021bial de Extindere<\/h2>\n<p>Un aspect foarte atractiv este posibilitatea de a mansarda apartamentul, oferind oportunit\u0103\u021bi excelente de extindere sau dezvoltare a unei investi\u021bii. Aceasta permite personalizarea spa\u021biului conform preferin\u021belor tale, transform\u00e2ndu-l \u00eentr-un adev\u0103rat refugiu urban.<\/p>\n<p>#<\/p>\n<h2 class=\"wp-block-heading\">Loca\u021bie Ideal\u0103<\/h2>\n<p>Situat la doar c\u00e2\u021biva pa\u0219i de Pia\u021ba Unirii, apartamentul se afl\u0103 \u00een apropierea tuturor atrac\u021biilor urbane: parcuri, magazine, restaurante \u0219i sta\u021bii ale mijloacelor de transport. Aceast\u0103 loca\u021bie central\u0103 faciliteaz\u0103 accesul rapid la toate facilit\u0103\u021bile ora\u0219ului, f\u0103c\u00e2nd via\u021ba de zi cu zi mult mai pl\u0103cut\u0103.<\/p>\n<p>#<\/p>\n<h2 class=\"wp-block-heading\">Ideal pentru Locuit sau Investi\u021bie<\/h2>\n<p>Fie c\u0103 e\u0219ti \u00een c\u0103utarea unei noi locuin\u021be sau a unei oportunit\u0103\u021bi de investi\u021bie, acest apartament reprezint\u0103 o alegere excelent\u0103. Datorit\u0103 pozi\u021biei sale centrale \u0219i a dot\u0103rilor moderne, este ideal at\u00e2t pentru locuit, c\u00e2t \u0219i pentru \u00eenchiriere.<\/p>\n<p>Dac\u0103 te-ai hot\u0103r\u00e2t s\u0103 faci pasul urm\u0103tor spre noua ta locuin\u021b\u0103 sau pur \u0219i simplu dore\u0219ti s\u0103 afli mai multe informa\u021bii, nu ezita s\u0103 explorezi aceast\u0103 oportunitate! Acest apartament este locul unde confortul se \u00eent\u00e2lne\u0219te cu dinamismul vie\u021bii urbane.<\/p>\n<p><a href=\"\/cluj-napoca\/imobiliare-25-154650-de-vanzare-apartament-3-camere-in-centru\/\" class=\"pb-listing-action\">Stabileste o vizionare<\/a><\/p>\n<ul>\n<li><a href=\"\/cluj-napoca\/\">Imobiliare Cluj-Napoca<\/a><\/li>\n<li><a href=\"\/cluj-napoca\/apartamente-vanzare\/\">Apartamente de vanzare Cluj-Napoca<\/a><\/li>\n<li><a href=\"\/cluj-napoca\/apartamente-vanzare\/3-camere\/\">Apartamente cu 3 camere de vanzare Cluj-Napoca<\/a><\/li>\n<li><a href=\"\/cluj-napoca\/apartamente-vanzare\/centru\/3-camere\/\">Apartamente cu 3 camere de vanzare Centru, Cluj-Napoca<\/a><\/li>\n<\/ul>\n\n<!-- ngfb content-buttons begin -->\n<!-- generated on 2026-04-28T11:05:04+00:00 -->\n<div class=\"ngfb-content-buttons\">\n<div class=\"ngfb-buttons en_US\">\n<!-- Email Button --><div class=\"css-button email-button\">\n  <a href=\"mailto:?subject=Share:%20Apartament%20cu%203%20camere%20de%20v%C3%A2nzare%20%26%238211%3B%20Loca%C8%9Bie%20Ultracentral%C4%83%2C%20Ideal%20pentru%20Locuit%20sau%20Investi%C8%9Bie%21&body=Cluj-Napoca%2C%20Centru%20-%20Apartament%20cu%203%20camere%20de%20v%C3%A2nzare%2C%20situat%20ultracentral%2C%20aproape%20de%20Pia%C8%9Ba%20Unirii.%20Dispune%20de%20un%20living%20spa%C8%9Bios%2C%202%20dormitoare%2C%20buc%C4%83t%C4%83rie%20separat%C4%83%2C%20baie%20cu%20geam%20%C8%99i%20balcon.%20Beneficiaz%C4%83%20de%20central%C4%83%20termic%C4%83%20proprie%2C%20instala%C8%9Bie%20electric%C4%83%20recent%20schimbat%C4%83%20%C8%99i%20loc%20de%20parcare.%20La%20subsol%2C%20exist%C4%83%20o%20pivni%C8%9B%C4%83%20pentru%20depozitare%2C%20iar%20posibilitatea%20de%20mansardare%20ofer%C4%83%20oportunit%C4%83%C8%9Bi%20suplimentare%20de%20extindere.%20Ideal%20pentru%20locuit%20sau%20%C3%AEnchiriere%20datorit%C4%83%20loca%C8%9Biei%20excelente.%0D%0A%0D%0AShared%20from%20https:\/\/propertybook.ro\/blog\/apartament-cu-3-camere-de-vanzare-locatie-ultracentrala-ideal-pentru-locuit-sau-investitie\/%0D%0A\">\n    <span class=\"ngfb-icon\">\n      <svg xmlns=\"http:\/\/www.w3.org\/2000\/svg\" width=\"9\" height=\"9\" viewBox=\"0 0 28 28\">\n        <path d=\"M20.11 26.147c-2.335 1.05-4.36 1.4-7.124 1.4C6.524 27.548.84 22.916.84 15.284.84 7.343 6.602.45 15.4.45c6.854 0 11.8 4.7 11.8 11.252 0 5.684-3.193 9.265-7.398 9.3-1.83 0-3.153-.934-3.347-2.997h-.077c-1.208 1.986-2.96 2.997-5.023 2.997-2.532 0-4.36-1.868-4.36-5.062 0-4.75 3.503-9.07 9.11-9.07 1.713 0 3.7.4 4.6.972l-1.17 7.203c-.387 2.298-.115 3.3 1 3.4 1.674 0 3.774-2.102 3.774-6.58 0-5.06-3.27-8.994-9.304-8.994C9.05 2.87 3.83 7.545 3.83 14.97c0 6.5 4.2 10.2 10 10.202 1.987 0 4.09-.43 5.647-1.245l.634 2.22zM16.647 10.1c-.31-.078-.7-.155-1.207-.155-2.572 0-4.596 2.53-4.596 5.53 0 1.5.7 2.4 1.9 2.4 1.44 0 2.96-1.83 3.31-4.088l.592-3.72z\" \/>\n      <\/svg>\n    <\/span>\n    <span class=\"ngfb-text\"><\/span>\n  <\/a>\n<\/div><\/div><!-- .ngfb-buttons.en_US -->\n<\/div><!-- .ngfb-content-buttons -->\n<!-- ngfb content-buttons end -->\n\n","protected":false},"excerpt":{"rendered":"<p>Cluj-Napoca, Centru &#8211; Apartament cu 3 camere de v\u00e2nzare, situat ultracentral, aproape de Pia\u021ba Unirii. Dispune de un living spa\u021bios, 2 dormitoare, buc\u0103t\u0103rie separat\u0103, baie cu geam \u0219i balcon. Beneficiaz\u0103 de central\u0103 termic\u0103 proprie, instala\u021bie electric\u0103 recent schimbat\u0103 \u0219i loc de parcare. La subsol, exist\u0103 o pivni\u021b\u0103 pentru depozitare, iar posibilitatea de mansardare ofer\u0103 oportunit\u0103\u021bi suplimentare de extindere. Ideal pentru locuit sau \u00eenchiriere datorit\u0103 loca\u021biei excelente.<\/p>\n","protected":false},"author":8,"featured_media":5992,"comment_status":"open","ping_status":"open","sticky":false,"template":"","format":"standard","meta":{"footnotes":""},"categories":[50,48,47],"tags":[55,74,65,104,91,105,376,60,63],"class_list":["post-5993","post","type-post","status-publish","format-standard","has-post-thumbnail","hentry","category-apartamente-de-vanzare-in-cluj-napoca","category-oferte-imobiliare-in-cluj-napoca","category-oferte","tag-3-camere","tag-balcon","tag-centrala-termica","tag-centru","tag-cluj-napoca","tag-etaj-1-2","tag-o-baie","tag-parcare","tag-semidecomandat"],"_links":{"self":[{"href":"https:\/\/propertybook.ro\/blog\/wp-json\/wp\/v2\/posts\/5993","targetHints":{"allow":["GET"]}}],"collection":[{"href":"https:\/\/propertybook.ro\/blog\/wp-json\/wp\/v2\/posts"}],"about":[{"href":"https:\/\/propertybook.ro\/blog\/wp-json\/wp\/v2\/types\/post"}],"author":[{"embeddable":true,"href":"https:\/\/propertybook.ro\/blog\/wp-json\/wp\/v2\/users\/8"}],"replies":[{"embeddable":true,"href":"https:\/\/propertybook.ro\/blog\/wp-json\/wp\/v2\/comments?post=5993"}],"version-history":[{"count":0,"href":"https:\/\/propertybook.ro\/blog\/wp-json\/wp\/v2\/posts\/5993\/revisions"}],"wp:featuredmedia":[{"embeddable":true,"href":"https:\/\/propertybook.ro\/blog\/wp-json\/wp\/v2\/media\/5992"}],"wp:attachment":[{"href":"https:\/\/propertybook.ro\/blog\/wp-json\/wp\/v2\/media?parent=5993"}],"wp:term":[{"taxonomy":"category","embeddable":true,"href":"https:\/\/propertybook.ro\/blog\/wp-json\/wp\/v2\/categories?post=5993"},{"taxonomy":"post_tag","embeddable":true,"href":"https:\/\/propertybook.ro\/blog\/wp-json\/wp\/v2\/tags?post=5993"}],"curies":[{"name":"wp","href":"https:\/\/api.w.org\/{rel}","templated":true}]}}