{"id":6007,"date":"2025-07-25T11:43:57","date_gmt":"2025-07-25T08:43:57","guid":{"rendered":"https:\/\/propertybook.ro\/blog\/apartament-decomandat-cu-2-camere-de-vanzare-in-marasti-aproape-de-piata-marasti\/"},"modified":"2025-07-25T11:43:57","modified_gmt":"2025-07-25T08:43:57","slug":"apartament-decomandat-cu-2-camere-de-vanzare-in-marasti-aproape-de-piata-marasti","status":"publish","type":"post","link":"https:\/\/propertybook.ro\/blog\/apartament-decomandat-cu-2-camere-de-vanzare-in-marasti-aproape-de-piata-marasti\/","title":{"rendered":"Apartament decomandat cu 2 camere de v\u00e2nzare \u00een Marasti, aproape de Pia\u021ba Marasti!"},"content":{"rendered":"\n<!-- ngfb content-buttons begin -->\n<!-- generated on 2026-04-28T09:28:32+00:00 -->\n<div class=\"ngfb-content-buttons\">\n<div class=\"ngfb-buttons en_US\">\n<!-- Email Button --><div class=\"css-button email-button\">\n  <a href=\"mailto:?subject=Share:%20Apartament%20decomandat%20cu%202%20camere%20de%20v%C3%A2nzare%20%C3%AEn%20Marasti%2C%20aproape%20de%20Pia%C8%9Ba%20Marasti%21&body=Cluj-Napoca%2C%20M%C4%83r%C4%83%C8%99ti%20-%20Apartament%20decomandat%20cu%202%20camere%2C%20situat%20la%20etajul%209%20%C3%AEntr-un%20imobil%20reabilitat%2C%20%C3%AEn%20cartierul%20M%C4%83r%C4%83%C8%99ti%2C%20l%C3%A2ng%C4%83%20Pia%C8%9Ba%20M%C4%83r%C4%83%C8%99ti.%20Suprafa%C8%9Ba%20util%C4%83%20de%2051%2C3%20mp%20include%202%20balcoane%2C%20buc%C4%83t%C4%83rie%2C%20baie%20%C8%99i%20camar%C4%83.%20Finisajele%20moderne%20includ%20geamuri%20PVC%2C%20u%C8%99i%20din%20lemn%20%C8%99i%20pardoseal%C4%83%20laminat%C4%83.%20Confortul%20termic%20este%20asigurat%20de%20centrala%20proprie.%20%C3%8En%20apropiere%20se%20g%C4%83sesc%20farmacii%2C%20magazine%2C%20sta%C8%9Bie%20de%20autobuz%20%C8%99i%20facult%C4%83%C8%9Bi.%20Include%20spa%C8%9Biu%20de%20depozitare%20%C8%99i%20loc%20de%20parcare.%0D%0A%0D%0AShared%20from%20https:\/\/propertybook.ro\/blog\/apartament-decomandat-cu-2-camere-de-vanzare-in-marasti-aproape-de-piata-marasti\/%0D%0A\">\n    <span class=\"ngfb-icon\">\n      <svg xmlns=\"http:\/\/www.w3.org\/2000\/svg\" width=\"9\" height=\"9\" viewBox=\"0 0 28 28\">\n        <path d=\"M20.11 26.147c-2.335 1.05-4.36 1.4-7.124 1.4C6.524 27.548.84 22.916.84 15.284.84 7.343 6.602.45 15.4.45c6.854 0 11.8 4.7 11.8 11.252 0 5.684-3.193 9.265-7.398 9.3-1.83 0-3.153-.934-3.347-2.997h-.077c-1.208 1.986-2.96 2.997-5.023 2.997-2.532 0-4.36-1.868-4.36-5.062 0-4.75 3.503-9.07 9.11-9.07 1.713 0 3.7.4 4.6.972l-1.17 7.203c-.387 2.298-.115 3.3 1 3.4 1.674 0 3.774-2.102 3.774-6.58 0-5.06-3.27-8.994-9.304-8.994C9.05 2.87 3.83 7.545 3.83 14.97c0 6.5 4.2 10.2 10 10.202 1.987 0 4.09-.43 5.647-1.245l.634 2.22zM16.647 10.1c-.31-.078-.7-.155-1.207-.155-2.572 0-4.596 2.53-4.596 5.53 0 1.5.7 2.4 1.9 2.4 1.44 0 2.96-1.83 3.31-4.088l.592-3.72z\" \/>\n      <\/svg>\n    <\/span>\n    <span class=\"ngfb-text\"><\/span>\n  <\/a>\n<\/div><\/div><!-- .ngfb-buttons.en_US -->\n<\/div><!-- .ngfb-content-buttons -->\n<!-- ngfb content-buttons end -->\n\n\n<!-- ngfb schema image for pinterest pin it button -->\n<div class=\"ngfb-schema-image-for-pinterest\" style=\"display:none;\">\n<img loading=\"lazy\" decoding=\"async\" src=\"https:\/\/propertybook.ro\/blog\/wp-content\/uploads\/2025\/07\/154750.webp\" width=\"0\" height=\"0\" style=\"width:0;height:0;\" data-pin-description=\"Cluj-Napoca, M\u0103r\u0103\u0219ti - Apartament decomandat cu 2 camere, situat la etajul 9 &icirc;ntr-un imobil reabilitat, &icirc;n cartierul M\u0103r\u0103\u0219ti, l&acirc;ng\u0103 Pia\u021ba M\u0103r\u0103\u0219ti. Suprafa\u021ba util\u0103 de 51,3 mp include 2 balcoane, buc\u0103t\u0103rie, baie \u0219i camar\u0103. Finisajele moderne includ geamuri PVC, u\u0219i din lemn \u0219i pardoseal\u0103 laminat\u0103...\" alt=\"\"\/>\n<\/div><!-- .ngfb-schema-image-for-pinterest -->\n\n<figure class=\"wp-block-image size-large\"><img decoding=\"async\" src=\"https:\/\/cdn.propertybook.ro\/napoca_imobiliare\/154750.webp\" alt=\"\" \/><\/figure>\n<ul>\n<li><a href=\"\/cluj-napoca\/\">Imobiliare Cluj-Napoca<\/a><\/li>\n<li><a href=\"\/cluj-napoca\/apartamente-vanzare\/\">Apartamente de vanzare Cluj-Napoca<\/a><\/li>\n<li><a href=\"\/cluj-napoca\/apartamente-vanzare\/2-camere\/\">Apartamente cu 2 camere de vanzare Cluj-Napoca<\/a><\/li>\n<li><a href=\"\/cluj-napoca\/apartamente-vanzare\/marasti\/2-camere\/\">Apartamente cu 2 camere de vanzare M\u0103r\u0103\u0219ti, Cluj-Napoca<\/a><\/li>\n<\/ul>\n<p><a href=\"\/cluj-napoca\/imobiliare-25-154750-se-vinde-apartament-2-camere-in-marasti\/\" class=\"pb-listing-action\">Detaliile proprietatii<\/a><\/p>\n<p><h2 class=\"wp-block-heading\">Descoper\u0103 confortul \u0219i rafinamentul unui apartament cu 2 camere \u00een cartierul M\u0103r\u0103\u0219ti<\/h2>\n<p>Dac\u0103 e\u0219ti \u00een c\u0103utarea unei locuin\u021be care combin\u0103 confortul, accesibilitatea \u0219i frumuse\u021bea, atunci acest apartament cu 2 camere din cartierul M\u0103r\u0103\u0219ti ar putea fi op\u021biunea ideal\u0103 pentru tine. Situat la etajul 9 al unui imobil recent reabilitat, acesta ofer\u0103 o priveli\u0219te spectaculoas\u0103 \u0219i o atmosfer\u0103 pl\u0103cut\u0103.<\/p>\n<p><h2 class=\"wp-block-heading\">Detalii despre apartament<\/h2>\n<p>Apartamentul are o suprafa\u021b\u0103 util\u0103 de 51,3 mp, beneficiind de un design decomandat care maximizeaz\u0103 func\u021bionalitatea spa\u021biilor. \u00cenc\u0103 de la intrare, te \u00eent\u00e2mpin\u0103 un hol spa\u021bios, care face leg\u0103tura \u00eentre cele dou\u0103 camere \u0219i restul \u00eenc\u0103perilor. Cele dou\u0103 camere sunt luminoase \u0219i primitoare, fiind ideale at\u00e2t pentru un cuplu, c\u00e2t \u0219i pentru o familie mic\u0103. <\/p>\n<p>Buc\u0103t\u0103ria bine delimitat\u0103 creeaz\u0103 un mediu confortabil pentru prepararea meselor, iar baia dotat\u0103 cu gresie \u0219i faian\u021b\u0103 moderne \u00ee\u021bi va oferi un spa\u021biu relaxant. De asemenea, apartamentul dispune de o camer\u0103 construit\u0103 din spa\u021biul tehnic, care poate fi utilizat\u0103 ca depozit sau transformata \u00een birou.<\/p>\n<p><h2 class=\"wp-block-heading\">Finisaje de calitate<\/h2>\n<p>Calitatea finisajelor este un alt aspect care face acest apartament deosebit. Geamurile cu t\u00e2mpl\u0103rie PVC asigur\u0103 o izolare termic\u0103 \u0219i fonic\u0103 superioar\u0103, iar u\u0219ile interioare din lemn adaug\u0103 o not\u0103 de elegan\u021b\u0103. U\u0219a metalic\u0103 la intrare ofer\u0103 un plus de siguran\u021b\u0103, iar pardoseala din parchet laminat contribuie la crearea unui ambient cald \u0219i pl\u0103cut.<\/p>\n<p><h2 class=\"wp-block-heading\">Avantaje \u0219i facilit\u0103\u021bi<\/h2>\n<p>Un alt mare avantaj al acestui apartament este proximitatea fa\u021b\u0103 de diverse puncte de interes. \u00cen apropiere vei g\u0103si farmacii, magazine, sta\u021bii de autobuz \u0219i chiar facult\u0103\u021bi, ceea ce \u00eel face ideal pentru studen\u021bi sau tineri profesioni\u0219ti. Confortul termic este asigurat de centrala termic\u0103 proprie, oferind astfel eficien\u021b\u0103 energetic\u0103 \u0219i costuri reduse la \u00eentre\u021binere.<\/p>\n<p>Pentru cei care au nevoie de spa\u021bii de depozitare, apartamentul dispune de un spa\u021biu dedicat, iar pentru cei care au ma\u015fina, exist\u0103 posibilitatea de a ob\u021bine un loc de parcare de la prim\u0103rie.<\/p>\n<p><h2 class=\"wp-block-heading\">Concluzie<\/h2>\n<p>Acest apartament cu 2 camere din cartierul M\u0103r\u0103\u0219ti este o alegere excelent\u0103 pentru cei \u00een c\u0103utarea unei locuin\u021be moderne, bine amplasate \u0219i confortabile. Dac\u0103 \u00ee\u021bi dore\u0219ti un spa\u021biu care s\u0103 \u00eembine func\u021bionalitatea cu confortul, nu ezita s\u0103 iei \u00een considerare aceast\u0103 proprietate. Vizionarea este un pas important pentru a te convinge de toate avantajele pe care le ofer\u0103 acest apartament. <\/p>\n<p>Explorarea unui nou c\u0103min este o experien\u021b\u0103 pl\u0103cut\u0103, iar acest apartament te a\u0219teapt\u0103 s\u0103 \u00eel transformi \u00een locul t\u0103u ideal!<\/p>\n<p><a href=\"\/cluj-napoca\/imobiliare-25-154750-se-vinde-apartament-2-camere-in-marasti\/\" class=\"pb-listing-action\">Stabileste o vizionare<\/a><\/p>\n<ul>\n<li><a href=\"\/cluj-napoca\/\">Imobiliare Cluj-Napoca<\/a><\/li>\n<li><a href=\"\/cluj-napoca\/apartamente-vanzare\/\">Apartamente de vanzare Cluj-Napoca<\/a><\/li>\n<li><a href=\"\/cluj-napoca\/apartamente-vanzare\/2-camere\/\">Apartamente cu 2 camere de vanzare Cluj-Napoca<\/a><\/li>\n<li><a href=\"\/cluj-napoca\/apartamente-vanzare\/marasti\/2-camere\/\">Apartamente cu 2 camere de vanzare M\u0103r\u0103\u0219ti, Cluj-Napoca<\/a><\/li>\n<\/ul>\n\n<!-- ngfb content-buttons begin -->\n<!-- generated on 2026-04-28T09:28:32+00:00 -->\n<div class=\"ngfb-content-buttons\">\n<div class=\"ngfb-buttons en_US\">\n<!-- Email Button --><div class=\"css-button email-button\">\n  <a href=\"mailto:?subject=Share:%20Apartament%20decomandat%20cu%202%20camere%20de%20v%C3%A2nzare%20%C3%AEn%20Marasti%2C%20aproape%20de%20Pia%C8%9Ba%20Marasti%21&body=Cluj-Napoca%2C%20M%C4%83r%C4%83%C8%99ti%20-%20Apartament%20decomandat%20cu%202%20camere%2C%20situat%20la%20etajul%209%20%C3%AEntr-un%20imobil%20reabilitat%2C%20%C3%AEn%20cartierul%20M%C4%83r%C4%83%C8%99ti%2C%20l%C3%A2ng%C4%83%20Pia%C8%9Ba%20M%C4%83r%C4%83%C8%99ti.%20Suprafa%C8%9Ba%20util%C4%83%20de%2051%2C3%20mp%20include%202%20balcoane%2C%20buc%C4%83t%C4%83rie%2C%20baie%20%C8%99i%20camar%C4%83.%20Finisajele%20moderne%20includ%20geamuri%20PVC%2C%20u%C8%99i%20din%20lemn%20%C8%99i%20pardoseal%C4%83%20laminat%C4%83.%20Confortul%20termic%20este%20asigurat%20de%20centrala%20proprie.%20%C3%8En%20apropiere%20se%20g%C4%83sesc%20farmacii%2C%20magazine%2C%20sta%C8%9Bie%20de%20autobuz%20%C8%99i%20facult%C4%83%C8%9Bi.%20Include%20spa%C8%9Biu%20de%20depozitare%20%C8%99i%20loc%20de%20parcare.%0D%0A%0D%0AShared%20from%20https:\/\/propertybook.ro\/blog\/apartament-decomandat-cu-2-camere-de-vanzare-in-marasti-aproape-de-piata-marasti\/%0D%0A\">\n    <span class=\"ngfb-icon\">\n      <svg xmlns=\"http:\/\/www.w3.org\/2000\/svg\" width=\"9\" height=\"9\" viewBox=\"0 0 28 28\">\n        <path d=\"M20.11 26.147c-2.335 1.05-4.36 1.4-7.124 1.4C6.524 27.548.84 22.916.84 15.284.84 7.343 6.602.45 15.4.45c6.854 0 11.8 4.7 11.8 11.252 0 5.684-3.193 9.265-7.398 9.3-1.83 0-3.153-.934-3.347-2.997h-.077c-1.208 1.986-2.96 2.997-5.023 2.997-2.532 0-4.36-1.868-4.36-5.062 0-4.75 3.503-9.07 9.11-9.07 1.713 0 3.7.4 4.6.972l-1.17 7.203c-.387 2.298-.115 3.3 1 3.4 1.674 0 3.774-2.102 3.774-6.58 0-5.06-3.27-8.994-9.304-8.994C9.05 2.87 3.83 7.545 3.83 14.97c0 6.5 4.2 10.2 10 10.202 1.987 0 4.09-.43 5.647-1.245l.634 2.22zM16.647 10.1c-.31-.078-.7-.155-1.207-.155-2.572 0-4.596 2.53-4.596 5.53 0 1.5.7 2.4 1.9 2.4 1.44 0 2.96-1.83 3.31-4.088l.592-3.72z\" \/>\n      <\/svg>\n    <\/span>\n    <span class=\"ngfb-text\"><\/span>\n  <\/a>\n<\/div><\/div><!-- .ngfb-buttons.en_US -->\n<\/div><!-- .ngfb-content-buttons -->\n<!-- ngfb content-buttons end -->\n\n","protected":false},"excerpt":{"rendered":"<p>Cluj-Napoca, M\u0103r\u0103\u0219ti &#8211; Apartament decomandat cu 2 camere, situat la etajul 9 \u00eentr-un imobil reabilitat, \u00een cartierul M\u0103r\u0103\u0219ti, l\u00e2ng\u0103 Pia\u021ba M\u0103r\u0103\u0219ti. Suprafa\u021ba util\u0103 de 51,3 mp include 2 balcoane, buc\u0103t\u0103rie, baie \u0219i camar\u0103. Finisajele moderne includ geamuri PVC, u\u0219i din lemn \u0219i pardoseal\u0103 laminat\u0103. Confortul termic este asigurat de centrala proprie. \u00cen apropiere se g\u0103sesc farmacii, magazine, sta\u021bie de autobuz \u0219i facult\u0103\u021bi. Include spa\u021biu de depozitare \u0219i loc de parcare.<\/p>\n","protected":false},"author":8,"featured_media":6006,"comment_status":"open","ping_status":"open","sticky":false,"template":"","format":"standard","meta":{"footnotes":""},"categories":[50,48,47],"tags":[59,62,65,91,68,335,92,376,60,70],"class_list":["post-6007","post","type-post","status-publish","format-standard","has-post-thumbnail","hentry","category-apartamente-de-vanzare-in-cluj-napoca","category-oferte-imobiliare-in-cluj-napoca","category-oferte","tag-2-balcoane","tag-2-camere","tag-centrala-termica","tag-cluj-napoca","tag-decomandat","tag-etaj-9-9","tag-marasti","tag-o-baie","tag-parcare","tag-parchet"],"_links":{"self":[{"href":"https:\/\/propertybook.ro\/blog\/wp-json\/wp\/v2\/posts\/6007","targetHints":{"allow":["GET"]}}],"collection":[{"href":"https:\/\/propertybook.ro\/blog\/wp-json\/wp\/v2\/posts"}],"about":[{"href":"https:\/\/propertybook.ro\/blog\/wp-json\/wp\/v2\/types\/post"}],"author":[{"embeddable":true,"href":"https:\/\/propertybook.ro\/blog\/wp-json\/wp\/v2\/users\/8"}],"replies":[{"embeddable":true,"href":"https:\/\/propertybook.ro\/blog\/wp-json\/wp\/v2\/comments?post=6007"}],"version-history":[{"count":0,"href":"https:\/\/propertybook.ro\/blog\/wp-json\/wp\/v2\/posts\/6007\/revisions"}],"wp:featuredmedia":[{"embeddable":true,"href":"https:\/\/propertybook.ro\/blog\/wp-json\/wp\/v2\/media\/6006"}],"wp:attachment":[{"href":"https:\/\/propertybook.ro\/blog\/wp-json\/wp\/v2\/media?parent=6007"}],"wp:term":[{"taxonomy":"category","embeddable":true,"href":"https:\/\/propertybook.ro\/blog\/wp-json\/wp\/v2\/categories?post=6007"},{"taxonomy":"post_tag","embeddable":true,"href":"https:\/\/propertybook.ro\/blog\/wp-json\/wp\/v2\/tags?post=6007"}],"curies":[{"name":"wp","href":"https:\/\/api.w.org\/{rel}","templated":true}]}}