{"id":6023,"date":"2025-07-28T11:44:09","date_gmt":"2025-07-28T08:44:09","guid":{"rendered":"https:\/\/propertybook.ro\/blog\/casa-individuala-cu-4-camere-si-curte-amenajata-ideala-pentru-familie-zona-accesibila\/"},"modified":"2025-07-28T11:44:09","modified_gmt":"2025-07-28T08:44:09","slug":"casa-individuala-cu-4-camere-si-curte-amenajata-ideala-pentru-familie-zona-accesibila","status":"publish","type":"post","link":"https:\/\/propertybook.ro\/blog\/casa-individuala-cu-4-camere-si-curte-amenajata-ideala-pentru-familie-zona-accesibila\/","title":{"rendered":"Casa individual\u0103 cu 4 camere \u0219i curte amenajat\u0103, ideal\u0103 pentru familie, zon\u0103 accesibil\u0103!"},"content":{"rendered":"\n<!-- ngfb content-buttons begin -->\n<!-- generated on 2026-04-27T21:10:55+00:00 -->\n<div class=\"ngfb-content-buttons\">\n<div class=\"ngfb-buttons en_US\">\n<!-- Email Button --><div class=\"css-button email-button\">\n  <a href=\"mailto:?subject=Share:%20Casa%20individual%C4%83%20cu%204%20camere%20%C8%99i%20curte%20amenajat%C4%83%2C%20ideal%C4%83%20pentru%20familie%2C%20zon%C4%83%20accesibil%C4%83%21&body=Cluj-Napoca%2C%20Some%C8%99eni%20-%20Casa%20individual%C4%83%20cu%204%20camere%2C%20situat%C4%83%20%C3%AEn%20zona%20podului%20IRA%2C%20la%20limita%20cartierelor%20Marasti%20%C8%99i%20Someseni.%20Are%20un%20regim%20de%20%C3%AEn%C4%83l%C8%9Bime%20P%2BM%2C%20curte%20de%20360%20mp%20%C8%99i%20o%20suprafa%C8%9B%C4%83%20util%C4%83%20de%20100%20mp%2C%20compartimentat%C4%83%20%C3%AEn%202%20dormitoare%2C%20living%2C%20buc%C4%83t%C4%83rie%20%C8%99i%20baie%20la%20parter%2C%20plus%20mansard%C4%83%20cu%201%20dormitor%2C%20living%20%C8%99i%20baie.%20Construc%C8%9Bia%20este%20din%20c%C4%83r%C4%83mid%C4%83%2C%20racordat%C4%83%20la%20utilit%C4%83%C8%9Bi%2C%20cu%20locuri%20de%20parcare%20pentru%204%20autoturisme.%20Ideal%C4%83%20pentru%20o%20familie.%0D%0A%0D%0AShared%20from%20https:\/\/propertybook.ro\/blog\/casa-individuala-cu-4-camere-si-curte-amenajata-ideala-pentru-familie-zona-accesibila\/%0D%0A\">\n    <span class=\"ngfb-icon\">\n      <svg xmlns=\"http:\/\/www.w3.org\/2000\/svg\" width=\"9\" height=\"9\" viewBox=\"0 0 28 28\">\n        <path d=\"M20.11 26.147c-2.335 1.05-4.36 1.4-7.124 1.4C6.524 27.548.84 22.916.84 15.284.84 7.343 6.602.45 15.4.45c6.854 0 11.8 4.7 11.8 11.252 0 5.684-3.193 9.265-7.398 9.3-1.83 0-3.153-.934-3.347-2.997h-.077c-1.208 1.986-2.96 2.997-5.023 2.997-2.532 0-4.36-1.868-4.36-5.062 0-4.75 3.503-9.07 9.11-9.07 1.713 0 3.7.4 4.6.972l-1.17 7.203c-.387 2.298-.115 3.3 1 3.4 1.674 0 3.774-2.102 3.774-6.58 0-5.06-3.27-8.994-9.304-8.994C9.05 2.87 3.83 7.545 3.83 14.97c0 6.5 4.2 10.2 10 10.202 1.987 0 4.09-.43 5.647-1.245l.634 2.22zM16.647 10.1c-.31-.078-.7-.155-1.207-.155-2.572 0-4.596 2.53-4.596 5.53 0 1.5.7 2.4 1.9 2.4 1.44 0 2.96-1.83 3.31-4.088l.592-3.72z\" \/>\n      <\/svg>\n    <\/span>\n    <span class=\"ngfb-text\"><\/span>\n  <\/a>\n<\/div><\/div><!-- .ngfb-buttons.en_US -->\n<\/div><!-- .ngfb-content-buttons -->\n<!-- ngfb content-buttons end -->\n\n\n<!-- ngfb schema image for pinterest pin it button -->\n<div class=\"ngfb-schema-image-for-pinterest\" style=\"display:none;\">\n<img loading=\"lazy\" decoding=\"async\" src=\"https:\/\/propertybook.ro\/blog\/wp-content\/uploads\/2025\/07\/118773.webp\" width=\"0\" height=\"0\" style=\"width:0;height:0;\" data-pin-description=\"Cluj-Napoca, Some\u0219eni - Casa individual\u0103 cu 4 camere, situat\u0103 &icirc;n zona podului IRA, la limita cartierelor Marasti \u0219i Someseni. Are un regim de &icirc;n\u0103l\u021bime P+M, curte de 360 mp \u0219i o suprafa\u021b\u0103 util\u0103 de 100 mp, compartimentat\u0103 &icirc;n 2 dormitoare, living, buc\u0103t\u0103rie \u0219i baie la parter, plus mansard\u0103 cu 1...\" alt=\"\"\/>\n<\/div><!-- .ngfb-schema-image-for-pinterest -->\n\n<figure class=\"wp-block-image size-large\"><img decoding=\"async\" src=\"https:\/\/cdn.propertybook.ro\/napoca_imobiliare\/118773.webp\" alt=\"\" \/><\/figure>\n<ul>\n<li><a href=\"\/cluj-napoca\/\">Imobiliare Cluj-Napoca<\/a><\/li>\n<li><a href=\"\/cluj-napoca\/case-vanzare\/\">Case de vanzare Cluj-Napoca<\/a><\/li>\n<li><a href=\"\/cluj-napoca\/case-vanzare\/4-camere\/\">Case cu 4 camere de vanzare Cluj-Napoca<\/a><\/li>\n<li><a href=\"\/cluj-napoca\/case-vanzare\/someseni\/4-camere\/\">Case cu 4 camere de vanzare Some\u0219eni, Cluj-Napoca<\/a><\/li>\n<\/ul>\n<p><a href=\"\/cluj-napoca\/imobiliare-25-118773-de-vanzare-casa-4-camere-in-someseni\/\" class=\"pb-listing-action\">Detaliile proprietatii<\/a><\/p>\n<p><h2 class=\"wp-block-heading\">Descoper\u0103 Casa Ideal\u0103 pentru Familia Ta \u00een Zona IRA<\/h2>\n<p>Dac\u0103 e\u015fti \u00een c\u0103utarea unei locuin\u0163e confortabile \u015fi accesibile, te invit\u0103m s\u0103 descoperi aceast\u0103 splendid\u0103 cas\u0103 individual\u0103 cu 4 camere, situat\u0103 la limita cartierului M\u0103r\u0103\u015fti \u015fi Some\u015feni, \u00eentr-o zon\u0103 lini\u015ftit\u0103, dar foarte bine conectat\u0103 de centrele de interes ale ora\u015fului.<\/p>\n<p>#<\/p>\n<h2 class=\"wp-block-heading\">Caracteristici Generale<\/h2>\n<p>Aceast\u0103 proprietate cu regimul de \u00een\u0103l\u0163ime P+M ofer\u0103 o amprent\u0103 de 360 mp, cu un front de 12 m, asigur\u00e2ndu-\u0163i suficient spa\u0163iu pentru relaxare \u015fi amenajarea unei gr\u0103dini de vis. Suprafa\u0163a util\u0103 a casei se ridic\u0103 la aproximativ 100 mp, ceea ce o face ideal\u0103 pentru familii care \u00ee\u015fi doresc un c\u0103min cald \u015fi primitor.<\/p>\n<p>#<\/p>\n<h2 class=\"wp-block-heading\">Compartimentare Func\u0163ional\u0103<\/h2>\n<p>Casa este inteligent compartimentat\u0103, av\u00e2nd la parter:<\/p>\n<p>&#8211; **2 dormitoare**: perfect pentru odihn\u0103.<\/p>\n<p>&#8211; **1 living**: \u00eenc\u0103p\u0103tor, ideal pentru momentele de relaxare \u00een familie sau cu prietenii.<\/p>\n<p>&#8211; **1 buc\u0103t\u0103rie**: locul unde po\u0163i g\u0103ti cu drag pentru cei dragi.<\/p>\n<p>&#8211; **1 baie**: util\u0103 pentru confortul zilnic.<\/p>\n<p>&#8211; **1 debara**: pentru a p\u0103stra totul \u00een ordine.<\/p>\n<p>La mansard\u0103, te a\u015fteapt\u0103:<\/p>\n<p>&#8211; **1 living**: un spa\u0163iu suplimentar unde te po\u0163i bucura de timpul liber.<\/p>\n<p>&#8211; **1 teras\u0103**: un loc ideal pentru a savura cafeaua de diminea\u0163\u0103 sau pentru momente de relaxare.<\/p>\n<p>&#8211; **1 dormitor**: perfect pentru oaspe\u0163i sau pentru un membru al familiei.<\/p>\n<p>&#8211; **1 baie**: care asigur\u0103 intimitate suplimentar\u0103.<\/p>\n<p>#<\/p>\n<h2 class=\"wp-block-heading\">Avantajele Loca\u0163iei<\/h2>\n<p>Beneficiind de o pozi\u0163ie privilegiat\u0103, casa este situat\u0103 \u00eentr-o zon\u0103 cu acces rapid la mijloacele de transport \u00een comun, u\u015fur\u00e2ndu-\u0163i naveta c\u0103tre centrul ora\u015fului. \u00cen apropiere, po\u0163i g\u0103si diverse magazine alimentare, b\u0103nci, sta\u0163ii de transport public \u015fi multe alte puncte de interes care faciliteaz\u0103 via\u0163a de zi cu zi.<\/p>\n<p>#<\/p>\n<h2 class=\"wp-block-heading\">Curte \u015fi Parc\u0103ri<\/h2>\n<p>Curtea individual\u0103 de 360 mp este perfect\u0103 pentru petrecerea timpului \u00een aer liber, iar capacitatea de parcare pentru 4 autoturisme este un mare plus, mai ales \u00een ora\u015fele aglomerate. Cu funda\u0163ie din beton \u015fi acoperi\u015f din \u0163igl\u0103, aceast\u0103 cas\u0103 beneficiaz\u0103 de soliditate \u015fi durabilitate.<\/p>\n<p><h2 class=\"wp-block-heading\">O Oaz\u0103 de Lini\u015fte<\/h2>\n<p>Aceast\u0103 proprietate este ideal\u0103 pentru o familie care \u00ee\u015fi dore\u015fte s\u0103 locuiasc\u0103 \u00eentr-o zon\u0103 lini\u015ftit\u0103, dar totodat\u0103 aproape de facilit\u0103\u0163ile necesare zilnic. Fie c\u0103 este vorba despre o plimbare \u00een parc, o sesiune de shopping sau \u00eent\u00e2lniri cu prietenii, loca\u0163ia ofer\u0103 un echilibru perfect \u00eentre lini\u015fte \u015fi agita\u0163ie.<\/p>\n<p>Dac\u0103 e\u015fti interesat s\u0103 afli mai multe despre aceast\u0103 proprietate sau vrei s\u0103 programezi o vizionare, nu ezita s\u0103 te informezi! Casa visurilor tale te a\u015fteapt\u0103!<\/p>\n<p><a href=\"\/cluj-napoca\/imobiliare-25-118773-de-vanzare-casa-4-camere-in-someseni\/\" class=\"pb-listing-action\">Stabileste o vizionare<\/a><\/p>\n<ul>\n<li><a href=\"\/cluj-napoca\/\">Imobiliare Cluj-Napoca<\/a><\/li>\n<li><a href=\"\/cluj-napoca\/case-vanzare\/\">Case de vanzare Cluj-Napoca<\/a><\/li>\n<li><a href=\"\/cluj-napoca\/case-vanzare\/4-camere\/\">Case cu 4 camere de vanzare Cluj-Napoca<\/a><\/li>\n<li><a href=\"\/cluj-napoca\/case-vanzare\/someseni\/4-camere\/\">Case cu 4 camere de vanzare Some\u0219eni, Cluj-Napoca<\/a><\/li>\n<\/ul>\n\n<!-- ngfb content-buttons begin -->\n<!-- generated on 2026-04-27T21:10:55+00:00 -->\n<div class=\"ngfb-content-buttons\">\n<div class=\"ngfb-buttons en_US\">\n<!-- Email Button --><div class=\"css-button email-button\">\n  <a href=\"mailto:?subject=Share:%20Casa%20individual%C4%83%20cu%204%20camere%20%C8%99i%20curte%20amenajat%C4%83%2C%20ideal%C4%83%20pentru%20familie%2C%20zon%C4%83%20accesibil%C4%83%21&body=Cluj-Napoca%2C%20Some%C8%99eni%20-%20Casa%20individual%C4%83%20cu%204%20camere%2C%20situat%C4%83%20%C3%AEn%20zona%20podului%20IRA%2C%20la%20limita%20cartierelor%20Marasti%20%C8%99i%20Someseni.%20Are%20un%20regim%20de%20%C3%AEn%C4%83l%C8%9Bime%20P%2BM%2C%20curte%20de%20360%20mp%20%C8%99i%20o%20suprafa%C8%9B%C4%83%20util%C4%83%20de%20100%20mp%2C%20compartimentat%C4%83%20%C3%AEn%202%20dormitoare%2C%20living%2C%20buc%C4%83t%C4%83rie%20%C8%99i%20baie%20la%20parter%2C%20plus%20mansard%C4%83%20cu%201%20dormitor%2C%20living%20%C8%99i%20baie.%20Construc%C8%9Bia%20este%20din%20c%C4%83r%C4%83mid%C4%83%2C%20racordat%C4%83%20la%20utilit%C4%83%C8%9Bi%2C%20cu%20locuri%20de%20parcare%20pentru%204%20autoturisme.%20Ideal%C4%83%20pentru%20o%20familie.%0D%0A%0D%0AShared%20from%20https:\/\/propertybook.ro\/blog\/casa-individuala-cu-4-camere-si-curte-amenajata-ideala-pentru-familie-zona-accesibila\/%0D%0A\">\n    <span class=\"ngfb-icon\">\n      <svg xmlns=\"http:\/\/www.w3.org\/2000\/svg\" width=\"9\" height=\"9\" viewBox=\"0 0 28 28\">\n        <path d=\"M20.11 26.147c-2.335 1.05-4.36 1.4-7.124 1.4C6.524 27.548.84 22.916.84 15.284.84 7.343 6.602.45 15.4.45c6.854 0 11.8 4.7 11.8 11.252 0 5.684-3.193 9.265-7.398 9.3-1.83 0-3.153-.934-3.347-2.997h-.077c-1.208 1.986-2.96 2.997-5.023 2.997-2.532 0-4.36-1.868-4.36-5.062 0-4.75 3.503-9.07 9.11-9.07 1.713 0 3.7.4 4.6.972l-1.17 7.203c-.387 2.298-.115 3.3 1 3.4 1.674 0 3.774-2.102 3.774-6.58 0-5.06-3.27-8.994-9.304-8.994C9.05 2.87 3.83 7.545 3.83 14.97c0 6.5 4.2 10.2 10 10.202 1.987 0 4.09-.43 5.647-1.245l.634 2.22zM16.647 10.1c-.31-.078-.7-.155-1.207-.155-2.572 0-4.596 2.53-4.596 5.53 0 1.5.7 2.4 1.9 2.4 1.44 0 2.96-1.83 3.31-4.088l.592-3.72z\" \/>\n      <\/svg>\n    <\/span>\n    <span class=\"ngfb-text\"><\/span>\n  <\/a>\n<\/div><\/div><!-- .ngfb-buttons.en_US -->\n<\/div><!-- .ngfb-content-buttons -->\n<!-- ngfb content-buttons end -->\n\n","protected":false},"excerpt":{"rendered":"<p>Cluj-Napoca, Some\u0219eni &#8211; Casa individual\u0103 cu 4 camere, situat\u0103 \u00een zona podului IRA, la limita cartierelor Marasti \u0219i Someseni. Are un regim de \u00een\u0103l\u021bime P+M, curte de 360 mp \u0219i o suprafa\u021b\u0103 util\u0103 de 100 mp, compartimentat\u0103 \u00een 2 dormitoare, living, buc\u0103t\u0103rie \u0219i baie la parter, plus mansard\u0103 cu 1 dormitor, living \u0219i baie. Construc\u021bia este din c\u0103r\u0103mid\u0103, racordat\u0103 la utilit\u0103\u021bi, cu locuri de parcare pentru 4 autoturisme. Ideal\u0103 pentru o familie.<\/p>\n","protected":false},"author":8,"featured_media":6022,"comment_status":"open","ping_status":"open","sticky":false,"template":"","format":"standard","meta":{"footnotes":""},"categories":[51,48,47],"tags":[377,93,91,118],"class_list":["post-6023","post","type-post","status-publish","format-standard","has-post-thumbnail","hentry","category-case-de-vanzare-in-cluj-napoca","category-oferte-imobiliare-in-cluj-napoca","category-oferte","tag-2-bai","tag-4-camere","tag-cluj-napoca","tag-someseni"],"_links":{"self":[{"href":"https:\/\/propertybook.ro\/blog\/wp-json\/wp\/v2\/posts\/6023","targetHints":{"allow":["GET"]}}],"collection":[{"href":"https:\/\/propertybook.ro\/blog\/wp-json\/wp\/v2\/posts"}],"about":[{"href":"https:\/\/propertybook.ro\/blog\/wp-json\/wp\/v2\/types\/post"}],"author":[{"embeddable":true,"href":"https:\/\/propertybook.ro\/blog\/wp-json\/wp\/v2\/users\/8"}],"replies":[{"embeddable":true,"href":"https:\/\/propertybook.ro\/blog\/wp-json\/wp\/v2\/comments?post=6023"}],"version-history":[{"count":0,"href":"https:\/\/propertybook.ro\/blog\/wp-json\/wp\/v2\/posts\/6023\/revisions"}],"wp:featuredmedia":[{"embeddable":true,"href":"https:\/\/propertybook.ro\/blog\/wp-json\/wp\/v2\/media\/6022"}],"wp:attachment":[{"href":"https:\/\/propertybook.ro\/blog\/wp-json\/wp\/v2\/media?parent=6023"}],"wp:term":[{"taxonomy":"category","embeddable":true,"href":"https:\/\/propertybook.ro\/blog\/wp-json\/wp\/v2\/categories?post=6023"},{"taxonomy":"post_tag","embeddable":true,"href":"https:\/\/propertybook.ro\/blog\/wp-json\/wp\/v2\/tags?post=6023"}],"curies":[{"name":"wp","href":"https:\/\/api.w.org\/{rel}","templated":true}]}}