{"id":6107,"date":"2025-08-02T19:43:51","date_gmt":"2025-08-02T16:43:51","guid":{"rendered":"https:\/\/propertybook.ro\/blog\/apartament-modern-cu-3-camere-in-cartierul-intre-lacuri-semifinisat-cu-balcoane-si-incalzire-in-pardoseala\/"},"modified":"2025-08-02T19:43:51","modified_gmt":"2025-08-02T16:43:51","slug":"apartament-modern-cu-3-camere-in-cartierul-intre-lacuri-semifinisat-cu-balcoane-si-incalzire-in-pardoseala","status":"publish","type":"post","link":"https:\/\/propertybook.ro\/blog\/apartament-modern-cu-3-camere-in-cartierul-intre-lacuri-semifinisat-cu-balcoane-si-incalzire-in-pardoseala\/","title":{"rendered":"Apartament modern cu 3 camere \u00een cartierul Intre Lacuri, semifinisat, cu balcoane \u0219i \u00eenc\u0103lzire \u00een pardoseal\u0103!"},"content":{"rendered":"\n<!-- ngfb content-buttons begin -->\n<!-- generated on 2026-04-23T11:35:54+00:00 -->\n<div class=\"ngfb-content-buttons\">\n<div class=\"ngfb-buttons en_US\">\n<!-- Email Button --><div class=\"css-button email-button\">\n  <a href=\"mailto:?subject=Share:%20Apartament%20modern%20cu%203%20camere%20%C3%AEn%20cartierul%20Intre%20Lacuri%2C%20semifinisat%2C%20cu%20balcoane%20%C8%99i%20%C3%AEnc%C4%83lzire%20%C3%AEn%20pardoseal%C4%83%21&body=Cluj-Napoca%2C%20Intre%20Lacuri%20-%20Apartament%20cu%203%20camere%20de%20v%C3%A2nzare%20%C3%AEn%20cartierul%20%C3%8Entre%20Lacuri%2C%20etajul%201%2C%20construc%C8%9Bie%20nou%C4%83%2C%20cu%20o%20suprafa%C8%9B%C4%83%20util%C4%83%20de%2065.48%20mp.%20Compartimentare%3A%20camer%C4%83%20deschis%C4%83%20cu%20buc%C4%83t%C4%83rie%2C%202%20dormitoare%2C%202%20b%C4%83i%2C%20hol%20%C8%99i%202%20balcoane%20%286.6%20mp%20%C8%99i%2012.6%20mp%29.%20Predare%20la%20semifinisat%2C%20dot%C4%83ri%20moderne%20precum%20%C3%AEnc%C4%83lzire%20%C3%AEn%20pardoseal%C4%83%20%C8%99i%20feronerie%20cu%20geam%20tripan.%20Posibilitate%20achizi%C8%9Bie%20loc%20de%20parcare.%20TVA%20se%20adaug%C4%83%20la%20pre%C8%9Bul%20afi%C8%99at.%0D%0A%0D%0AShared%20from%20https:\/\/propertybook.ro\/blog\/apartament-modern-cu-3-camere-in-cartierul-intre-lacuri-semifinisat-cu-balcoane-si-incalzire-in-pardoseala\/%0D%0A\">\n    <span class=\"ngfb-icon\">\n      <svg xmlns=\"http:\/\/www.w3.org\/2000\/svg\" width=\"9\" height=\"9\" viewBox=\"0 0 28 28\">\n        <path d=\"M20.11 26.147c-2.335 1.05-4.36 1.4-7.124 1.4C6.524 27.548.84 22.916.84 15.284.84 7.343 6.602.45 15.4.45c6.854 0 11.8 4.7 11.8 11.252 0 5.684-3.193 9.265-7.398 9.3-1.83 0-3.153-.934-3.347-2.997h-.077c-1.208 1.986-2.96 2.997-5.023 2.997-2.532 0-4.36-1.868-4.36-5.062 0-4.75 3.503-9.07 9.11-9.07 1.713 0 3.7.4 4.6.972l-1.17 7.203c-.387 2.298-.115 3.3 1 3.4 1.674 0 3.774-2.102 3.774-6.58 0-5.06-3.27-8.994-9.304-8.994C9.05 2.87 3.83 7.545 3.83 14.97c0 6.5 4.2 10.2 10 10.202 1.987 0 4.09-.43 5.647-1.245l.634 2.22zM16.647 10.1c-.31-.078-.7-.155-1.207-.155-2.572 0-4.596 2.53-4.596 5.53 0 1.5.7 2.4 1.9 2.4 1.44 0 2.96-1.83 3.31-4.088l.592-3.72z\" \/>\n      <\/svg>\n    <\/span>\n    <span class=\"ngfb-text\"><\/span>\n  <\/a>\n<\/div><\/div><!-- .ngfb-buttons.en_US -->\n<\/div><!-- .ngfb-content-buttons -->\n<!-- ngfb content-buttons end -->\n\n\n<!-- ngfb schema image for pinterest pin it button -->\n<div class=\"ngfb-schema-image-for-pinterest\" style=\"display:none;\">\n<img loading=\"lazy\" decoding=\"async\" src=\"https:\/\/propertybook.ro\/blog\/wp-content\/uploads\/2025\/08\/152668.webp\" width=\"0\" height=\"0\" style=\"width:0;height:0;\" data-pin-description=\"Cluj-Napoca, Intre Lacuri - Apartament cu 3 camere de v&acirc;nzare &icirc;n cartierul &Icirc;ntre Lacuri, etajul 1, construc\u021bie nou\u0103, cu o suprafa\u021b\u0103 util\u0103 de 65.48 mp. Compartimentare: camer\u0103 deschis\u0103 cu buc\u0103t\u0103rie, 2 dormitoare, 2 b\u0103i, hol \u0219i 2 balcoane (6.6 mp \u0219i 12.6 mp). Predare la semifinisat, dot\u0103ri moderne...\" alt=\"\"\/>\n<\/div><!-- .ngfb-schema-image-for-pinterest -->\n\n<figure class=\"wp-block-image size-large\"><img decoding=\"async\" src=\"https:\/\/cdn.propertybook.ro\/napoca_imobiliare\/152668.webp\" alt=\"\" \/><\/figure>\n<ul>\n<li><a href=\"\/cluj-napoca\/\">Imobiliare Cluj-Napoca<\/a><\/li>\n<li><a href=\"\/cluj-napoca\/apartamente-vanzare\/\">Apartamente de vanzare Cluj-Napoca<\/a><\/li>\n<li><a href=\"\/cluj-napoca\/apartamente-vanzare\/3-camere\/\">Apartamente cu 3 camere de vanzare Cluj-Napoca<\/a><\/li>\n<li><a href=\"\/cluj-napoca\/apartamente-vanzare\/intre_lacuri\/3-camere\/\">Apartamente cu 3 camere de vanzare Intre Lacuri, Cluj-Napoca<\/a><\/li>\n<\/ul>\n<p><a href=\"\/cluj-napoca\/imobiliare-25-152668-se-vinde-apartament-3-camere-in-intre-lacuri\/\" class=\"pb-listing-action\">Detaliile proprietatii<\/a><\/p>\n<p><h2 class=\"wp-block-heading\">Apartament Modern cu 3 Camere \u00een Cartierul \u00centre Lacuri<\/h2>\n<p>Dac\u0103 e\u0219ti \u00een c\u0103utarea unei locuin\u021be moderne \u0219i confortabile, apartamentul cu 3 camere din cartierul \u00centre Lacuri ar putea fi alegerea perfect\u0103 pentru tine. Situat la etajul 1 al unui imobil dispus pe 6 etaje, acest apartament nou ofer\u0103 toate facilit\u0103\u021bile necesare pentru un stil de via\u021b\u0103 confortabil.<\/p>\n<p><h2 class=\"wp-block-heading\">Detalii Generale<\/h2>\n<p>Apartamentul se bucur\u0103 de o suprafa\u021b\u0103 util\u0103 de 65.48 mp, fiind ideal pentru familii sau pentru persoanele care \u00ee\u0219i doresc un spa\u021biu generos. Compartimentarea este optim\u0103, av\u00e2nd o camer\u0103 deschis\u0103 care combin\u0103 livingul cu buc\u0103t\u0103ria, ceea ce confer\u0103 o senza\u021bie de spa\u021biu \u0219i luminositate. \u00cen plus, cele dou\u0103 dormitoare sunt perfecte pentru relaxare \u0219i odihn\u0103, iar cele dou\u0103 b\u0103i asigur\u0103 confortul necesar pentru to\u021bi locatarii.<\/p>\n<p><h2 class=\"wp-block-heading\">Balcoane Generoase<\/h2>\n<p>Una dintre caracteristicile deosebite ale acestui apartament este faptul c\u0103 dispune de nu unul, ci de dou\u0103 balcoane! Cu dimensiuni de 6.6 mp \u0219i, respectiv, 12.6 mp, aceste spa\u021bii exterioare pot fi amenajate ca zone de relaxare, ideale pentru momentele de r\u0103sf\u0103\u021b la aer liber sau pentru \u00eent\u00e2lniri cu prietenii.<\/p>\n<p><h2 class=\"wp-block-heading\">Finisaje \u0219i Utilit\u0103\u021bi<\/h2>\n<p>Apartamentele se predau la stadiul de semifinisat, ceea ce ofer\u0103 noului proprietar ocazia de a-\u0219i personaliza locuin\u021ba conform propriilor gusturi \u0219i nevoi. \u00cen execu\u021bia lucr\u0103rilor s-a pus accent pe detalii, iar apartamentul este dotat cu:<\/p>\n<p>&#8211; \u00cenc\u0103lzire \u00een pardoseal\u0103<\/p>\n<p>&#8211; Central\u0103 termic\u0103 de bloc cu repartitoare<\/p>\n<p>&#8211; U\u0219\u0103 metalic\u0103 la intrare pentru siguran\u021b\u0103<\/p>\n<p>&#8211; Feronerie modern\u0103 cu geam tripan \u0219i tamplarie PVC<\/p>\n<p>&#8211; Sape nivelante, pere\u021bi tencui\u021bi \u0219i gletui\u021bi<\/p>\n<p>&#8211; Instalare electric\u0103 \u0219i sanitar\u0103 pe pozi\u021bii<\/p>\n<p>Aceste elemente nu doar c\u0103 asigur\u0103 confortul, dar \u0219i eficien\u021ba energetic\u0103, ceea ce este \u00eentotdeauna un plus.<\/p>\n<p><h2 class=\"wp-block-heading\">Loc de Parcare <\/h2>\n<p>\u00cen plus, exist\u0103 posibilitatea achizi\u021bion\u0103rii unui loc de parcare cu CF separat, un detaliu esen\u021bial pentru confortul locuin\u021bei, mai ales \u00een zonele urbane aglomerate.<\/p>\n<p><h2 class=\"wp-block-heading\">Concluzie<\/h2>\n<p>Acest apartament din cartierul \u00centre Lacuri reprezint\u0103 o oportunitate excelent\u0103 de investi\u021bie, oferind un mix perfect \u00eentre confort, modernitate \u0219i func\u021bionalitate. Dac\u0103 \u00ee\u021bi dore\u0219ti un spa\u021biu de locuit care s\u0103 r\u0103spund\u0103 nevoilor tale, nu ezita s\u0103 explorezi aceast\u0103 proprietate. Fie c\u0103 e\u0219ti t\u00e2n\u0103r profesionist, o familie sau chiar un investitor, acest apartament ar putea deveni cu u\u0219urin\u021b\u0103 noua ta locuin\u021b\u0103!<\/p>\n<p>Te invit\u0103m s\u0103 te familiarizezi cu aceast\u0103 ofert\u0103 \u0219i s\u0103 vezi personal toate detaliile care fac din acest apartament o adev\u0103rat\u0103 bijuterie imobiliar\u0103.<\/p>\n<p><a href=\"\/cluj-napoca\/imobiliare-25-152668-se-vinde-apartament-3-camere-in-intre-lacuri\/\" class=\"pb-listing-action\">Stabileste o vizionare<\/a><\/p>\n<ul>\n<li><a href=\"\/cluj-napoca\/\">Imobiliare Cluj-Napoca<\/a><\/li>\n<li><a href=\"\/cluj-napoca\/apartamente-vanzare\/\">Apartamente de vanzare Cluj-Napoca<\/a><\/li>\n<li><a href=\"\/cluj-napoca\/apartamente-vanzare\/3-camere\/\">Apartamente cu 3 camere de vanzare Cluj-Napoca<\/a><\/li>\n<li><a href=\"\/cluj-napoca\/apartamente-vanzare\/intre_lacuri\/3-camere\/\">Apartamente cu 3 camere de vanzare Intre Lacuri, Cluj-Napoca<\/a><\/li>\n<\/ul>\n\n<!-- ngfb content-buttons begin -->\n<!-- generated on 2026-04-23T11:35:54+00:00 -->\n<div class=\"ngfb-content-buttons\">\n<div class=\"ngfb-buttons en_US\">\n<!-- Email Button --><div class=\"css-button email-button\">\n  <a href=\"mailto:?subject=Share:%20Apartament%20modern%20cu%203%20camere%20%C3%AEn%20cartierul%20Intre%20Lacuri%2C%20semifinisat%2C%20cu%20balcoane%20%C8%99i%20%C3%AEnc%C4%83lzire%20%C3%AEn%20pardoseal%C4%83%21&body=Cluj-Napoca%2C%20Intre%20Lacuri%20-%20Apartament%20cu%203%20camere%20de%20v%C3%A2nzare%20%C3%AEn%20cartierul%20%C3%8Entre%20Lacuri%2C%20etajul%201%2C%20construc%C8%9Bie%20nou%C4%83%2C%20cu%20o%20suprafa%C8%9B%C4%83%20util%C4%83%20de%2065.48%20mp.%20Compartimentare%3A%20camer%C4%83%20deschis%C4%83%20cu%20buc%C4%83t%C4%83rie%2C%202%20dormitoare%2C%202%20b%C4%83i%2C%20hol%20%C8%99i%202%20balcoane%20%286.6%20mp%20%C8%99i%2012.6%20mp%29.%20Predare%20la%20semifinisat%2C%20dot%C4%83ri%20moderne%20precum%20%C3%AEnc%C4%83lzire%20%C3%AEn%20pardoseal%C4%83%20%C8%99i%20feronerie%20cu%20geam%20tripan.%20Posibilitate%20achizi%C8%9Bie%20loc%20de%20parcare.%20TVA%20se%20adaug%C4%83%20la%20pre%C8%9Bul%20afi%C8%99at.%0D%0A%0D%0AShared%20from%20https:\/\/propertybook.ro\/blog\/apartament-modern-cu-3-camere-in-cartierul-intre-lacuri-semifinisat-cu-balcoane-si-incalzire-in-pardoseala\/%0D%0A\">\n    <span class=\"ngfb-icon\">\n      <svg xmlns=\"http:\/\/www.w3.org\/2000\/svg\" width=\"9\" height=\"9\" viewBox=\"0 0 28 28\">\n        <path d=\"M20.11 26.147c-2.335 1.05-4.36 1.4-7.124 1.4C6.524 27.548.84 22.916.84 15.284.84 7.343 6.602.45 15.4.45c6.854 0 11.8 4.7 11.8 11.252 0 5.684-3.193 9.265-7.398 9.3-1.83 0-3.153-.934-3.347-2.997h-.077c-1.208 1.986-2.96 2.997-5.023 2.997-2.532 0-4.36-1.868-4.36-5.062 0-4.75 3.503-9.07 9.11-9.07 1.713 0 3.7.4 4.6.972l-1.17 7.203c-.387 2.298-.115 3.3 1 3.4 1.674 0 3.774-2.102 3.774-6.58 0-5.06-3.27-8.994-9.304-8.994C9.05 2.87 3.83 7.545 3.83 14.97c0 6.5 4.2 10.2 10 10.202 1.987 0 4.09-.43 5.647-1.245l.634 2.22zM16.647 10.1c-.31-.078-.7-.155-1.207-.155-2.572 0-4.596 2.53-4.596 5.53 0 1.5.7 2.4 1.9 2.4 1.44 0 2.96-1.83 3.31-4.088l.592-3.72z\" \/>\n      <\/svg>\n    <\/span>\n    <span class=\"ngfb-text\"><\/span>\n  <\/a>\n<\/div><\/div><!-- .ngfb-buttons.en_US -->\n<\/div><!-- .ngfb-content-buttons -->\n<!-- ngfb content-buttons end -->\n\n","protected":false},"excerpt":{"rendered":"<p>Cluj-Napoca, Intre Lacuri &#8211; Apartament cu 3 camere de v\u00e2nzare \u00een cartierul \u00centre Lacuri, etajul 1, construc\u021bie nou\u0103, cu o suprafa\u021b\u0103 util\u0103 de 65.48 mp. Compartimentare: camer\u0103 deschis\u0103 cu buc\u0103t\u0103rie, 2 dormitoare, 2 b\u0103i, hol \u0219i 2 balcoane (6.6 mp \u0219i 12.6 mp). Predare la semifinisat, dot\u0103ri moderne precum \u00eenc\u0103lzire \u00een pardoseal\u0103 \u0219i feronerie cu geam tripan. Posibilitate achizi\u021bie loc de parcare. TVA se adaug\u0103 la pre\u021bul afi\u0219at.<\/p>\n","protected":false},"author":8,"featured_media":6106,"comment_status":"open","ping_status":"open","sticky":false,"template":"","format":"standard","meta":{"footnotes":""},"categories":[50,48,47],"tags":[377,55,74,65,91,263,116,60,63],"class_list":["post-6107","post","type-post","status-publish","format-standard","has-post-thumbnail","hentry","category-apartamente-de-vanzare-in-cluj-napoca","category-oferte-imobiliare-in-cluj-napoca","category-oferte","tag-2-bai","tag-3-camere","tag-balcon","tag-centrala-termica","tag-cluj-napoca","tag-etaj-1-6","tag-intre-lacuri","tag-parcare","tag-semidecomandat"],"_links":{"self":[{"href":"https:\/\/propertybook.ro\/blog\/wp-json\/wp\/v2\/posts\/6107","targetHints":{"allow":["GET"]}}],"collection":[{"href":"https:\/\/propertybook.ro\/blog\/wp-json\/wp\/v2\/posts"}],"about":[{"href":"https:\/\/propertybook.ro\/blog\/wp-json\/wp\/v2\/types\/post"}],"author":[{"embeddable":true,"href":"https:\/\/propertybook.ro\/blog\/wp-json\/wp\/v2\/users\/8"}],"replies":[{"embeddable":true,"href":"https:\/\/propertybook.ro\/blog\/wp-json\/wp\/v2\/comments?post=6107"}],"version-history":[{"count":0,"href":"https:\/\/propertybook.ro\/blog\/wp-json\/wp\/v2\/posts\/6107\/revisions"}],"wp:featuredmedia":[{"embeddable":true,"href":"https:\/\/propertybook.ro\/blog\/wp-json\/wp\/v2\/media\/6106"}],"wp:attachment":[{"href":"https:\/\/propertybook.ro\/blog\/wp-json\/wp\/v2\/media?parent=6107"}],"wp:term":[{"taxonomy":"category","embeddable":true,"href":"https:\/\/propertybook.ro\/blog\/wp-json\/wp\/v2\/categories?post=6107"},{"taxonomy":"post_tag","embeddable":true,"href":"https:\/\/propertybook.ro\/blog\/wp-json\/wp\/v2\/tags?post=6107"}],"curies":[{"name":"wp","href":"https:\/\/api.w.org\/{rel}","templated":true}]}}