{"id":6701,"date":"2025-09-22T13:44:05","date_gmt":"2025-09-22T10:44:05","guid":{"rendered":"https:\/\/propertybook.ro\/blog\/vila-interbelica-cu-potential-remarcabil-amplasata-in-inima-capitalei-ideala-pentru-resedinta-sau-business\/"},"modified":"2025-09-22T13:44:05","modified_gmt":"2025-09-22T10:44:05","slug":"vila-interbelica-cu-potential-remarcabil-amplasata-in-inima-capitalei-ideala-pentru-resedinta-sau-business","status":"publish","type":"post","link":"https:\/\/propertybook.ro\/blog\/vila-interbelica-cu-potential-remarcabil-amplasata-in-inima-capitalei-ideala-pentru-resedinta-sau-business\/","title":{"rendered":"\u201eVila interbelic\u0103 cu poten\u021bial remarcabil, amplasat\u0103 \u00een inima Capitalei, ideal\u0103 pentru re\u0219edin\u021b\u0103 sau business\u201d"},"content":{"rendered":"\n<!-- ngfb content-buttons begin -->\n<!-- generated on 2026-04-22T19:11:17+00:00 -->\n<div class=\"ngfb-content-buttons\">\n<div class=\"ngfb-buttons en_US\">\n<!-- Email Button --><div class=\"css-button email-button\">\n  <a href=\"mailto:?subject=Share:%20%E2%80%9EVila%20interbelic%C4%83%20cu%20poten%C8%9Bial%20remarcabil%2C%20amplasat%C4%83%20%C3%AEn%20inima%20Capitalei%2C%20ideal%C4%83%20pentru%20re%C8%99edin%C8%9B%C4%83%20sau%20business%E2%80%9D&body=Bucure%C8%99ti%20-%20Vila%20situat%C4%83%20pe%20strada%20Popa%20Tatu%2022%2C%20%C3%AEn%20apropierea%20Parcului%20Cismigiu%2C%20ofer%C4%83%20382.56%20mp%20construi%C8%9Bi%20%C8%99i%20590%20mp%20teren.%20Necesit%C4%83%20renovare%20complet%C4%83%2C%20av%C3%A2nd%20poten%C8%9Bial%20pentru%20transformarea%20%C3%AEntr-un%20spa%C8%9Biu%20elegant.%20Curtea%20de%20362%20mp%20asigur%C4%83%20intimitate%2C%20iar%20proprietatea%20poate%20fi%20utilizat%C4%83%20at%C3%A2t%20pentru%20reziden%C8%9B%C4%83%2C%20c%C3%A2t%20%C8%99i%20pentru%20activit%C4%83%C8%9Bi%20comerciale.%20Situat%C4%83%20%C3%AEntr-o%20zon%C4%83%20protejat%C4%83%2C%20permite%20interven%C8%9Bii%20arhitecturale%20f%C4%83r%C4%83%20constr%C3%A2ngeri%2C%20p%C4%83str%C3%A2nd%20caracterul%20autentic%20al%20locului.%0D%0A%0D%0AShared%20from%20https:\/\/propertybook.ro\/blog\/vila-interbelica-cu-potential-remarcabil-amplasata-in-inima-capitalei-ideala-pentru-resedinta-sau-business\/%0D%0A\">\n    <span class=\"ngfb-icon\">\n      <svg xmlns=\"http:\/\/www.w3.org\/2000\/svg\" width=\"9\" height=\"9\" viewBox=\"0 0 28 28\">\n        <path d=\"M20.11 26.147c-2.335 1.05-4.36 1.4-7.124 1.4C6.524 27.548.84 22.916.84 15.284.84 7.343 6.602.45 15.4.45c6.854 0 11.8 4.7 11.8 11.252 0 5.684-3.193 9.265-7.398 9.3-1.83 0-3.153-.934-3.347-2.997h-.077c-1.208 1.986-2.96 2.997-5.023 2.997-2.532 0-4.36-1.868-4.36-5.062 0-4.75 3.503-9.07 9.11-9.07 1.713 0 3.7.4 4.6.972l-1.17 7.203c-.387 2.298-.115 3.3 1 3.4 1.674 0 3.774-2.102 3.774-6.58 0-5.06-3.27-8.994-9.304-8.994C9.05 2.87 3.83 7.545 3.83 14.97c0 6.5 4.2 10.2 10 10.202 1.987 0 4.09-.43 5.647-1.245l.634 2.22zM16.647 10.1c-.31-.078-.7-.155-1.207-.155-2.572 0-4.596 2.53-4.596 5.53 0 1.5.7 2.4 1.9 2.4 1.44 0 2.96-1.83 3.31-4.088l.592-3.72z\" \/>\n      <\/svg>\n    <\/span>\n    <span class=\"ngfb-text\"><\/span>\n  <\/a>\n<\/div><\/div><!-- .ngfb-buttons.en_US -->\n<\/div><!-- .ngfb-content-buttons -->\n<!-- ngfb content-buttons end -->\n\n\n<!-- ngfb schema image for pinterest pin it button -->\n<div class=\"ngfb-schema-image-for-pinterest\" style=\"display:none;\">\n<img loading=\"lazy\" decoding=\"async\" src=\"https:\/\/propertybook.ro\/blog\/wp-content\/uploads\/2025\/09\/2730796.webp\" width=\"0\" height=\"0\" style=\"width:0;height:0;\" data-pin-description=\"Bucure\u0219ti - Vila situat\u0103 pe strada Popa Tatu 22, &icirc;n apropierea Parcului Cismigiu, ofer\u0103 382.56 mp construi\u021bi \u0219i 590 mp teren. Necesit\u0103 renovare complet\u0103, av&acirc;nd poten\u021bial pentru transformarea &icirc;ntr-un spa\u021biu elegant. Curtea de 362 mp asigur\u0103 intimitate, iar proprietatea poate fi utilizat\u0103 at&acirc;t...\" alt=\"\"\/>\n<\/div><!-- .ngfb-schema-image-for-pinterest -->\n\n<figure class=\"wp-block-image size-large\"><img decoding=\"async\" src=\"https:\/\/cdn.propertybook.ro\/zoomcity.ro\/2730796.webp\" alt=\"\" \/><\/figure>\n<ul>\n<li><a href=\"\/bucuresti\/\">Imobiliare Bucure\u0219ti<\/a><\/li>\n<li><a href=\"\/bucuresti\/case-vanzare\/8-camere\/\">Case cu 8 camere de vanzare Bucure\u0219ti<\/a><\/li>\n<\/ul>\n<p><a href=\"\/bucuresti\/imobiliare-92-2730796-comision-0-vila-interbelica-curte-libera-362mp-cismigiu-piata-victoriei\/\" class=\"pb-listing-action\">Detaliile proprietatii<\/a><\/p>\n<p><h2 class=\"wp-block-heading\">Vila cu Farmec de Epoc\u0103 pe Strada Popa Tatu<\/h2>\n<p>\u00centr-o lume urban\u0103 \u00een continu\u0103 agita\u021bie, uneori c\u0103ut\u0103m un refugiu, un loc unde trecutul \u0219i prezentul se \u00eent\u00e2lnesc \u00een armonie. Situat\u0103 pe strada Popa Tatu 22, la doar c\u00e2\u021biva pa\u0219i de Parcul Cismigiu, aceast\u0103 vil\u0103 cu un farmec aparte ne invit\u0103 s\u0103 descoperim istoria sa \u0219i s\u0103 ne imagin\u0103m posibilit\u0103\u021bile nelimitate pe care le ofer\u0103.<\/p>\n<p>#<\/p>\n<h2 class=\"wp-block-heading\">O Bijuterie Arhitectural\u0103 cu Poten\u021bial<\/h2>\n<p>Cu o suprafa\u021b\u0103 generoas\u0103 de 382.56 mp construi\u021bi \u0219i 590 mp de teren, imobilul se prezint\u0103 ca o oportunitate rar\u0103 pentru pasiona\u021bii de arhitectur\u0103 sau pentru cei dornici s\u0103 creeze un c\u0103min personalizat. De\u0219i necesit\u0103 o renovare complet\u0103, medicamentul pentru sufletul s\u0103u a\u0219teapt\u0103 s\u0103 fie aplicat cu aten\u021bie \u0219i rafinament. Imagina\u021bi-v\u0103 ce poate deveni fiecare camer\u0103, transformat\u0103 \u00eentr-un sanctuar al stilului clasic, cu b\u0103i imbr\u0103cate \u00een marmur\u0103 \u0219i camere ce respir\u0103 elegan\u021b\u0103 prin detalii arhitecturale ce pot fi restaurate.<\/p>\n<p>#<\/p>\n<h2 class=\"wp-block-heading\">Spa\u021bii cu Poveste<\/h2>\n<p>Fiecare col\u021b al casei eman\u0103 o energie unic\u0103, amplificat\u0103 de tavanele \u00eenalte \u0219i de luminile naturale ce p\u0103trund prin feronerie delicat\u0103. Aici, istoria se \u00eemplete\u0219te cu visurile fiec\u0103ruia dintre noi. Curtea compact\u0103, de 362 mp, ofer\u0103 un refugiu verdant unde imagina\u021bia poate str\u0103luci: de la gr\u0103dini elegante ce eman\u0103 parfum de tei, la terase unde s\u0103 savurezi momente de relaxare.<\/p>\n<p>#<\/p>\n<h2 class=\"wp-block-heading\">Versatilitate pentru Diverse Activit\u0103\u021bi<\/h2>\n<p>Aceast\u0103 vil\u0103 nu este doar o locuin\u021b\u0103; se preteaz\u0103 \u0219i pentru diverse activit\u0103\u021bi comerciale. De la un restaurant cu atmosfer\u0103 boem\u0103, la birouri creative sau clinici boutique, posibilit\u0103\u021bile sunt multiple. Pozi\u021bionarea sa \u00een plan secund, ferit\u0103 de tumultul urban, dar suficient de aproape de centrul cultural \u0219i administrativ al ora\u0219ului, o face tot mai atractiv\u0103 pentru investitori sau antreprenori.<\/p>\n<p>#<\/p>\n<h2 class=\"wp-block-heading\">Zona Protejat\u0103: \u00centre Libertate \u0219i Respect<\/h2>\n<p>Situat\u0103 \u00een zona protejat\u0103 Nr. 44 Temisana, vil\u0103 beneficiaz\u0103 de avantajul de a nu fi clasificat ca monument istoric, oferind astfel libertatea de a interveni arhitectural \u0219i func\u021bional. Cu toate acestea, este esen\u021bial s\u0103 p\u0103str\u0103m caracterul autentic al zonei, \u00eembin\u00e2nd modernitatea cu tradi\u021bia.<\/p>\n<p>#<\/p>\n<h2 class=\"wp-block-heading\">O Poveste A\u0219tept\u00e2nd s\u0103 Fie P\u0103truns\u0103<\/h2>\n<p>Aceast\u0103 proprietate nu este doar un imobil \u2014 este o oportunitate de a transforma piatra \u00een poveste, de a reda via\u021b\u0103 unei cl\u0103diri cu o istorie bogat\u0103 \u0219i de a crea un spa\u021biu care s\u0103 reziste \u00een timp. Pentru cei care pot visa \u0219i construi, vila de pe strada Popa Tatu este invita\u021bia perfect\u0103 de a deveni parte dintr-o poveste mai mare.<\/p>\n<p>Dac\u0103 sunte\u021bi \u00een c\u0103utarea unei astfel de provoc\u0103ri, cu siguran\u021b\u0103 aceasta este o oportunitate ce nu trebuie ratat\u0103. Visurile \u00eencep adesea din locuri neobi\u0219nuite, iar acesta poate fi \u00eenceputul unei noi aventuri pentru fiecare dintre noi.<\/p>\n<p><a href=\"\/bucuresti\/imobiliare-92-2730796-comision-0-vila-interbelica-curte-libera-362mp-cismigiu-piata-victoriei\/\" class=\"pb-listing-action\">Stabileste o vizionare<\/a><\/p>\n<ul>\n<li><a href=\"\/bucuresti\/\">Imobiliare Bucure\u0219ti<\/a><\/li>\n<li><a href=\"\/bucuresti\/case-vanzare\/8-camere\/\">Case cu 8 camere de vanzare Bucure\u0219ti<\/a><\/li>\n<\/ul>\n\n<!-- ngfb content-buttons begin -->\n<!-- generated on 2026-04-22T19:11:17+00:00 -->\n<div class=\"ngfb-content-buttons\">\n<div class=\"ngfb-buttons en_US\">\n<!-- Email Button --><div class=\"css-button email-button\">\n  <a href=\"mailto:?subject=Share:%20%E2%80%9EVila%20interbelic%C4%83%20cu%20poten%C8%9Bial%20remarcabil%2C%20amplasat%C4%83%20%C3%AEn%20inima%20Capitalei%2C%20ideal%C4%83%20pentru%20re%C8%99edin%C8%9B%C4%83%20sau%20business%E2%80%9D&body=Bucure%C8%99ti%20-%20Vila%20situat%C4%83%20pe%20strada%20Popa%20Tatu%2022%2C%20%C3%AEn%20apropierea%20Parcului%20Cismigiu%2C%20ofer%C4%83%20382.56%20mp%20construi%C8%9Bi%20%C8%99i%20590%20mp%20teren.%20Necesit%C4%83%20renovare%20complet%C4%83%2C%20av%C3%A2nd%20poten%C8%9Bial%20pentru%20transformarea%20%C3%AEntr-un%20spa%C8%9Biu%20elegant.%20Curtea%20de%20362%20mp%20asigur%C4%83%20intimitate%2C%20iar%20proprietatea%20poate%20fi%20utilizat%C4%83%20at%C3%A2t%20pentru%20reziden%C8%9B%C4%83%2C%20c%C3%A2t%20%C8%99i%20pentru%20activit%C4%83%C8%9Bi%20comerciale.%20Situat%C4%83%20%C3%AEntr-o%20zon%C4%83%20protejat%C4%83%2C%20permite%20interven%C8%9Bii%20arhitecturale%20f%C4%83r%C4%83%20constr%C3%A2ngeri%2C%20p%C4%83str%C3%A2nd%20caracterul%20autentic%20al%20locului.%0D%0A%0D%0AShared%20from%20https:\/\/propertybook.ro\/blog\/vila-interbelica-cu-potential-remarcabil-amplasata-in-inima-capitalei-ideala-pentru-resedinta-sau-business\/%0D%0A\">\n    <span class=\"ngfb-icon\">\n      <svg xmlns=\"http:\/\/www.w3.org\/2000\/svg\" width=\"9\" height=\"9\" viewBox=\"0 0 28 28\">\n        <path d=\"M20.11 26.147c-2.335 1.05-4.36 1.4-7.124 1.4C6.524 27.548.84 22.916.84 15.284.84 7.343 6.602.45 15.4.45c6.854 0 11.8 4.7 11.8 11.252 0 5.684-3.193 9.265-7.398 9.3-1.83 0-3.153-.934-3.347-2.997h-.077c-1.208 1.986-2.96 2.997-5.023 2.997-2.532 0-4.36-1.868-4.36-5.062 0-4.75 3.503-9.07 9.11-9.07 1.713 0 3.7.4 4.6.972l-1.17 7.203c-.387 2.298-.115 3.3 1 3.4 1.674 0 3.774-2.102 3.774-6.58 0-5.06-3.27-8.994-9.304-8.994C9.05 2.87 3.83 7.545 3.83 14.97c0 6.5 4.2 10.2 10 10.202 1.987 0 4.09-.43 5.647-1.245l.634 2.22zM16.647 10.1c-.31-.078-.7-.155-1.207-.155-2.572 0-4.596 2.53-4.596 5.53 0 1.5.7 2.4 1.9 2.4 1.44 0 2.96-1.83 3.31-4.088l.592-3.72z\" \/>\n      <\/svg>\n    <\/span>\n    <span class=\"ngfb-text\"><\/span>\n  <\/a>\n<\/div><\/div><!-- .ngfb-buttons.en_US -->\n<\/div><!-- .ngfb-content-buttons -->\n<!-- ngfb content-buttons end -->\n\n","protected":false},"excerpt":{"rendered":"<p>Bucure\u0219ti &#8211; Vila situat\u0103 pe strada Popa Tatu 22, \u00een apropierea Parcului Cismigiu, ofer\u0103 382.56 mp construi\u021bi \u0219i 590 mp teren. Necesit\u0103 renovare complet\u0103, av\u00e2nd poten\u021bial pentru transformarea \u00eentr-un spa\u021biu elegant. Curtea de 362 mp asigur\u0103 intimitate, iar proprietatea poate fi utilizat\u0103 at\u00e2t pentru reziden\u021b\u0103, c\u00e2t \u0219i pentru activit\u0103\u021bi comerciale. Situat\u0103 \u00eentr-o zon\u0103 protejat\u0103, permite interven\u021bii arhitecturale f\u0103r\u0103 constr\u00e2ngeri, p\u0103str\u00e2nd caracterul autentic al locului.<\/p>\n","protected":false},"author":8,"featured_media":6700,"comment_status":"open","ping_status":"open","sticky":false,"template":"","format":"standard","meta":{"footnotes":""},"categories":[49,53,47],"tags":[383,356,217,325,74,89],"class_list":["post-6701","post","type-post","status-publish","format-standard","has-post-thumbnail","hentry","category-oferte-imobiliare-bucuresti","category-case-de-vanzare-bucuresti","category-oferte","tag-4-bai","tag-6-parcari","tag-8-camere","tag-an-const-1928","tag-balcon","tag-bucuresti"],"_links":{"self":[{"href":"https:\/\/propertybook.ro\/blog\/wp-json\/wp\/v2\/posts\/6701","targetHints":{"allow":["GET"]}}],"collection":[{"href":"https:\/\/propertybook.ro\/blog\/wp-json\/wp\/v2\/posts"}],"about":[{"href":"https:\/\/propertybook.ro\/blog\/wp-json\/wp\/v2\/types\/post"}],"author":[{"embeddable":true,"href":"https:\/\/propertybook.ro\/blog\/wp-json\/wp\/v2\/users\/8"}],"replies":[{"embeddable":true,"href":"https:\/\/propertybook.ro\/blog\/wp-json\/wp\/v2\/comments?post=6701"}],"version-history":[{"count":0,"href":"https:\/\/propertybook.ro\/blog\/wp-json\/wp\/v2\/posts\/6701\/revisions"}],"wp:featuredmedia":[{"embeddable":true,"href":"https:\/\/propertybook.ro\/blog\/wp-json\/wp\/v2\/media\/6700"}],"wp:attachment":[{"href":"https:\/\/propertybook.ro\/blog\/wp-json\/wp\/v2\/media?parent=6701"}],"wp:term":[{"taxonomy":"category","embeddable":true,"href":"https:\/\/propertybook.ro\/blog\/wp-json\/wp\/v2\/categories?post=6701"},{"taxonomy":"post_tag","embeddable":true,"href":"https:\/\/propertybook.ro\/blog\/wp-json\/wp\/v2\/tags?post=6701"}],"curies":[{"name":"wp","href":"https:\/\/api.w.org\/{rel}","templated":true}]}}