{"id":770,"date":"2023-12-07T12:42:34","date_gmt":"2023-12-07T10:42:34","guid":{"rendered":"https:\/\/propertybook.ro\/blog\/apartament-modern-cu-2-camere-si-terasa-in-zona-the-office-nou-construit-si-complet-mobilat\/"},"modified":"2023-12-07T12:42:34","modified_gmt":"2023-12-07T10:42:34","slug":"apartament-modern-cu-2-camere-si-terasa-in-zona-the-office-nou-construit-si-complet-mobilat","status":"publish","type":"post","link":"https:\/\/propertybook.ro\/blog\/apartament-modern-cu-2-camere-si-terasa-in-zona-the-office-nou-construit-si-complet-mobilat\/","title":{"rendered":"Apartament Modern cu 2 Camere \u0219i Teras\u0103 \u00een Zona The Office &#8211; Nou Construit \u0219i Complet Mobilat"},"content":{"rendered":"\n<!-- ngfb content-buttons begin -->\n<!-- generated on 2026-05-02T11:31:33+00:00 -->\n<div class=\"ngfb-content-buttons\">\n<div class=\"ngfb-buttons en_US\">\n<!-- Email Button --><div class=\"css-button email-button\">\n  <a href=\"mailto:?subject=Share:%20Apartament%20Modern%20cu%202%20Camere%20%C8%99i%20Teras%C4%83%20%C3%AEn%20Zona%20The%20Office%20%26%238211%3B%20Nou%20Construit%20%C8%99i%20Complet%20Mobilat&body=Cluj-Napoca%2C%20M%C4%83r%C4%83%C8%99ti%20-%20Apartament%20cu%202%20camere%2C%20nou%20construit%20%C3%AEn%202022%2C%20situat%20%C3%AEn%20zona%20The%20Office%2C%20Marasti%2FCentru.%20Dispune%20de%2054%20mp%2C%20teras%C4%83%2C%20finisat%20%C8%99i%20mobilat%20de%20designeri.%20Include%20living%20open%20space%20cu%20buc%C4%83t%C4%83rie%2C%20dormitor%2C%20baie%2C%20%C3%AEnc%C4%83lzire%20%C3%AEn%20pardoseal%C4%83%20%C8%99i%20ferestre%20termoizolante%20Rehau.%20Se%20vinde%20mobilat%20%C8%99i%20este%20disponibil%20pentru%20credit.%20Loc%20de%20parcare%20op%C8%9Bional%20la%2020.000%20euro.%20Contacta%C8%9Bi%20pentru%20vizion%C4%83ri%20%C8%99i%20consultan%C8%9B%C4%83.%0D%0A%0D%0AShared%20from%20https:\/\/propertybook.ro\/blog\/apartament-modern-cu-2-camere-si-terasa-in-zona-the-office-nou-construit-si-complet-mobilat\/%0D%0A\">\n    <span class=\"ngfb-icon\">\n      <svg xmlns=\"http:\/\/www.w3.org\/2000\/svg\" width=\"9\" height=\"9\" viewBox=\"0 0 28 28\">\n        <path d=\"M20.11 26.147c-2.335 1.05-4.36 1.4-7.124 1.4C6.524 27.548.84 22.916.84 15.284.84 7.343 6.602.45 15.4.45c6.854 0 11.8 4.7 11.8 11.252 0 5.684-3.193 9.265-7.398 9.3-1.83 0-3.153-.934-3.347-2.997h-.077c-1.208 1.986-2.96 2.997-5.023 2.997-2.532 0-4.36-1.868-4.36-5.062 0-4.75 3.503-9.07 9.11-9.07 1.713 0 3.7.4 4.6.972l-1.17 7.203c-.387 2.298-.115 3.3 1 3.4 1.674 0 3.774-2.102 3.774-6.58 0-5.06-3.27-8.994-9.304-8.994C9.05 2.87 3.83 7.545 3.83 14.97c0 6.5 4.2 10.2 10 10.202 1.987 0 4.09-.43 5.647-1.245l.634 2.22zM16.647 10.1c-.31-.078-.7-.155-1.207-.155-2.572 0-4.596 2.53-4.596 5.53 0 1.5.7 2.4 1.9 2.4 1.44 0 2.96-1.83 3.31-4.088l.592-3.72z\" \/>\n      <\/svg>\n    <\/span>\n    <span class=\"ngfb-text\"><\/span>\n  <\/a>\n<\/div><\/div><!-- .ngfb-buttons.en_US -->\n<\/div><!-- .ngfb-content-buttons -->\n<!-- ngfb content-buttons end -->\n\n\n<!-- ngfb schema image for pinterest pin it button -->\n<div class=\"ngfb-schema-image-for-pinterest\" style=\"display:none;\">\n<img loading=\"lazy\" decoding=\"async\" src=\"https:\/\/propertybook.ro\/blog\/wp-content\/uploads\/2023\/12\/139501.webp\" width=\"0\" height=\"0\" style=\"width:0;height:0;\" data-pin-description=\"Cluj-Napoca, M\u0103r\u0103\u0219ti - Apartament cu 2 camere, nou construit &icirc;n 2022, situat &icirc;n zona The Office, Marasti\/Centru. Dispune de 54 mp, teras\u0103, finisat \u0219i mobilat de designeri. Include living open space cu buc\u0103t\u0103rie, dormitor, baie, &icirc;nc\u0103lzire &icirc;n pardoseal\u0103 \u0219i ferestre termoizolante Rehau. Se vinde...\" alt=\"\"\/>\n<\/div><!-- .ngfb-schema-image-for-pinterest -->\n\n<figure class=\"wp-block-image size-large\"><img decoding=\"async\" src=\"https:\/\/cdn.propertybook.ro\/napoca_imobiliare\/139501.webp\" alt=\"\" \/><\/figure>\n<ul>\n<li><a href=\"\/cluj-napoca\/\">Imobiliare Cluj-Napoca<\/a><\/li>\n<li><a href=\"\/cluj-napoca\/apartamente-vanzare\/\">Apartamente de vanzare Cluj-Napoca<\/a><\/li>\n<li><a href=\"\/cluj-napoca\/apartamente-vanzare\/2-camere\/\">Apartamente cu 2 camere de vanzare Cluj-Napoca<\/a><\/li>\n<li><a href=\"\/cluj-napoca\/apartamente-vanzare\/marasti\/2-camere\/\">Apartamente cu 2 camere de vanzare M\u0103r\u0103\u0219ti, Cluj-Napoca<\/a><\/li>\n<\/ul>\n<p><a href=\"\/cluj-napoca\/imobiliare-25-139501-se-vinde-apartament-2-camere-in-marasti\/\" class=\"pb-listing-action\">Detaliile proprietatii<\/a><\/p>\n<p><h2 class=\"wp-block-heading\">Descopera Oaza Urbana de Confort si Stil: Apartament Impecabil cu 2 Camere<\/h2>\n<p>Vis\u00e2nd la o nou\u0103 locuin\u021b\u0103 care s\u0103 \u00eembine confortul modern cu accesul facil la serviciile ora\u0219ului? Las\u0103-m\u0103 s\u0103 \u00ee\u021bi dau un tur virtual printr-un apartament care bifeaz\u0103 toate aceste dorin\u021be!<\/p>\n<p>Ascuns ca o bijuterie urban\u0103 \u00een cartierul vibrant Marasti, chiar la intersec\u021bia cu centrul ora\u0219ului, \u00een imediata apropiere de The Office, aceast\u0103 locuin\u021b\u0103 este o adev\u0103rat\u0103 oaz\u0103 de lini\u0219te \u0219i confort \u00een inima ora\u0219ului. Un imobil nou, construit \u00een 2022, \u00ee\u0219i deschide u\u0219ile pentru a-\u021bi prezenta un apartament cu 2 camere proiectat meticulos pentru a-\u021bi \u00eembun\u0103t\u0103\u021bi calitatea vie\u021bii.<\/p>\n<p>\u00centr-un spa\u021biu de 54 mp cu o teras\u0103 generoas\u0103, acest apartament este o adev\u0103rat\u0103 canava de design interior. La fiecare pas, \u00ee\u021bi vei da seama c\u0103 o echip\u0103 profesionist\u0103 de designeri a pus tot sufletul \u00een amenajarea \u0219i finisajele sale.<\/p>\n<p>Trec\u00e2nd pragul de la intrare, vei fi \u00eent\u00e2mpinat de un antreu primitor care face trecerea natural\u0103 c\u0103tre inima casei \u2013 livingul open space ce include o buc\u0103t\u0103rie complet utilat\u0103. Lumina natural\u0103 danseaz\u0103 pe pere\u021bii zugr\u0103vi\u021bi cu vopsea lavabil\u0103, \u00een timp ce ferestrele termoizolante Rehau cu 7 camere \u0219i 3 sticle p\u0103streaz\u0103 c\u0103ldura \u00een interior \u0219i zgomotul ora\u0219ului afar\u0103.<\/p>\n<p>Nu vei putea s\u0103 ignori confortul pe care \u00eel ofer\u0103 centrala termic\u0103 de bloc cu \u00eenc\u0103lzire \u00een pardoseal\u0103. Iarna, vei aprecia aceast\u0103 caracteristic\u0103 modern\u0103 care asigur\u0103 c\u0103ldura uniform\u0103 \u0219i discret\u0103. Parchetul din lemn adaug\u0103 un plus de estetic\u0103 \u0219i c\u0103ldur\u0103 oric\u0103rei \u00eenc\u0103peri, iar baia spa\u021bioas\u0103 este \u0219i ea un omagiu adus relax\u0103rii \u0219i func\u021bionalit\u0103\u021bii.<\/p>\n<p>Dormitorul este un sanctuar de intimitate, perfect pentru a te re\u00eenc\u0103rca dup\u0103 o zi agitat\u0103. Iar terasa? Este refugiul perfect pentru dimine\u021bile lini\u0219tite cu o cea\u0219c\u0103 de cafea sau seri \u00een care ora\u0219ul se ilumineaz\u0103 la picioarele tale.<\/p>\n<p>Apartamentul vine complet finisat \u0219i mobilat, iar fotografiile sunt o oglind\u0103 fidel\u0103 a ceea ce te a\u0219teapt\u0103. Este gata s\u0103 te \u00eent\u00e2mpine pe tine \u0219i pe obiectele personale, f\u0103r\u0103 a fi necesar vreun efort suplimentar.<\/p>\n<p>\u0218i pentru cei dintre voi care iubesc detaliile practice, apartamentul se poate achizi\u021biona \u0219i prin credit. Locul de parcare este oferit suplimentar \u0219i se constituie \u00eentr-o raritate \u00een aceast\u0103 zon\u0103 urban\u0103 extensiv solicitat\u0103.<\/p>\n<p>Pentru vizion\u0103ri, nu ezita\u021bi s\u0103 contacta\u021bi un profesionist imobiliar care v\u0103 poate oferi o experien\u021b\u0103 de vizionare de neuitat. O locuin\u021b\u0103 ca aceasta nu este doar un simplu spa\u021biu de locuit; este un stil de via\u021b\u0103, o declara\u021bie de design \u0219i confort pe care o vei \u00eendr\u0103gi zi de zi.<\/p>\n<p><a href=\"\/cluj-napoca\/imobiliare-25-139501-se-vinde-apartament-2-camere-in-marasti\/\" class=\"pb-listing-action\">Stabileste o vizionare<\/a><\/p>\n<ul>\n<li><a href=\"\/cluj-napoca\/\">Imobiliare Cluj-Napoca<\/a><\/li>\n<li><a href=\"\/cluj-napoca\/apartamente-vanzare\/\">Apartamente de vanzare Cluj-Napoca<\/a><\/li>\n<li><a href=\"\/cluj-napoca\/apartamente-vanzare\/2-camere\/\">Apartamente cu 2 camere de vanzare Cluj-Napoca<\/a><\/li>\n<li><a href=\"\/cluj-napoca\/apartamente-vanzare\/marasti\/2-camere\/\">Apartamente cu 2 camere de vanzare M\u0103r\u0103\u0219ti, Cluj-Napoca<\/a><\/li>\n<\/ul>\n\n<!-- ngfb content-buttons begin -->\n<!-- generated on 2026-05-02T11:31:33+00:00 -->\n<div class=\"ngfb-content-buttons\">\n<div class=\"ngfb-buttons en_US\">\n<!-- Email Button --><div class=\"css-button email-button\">\n  <a href=\"mailto:?subject=Share:%20Apartament%20Modern%20cu%202%20Camere%20%C8%99i%20Teras%C4%83%20%C3%AEn%20Zona%20The%20Office%20%26%238211%3B%20Nou%20Construit%20%C8%99i%20Complet%20Mobilat&body=Cluj-Napoca%2C%20M%C4%83r%C4%83%C8%99ti%20-%20Apartament%20cu%202%20camere%2C%20nou%20construit%20%C3%AEn%202022%2C%20situat%20%C3%AEn%20zona%20The%20Office%2C%20Marasti%2FCentru.%20Dispune%20de%2054%20mp%2C%20teras%C4%83%2C%20finisat%20%C8%99i%20mobilat%20de%20designeri.%20Include%20living%20open%20space%20cu%20buc%C4%83t%C4%83rie%2C%20dormitor%2C%20baie%2C%20%C3%AEnc%C4%83lzire%20%C3%AEn%20pardoseal%C4%83%20%C8%99i%20ferestre%20termoizolante%20Rehau.%20Se%20vinde%20mobilat%20%C8%99i%20este%20disponibil%20pentru%20credit.%20Loc%20de%20parcare%20op%C8%9Bional%20la%2020.000%20euro.%20Contacta%C8%9Bi%20pentru%20vizion%C4%83ri%20%C8%99i%20consultan%C8%9B%C4%83.%0D%0A%0D%0AShared%20from%20https:\/\/propertybook.ro\/blog\/apartament-modern-cu-2-camere-si-terasa-in-zona-the-office-nou-construit-si-complet-mobilat\/%0D%0A\">\n    <span class=\"ngfb-icon\">\n      <svg xmlns=\"http:\/\/www.w3.org\/2000\/svg\" width=\"9\" height=\"9\" viewBox=\"0 0 28 28\">\n        <path d=\"M20.11 26.147c-2.335 1.05-4.36 1.4-7.124 1.4C6.524 27.548.84 22.916.84 15.284.84 7.343 6.602.45 15.4.45c6.854 0 11.8 4.7 11.8 11.252 0 5.684-3.193 9.265-7.398 9.3-1.83 0-3.153-.934-3.347-2.997h-.077c-1.208 1.986-2.96 2.997-5.023 2.997-2.532 0-4.36-1.868-4.36-5.062 0-4.75 3.503-9.07 9.11-9.07 1.713 0 3.7.4 4.6.972l-1.17 7.203c-.387 2.298-.115 3.3 1 3.4 1.674 0 3.774-2.102 3.774-6.58 0-5.06-3.27-8.994-9.304-8.994C9.05 2.87 3.83 7.545 3.83 14.97c0 6.5 4.2 10.2 10 10.202 1.987 0 4.09-.43 5.647-1.245l.634 2.22zM16.647 10.1c-.31-.078-.7-.155-1.207-.155-2.572 0-4.596 2.53-4.596 5.53 0 1.5.7 2.4 1.9 2.4 1.44 0 2.96-1.83 3.31-4.088l.592-3.72z\" \/>\n      <\/svg>\n    <\/span>\n    <span class=\"ngfb-text\"><\/span>\n  <\/a>\n<\/div><\/div><!-- .ngfb-buttons.en_US -->\n<\/div><!-- .ngfb-content-buttons -->\n<!-- ngfb content-buttons end -->\n\n","protected":false},"excerpt":{"rendered":"<p>Cluj-Napoca, M\u0103r\u0103\u0219ti &#8211; Apartament cu 2 camere, nou construit \u00een 2022, situat \u00een zona The Office, Marasti\/Centru. Dispune de 54 mp, teras\u0103, finisat \u0219i mobilat de designeri. Include living open space cu buc\u0103t\u0103rie, dormitor, baie, \u00eenc\u0103lzire \u00een pardoseal\u0103 \u0219i ferestre termoizolante Rehau. Se vinde mobilat \u0219i este disponibil pentru credit. Loc de parcare op\u021bional la 20.000 euro. Contacta\u021bi pentru vizion\u0103ri \u0219i consultan\u021b\u0103.<\/p>\n","protected":false},"author":8,"featured_media":769,"comment_status":"open","ping_status":"open","sticky":false,"template":"","format":"standard","meta":{"footnotes":""},"categories":[50,48,47],"tags":[62,65,91,56,92,60,70,63],"class_list":["post-770","post","type-post","status-publish","format-standard","has-post-thumbnail","hentry","category-apartamente-de-vanzare-in-cluj-napoca","category-oferte-imobiliare-in-cluj-napoca","category-oferte","tag-2-camere","tag-centrala-termica","tag-cluj-napoca","tag-etaj-2-6","tag-marasti","tag-parcare","tag-parchet","tag-semidecomandat"],"_links":{"self":[{"href":"https:\/\/propertybook.ro\/blog\/wp-json\/wp\/v2\/posts\/770","targetHints":{"allow":["GET"]}}],"collection":[{"href":"https:\/\/propertybook.ro\/blog\/wp-json\/wp\/v2\/posts"}],"about":[{"href":"https:\/\/propertybook.ro\/blog\/wp-json\/wp\/v2\/types\/post"}],"author":[{"embeddable":true,"href":"https:\/\/propertybook.ro\/blog\/wp-json\/wp\/v2\/users\/8"}],"replies":[{"embeddable":true,"href":"https:\/\/propertybook.ro\/blog\/wp-json\/wp\/v2\/comments?post=770"}],"version-history":[{"count":0,"href":"https:\/\/propertybook.ro\/blog\/wp-json\/wp\/v2\/posts\/770\/revisions"}],"wp:featuredmedia":[{"embeddable":true,"href":"https:\/\/propertybook.ro\/blog\/wp-json\/wp\/v2\/media\/769"}],"wp:attachment":[{"href":"https:\/\/propertybook.ro\/blog\/wp-json\/wp\/v2\/media?parent=770"}],"wp:term":[{"taxonomy":"category","embeddable":true,"href":"https:\/\/propertybook.ro\/blog\/wp-json\/wp\/v2\/categories?post=770"},{"taxonomy":"post_tag","embeddable":true,"href":"https:\/\/propertybook.ro\/blog\/wp-json\/wp\/v2\/tags?post=770"}],"curies":[{"name":"wp","href":"https:\/\/api.w.org\/{rel}","templated":true}]}}