{"id":780,"date":"2023-12-08T15:46:49","date_gmt":"2023-12-08T13:46:49","guid":{"rendered":"https:\/\/propertybook.ro\/blog\/apartament-exclusivist-cu-4-camere-terasa-ampla-si-parcare-privata-in-zona-semicentrala\/"},"modified":"2023-12-08T15:46:49","modified_gmt":"2023-12-08T13:46:49","slug":"apartament-exclusivist-cu-4-camere-terasa-ampla-si-parcare-privata-in-zona-semicentrala","status":"publish","type":"post","link":"https:\/\/propertybook.ro\/blog\/apartament-exclusivist-cu-4-camere-terasa-ampla-si-parcare-privata-in-zona-semicentrala\/","title":{"rendered":"Apartament Exclusivist cu 4 Camere, Teras\u0103 Ampl\u0103 \u0219i Parcare Privat\u0103 \u00een Zon\u0103 Semicentral\u0103"},"content":{"rendered":"\n<!-- ngfb content-buttons begin -->\n<!-- generated on 2026-04-30T15:34:54+00:00 -->\n<div class=\"ngfb-content-buttons\">\n<div class=\"ngfb-buttons en_US\">\n<!-- Email Button --><div class=\"css-button email-button\">\n  <a href=\"mailto:?subject=Share:%20Apartament%20Exclusivist%20cu%204%20Camere%2C%20Teras%C4%83%20Ampl%C4%83%20%C8%99i%20Parcare%20Privat%C4%83%20%C3%AEn%20Zon%C4%83%20Semicentral%C4%83&body=Cluj-Napoca%2C%20M%C4%83r%C4%83%C8%99ti%20-%20Apartament%20unicat%20de%204%20camere%2C%20situat%20semicentral%20la%20etajul%204%20cu%20teras%C4%83%20de%20100%20mp.%20Suprafa%C8%9Ba%20util%C4%83%20e%20de%20138%20mp%2C%20include%201%20living%20open%20space%2C%20buc%C4%83t%C4%83rie%2C%203%20dormitoare%2C%202%20b%C4%83i%2C%20%C8%99i%20dressing%20%C3%AEn%20dormitorul%20matrimonial.%20Finisaje%20premium%2C%20central%C4%83%20pe%20gaz%2C%20aer%20condi%C8%9Bionat.%20V%C3%A2ndut%20mobilat%2C%20cu%20parcare%20subteran%C4%83%20de%2080%20mp%20pentru%204%20ma%C8%99ini.%20Disponibil%20imediat%2C%20ideal%20pentru%20cump%C4%83r%C4%83tori%20preten%C8%9Bio%C8%99i%20%C3%AEn%20c%C4%83utarea%20luxului%20%C8%99i%20confortului.%0D%0A%0D%0AShared%20from%20https:\/\/propertybook.ro\/blog\/apartament-exclusivist-cu-4-camere-terasa-ampla-si-parcare-privata-in-zona-semicentrala\/%0D%0A\">\n    <span class=\"ngfb-icon\">\n      <svg xmlns=\"http:\/\/www.w3.org\/2000\/svg\" width=\"9\" height=\"9\" viewBox=\"0 0 28 28\">\n        <path d=\"M20.11 26.147c-2.335 1.05-4.36 1.4-7.124 1.4C6.524 27.548.84 22.916.84 15.284.84 7.343 6.602.45 15.4.45c6.854 0 11.8 4.7 11.8 11.252 0 5.684-3.193 9.265-7.398 9.3-1.83 0-3.153-.934-3.347-2.997h-.077c-1.208 1.986-2.96 2.997-5.023 2.997-2.532 0-4.36-1.868-4.36-5.062 0-4.75 3.503-9.07 9.11-9.07 1.713 0 3.7.4 4.6.972l-1.17 7.203c-.387 2.298-.115 3.3 1 3.4 1.674 0 3.774-2.102 3.774-6.58 0-5.06-3.27-8.994-9.304-8.994C9.05 2.87 3.83 7.545 3.83 14.97c0 6.5 4.2 10.2 10 10.202 1.987 0 4.09-.43 5.647-1.245l.634 2.22zM16.647 10.1c-.31-.078-.7-.155-1.207-.155-2.572 0-4.596 2.53-4.596 5.53 0 1.5.7 2.4 1.9 2.4 1.44 0 2.96-1.83 3.31-4.088l.592-3.72z\" \/>\n      <\/svg>\n    <\/span>\n    <span class=\"ngfb-text\"><\/span>\n  <\/a>\n<\/div><\/div><!-- .ngfb-buttons.en_US -->\n<\/div><!-- .ngfb-content-buttons -->\n<!-- ngfb content-buttons end -->\n\n\n<!-- ngfb schema image for pinterest pin it button -->\n<div class=\"ngfb-schema-image-for-pinterest\" style=\"display:none;\">\n<img loading=\"lazy\" decoding=\"async\" src=\"https:\/\/propertybook.ro\/blog\/wp-content\/uploads\/2023\/12\/118192.webp\" width=\"0\" height=\"0\" style=\"width:0;height:0;\" data-pin-description=\"Cluj-Napoca, M\u0103r\u0103\u0219ti - Apartament unicat de 4 camere, situat semicentral la etajul 4 cu teras\u0103 de 100 mp. Suprafa\u021ba util\u0103 e de 138 mp, include 1 living open space, buc\u0103t\u0103rie, 3 dormitoare, 2 b\u0103i, \u0219i dressing &icirc;n dormitorul matrimonial. Finisaje premium, central\u0103 pe gaz, aer condi\u021bionat. V&acirc;ndut...\" alt=\"\"\/>\n<\/div><!-- .ngfb-schema-image-for-pinterest -->\n\n<figure class=\"wp-block-image size-large\"><img decoding=\"async\" src=\"https:\/\/cdn.propertybook.ro\/napoca_imobiliare\/118192.webp\" alt=\"\" \/><\/figure>\n<ul>\n<li><a href=\"\/cluj-napoca\/\">Imobiliare Cluj-Napoca<\/a><\/li>\n<li><a href=\"\/cluj-napoca\/apartamente-vanzare\/\">Apartamente de vanzare Cluj-Napoca<\/a><\/li>\n<li><a href=\"\/cluj-napoca\/apartamente-vanzare\/4-camere\/\">Apartamente cu 4 camere de vanzare Cluj-Napoca<\/a><\/li>\n<li><a href=\"\/cluj-napoca\/apartamente-vanzare\/marasti\/4-camere\/\">Apartamente cu 4 camere de vanzare M\u0103r\u0103\u0219ti, Cluj-Napoca<\/a><\/li>\n<\/ul>\n<p><a href=\"\/cluj-napoca\/imobiliare-25-118192-se-vinde-apartament-4-camere-in-marasti\/\" class=\"pb-listing-action\">Detaliile proprietatii<\/a><\/p>\n<p><h2 class=\"wp-block-heading\">Descoperi\u021bi Visul Urban Modern: Un Apartament Semiacentral cu Teras\u0103 Generoas\u0103<\/h2>\n<p>E\u0219ti \u00een c\u0103utarea unei locuin\u021be care s\u0103 \u00ee\u021bi ofere spa\u021biul \u0219i confortul unei case, dar cu toate avantajele vie\u021bii urbane? Visezi s\u0103 te relaxezi pe o teras\u0103 spa\u021bioas\u0103, admiring r\u0103s\u0103ritul \u0219i apusul f\u0103r\u0103 a renun\u021ba la comodit\u0103\u021bile ora\u0219ului? Dac\u0103 da, iat\u0103 ce trebuie s\u0103 \u0219tii despre un apartament aparte care \u00ee\u0219i a\u0219teapt\u0103 noul proprietar \u00een inima zonei semicentrale a ora\u0219ului.<\/p>\n<p>Unic prin design \u0219i amplasare, acest apartament se distinge prin combina\u021bia perfect\u0103 de lux, intimitate \u0219i accesibilitate. Situat la etajul al patrulea al unui imobil nou construit, apartamentul se \u00eentinde pe o suprafa\u021b\u0103 util\u0103 generoas\u0103 de 138 mp \u0219i ofer\u0103 o experien\u021b\u0103 residential\u0103 de top.<\/p>\n<p>\u00cenc\u0103 de la intrare, sunte\u021bi \u00eent\u00e2mpina\u021bi de un living open space luminos care v\u0103 invit\u0103 s\u0103 v\u0103 relaxa\u021bi \u0219i s\u0103 v\u0103 sim\u021bi\u021bi acas\u0103. \u00cembin\u00e2nd esteticul cu practicul, zona de zi se extinde pe o teras\u0103 \u00eensorit\u0103 de 100 mp. G\u00e2ndit\u0103 ca un veritabil sanctuar exterior, terasa v\u0103 va permite s\u0103 v\u0103 crea\u021bi o oaz\u0103 de relaxare sau s\u0103 v\u0103 bucura\u021bi de petreceri memorabile sub cerul liber.<\/p>\n<p>Apartamentul dispune de o buc\u0103t\u0103rie modern\u0103, perfect echipat\u0103 pentru a satisface nevoile celor mai pricepu\u021bi gurmani. Confortul continu\u0103 cu trei dormitoare elegante, dintre care unul matrimonial, care promite intimitate cu o baie proprie \u0219i acces la un balcon unde v\u0103 pute\u021bi savura cafeaua diminea\u021ba.<\/p>\n<p>Dar confortul nu se opre\u0219te la estetic\u0103. Dot\u0103rile de calitate, cum sunt ferestrele \u0219i u\u0219ile exterioare din PVC termopan de ultim\u0103 genera\u021bie, izola\u021bia eficient\u0103 la exterior \u0219i sistemul de \u00eenc\u0103lzire prin pardoseal\u0103 asigur\u0103 un mediu pl\u0103cut tot anul. Dormitorul matrimonial dispune de un dressing spa\u021bios, iar finisajele interioare premium sunt g\u00e2ndite s\u0103 v\u0103 \u00eenc\u00e2nte sim\u021burile \u0219i s\u0103 ofere ambian\u021ba optim\u0103 pentru relaxare \u0219i confort.<\/p>\n<p>\u0218i pentru c\u0103 detaliile fac diferen\u021ba, includem \u0219i un spa\u021biu de parcare privat amplasat la subsolul cl\u0103dirii. Acesta este suficient de larg pentru a g\u0103zdui p\u00e2n\u0103 la patru autoturisme \u0219i include \u0219i spa\u021bii de depozitare, \u00eempreun\u0103 cu acces privat la lift.<\/p>\n<p>\u00cen plus, apartamentul este situat \u00eentr-o zon\u0103 vibrant\u0103 a ora\u0219ului, unde ve\u021bi g\u0103si o multitudine de op\u021biuni de divertisment, restaurante, magazine \u0219i servicii esen\u021biale. Acesta ofer\u0103 un echilibru perfect \u00eentre lini\u0219tea reziden\u021bial\u0103 \u0219i energia urban\u0103.<\/p>\n<p>Dac\u0103 acest apartament sun\u0103 ca fiind locul ideal pentru a \u00eencepe urm\u0103torul capitol din via\u021ba dumneavoastr\u0103, v\u0103 invit\u0103m s\u0103 programa\u021bi o vizionare. Aceast\u0103 proprietate este disponibil\u0103 pentru cump\u0103rare imediat \u0219i a\u0219teapt\u0103 s\u0103 v\u0103 deschid\u0103 por\u021bile c\u0103tre un nou stil de via\u021b\u0103, plin de elegan\u021b\u0103, comfort \u0219i accesibilitate.<\/p>\n<p>Indiferent dac\u0103 sunte\u021bi o familie care cauta\u021b\u0103 spa\u021biu \u0219i securitate sau un profesionist care dore\u0219te un loc de re\u0219edin\u021b\u0103 sofisticat \u0219i bine pozitionat, acest apartament ofer\u0103 toate elementele pentru a v\u0103 satisface nevoile \u0219i a\u0219tept\u0103rile. Nu rata\u021bi oportunitatea de a locui \u00een confort urban de\u021bin\u00e2nd o oaz\u0103 de pace \u0219i lux \u00een mijlocul ora\u0219ului!<\/p>\n<p><a href=\"\/cluj-napoca\/imobiliare-25-118192-se-vinde-apartament-4-camere-in-marasti\/\" class=\"pb-listing-action\">Stabileste o vizionare<\/a><\/p>\n<ul>\n<li><a href=\"\/cluj-napoca\/\">Imobiliare Cluj-Napoca<\/a><\/li>\n<li><a href=\"\/cluj-napoca\/apartamente-vanzare\/\">Apartamente de vanzare Cluj-Napoca<\/a><\/li>\n<li><a href=\"\/cluj-napoca\/apartamente-vanzare\/4-camere\/\">Apartamente cu 4 camere de vanzare Cluj-Napoca<\/a><\/li>\n<li><a href=\"\/cluj-napoca\/apartamente-vanzare\/marasti\/4-camere\/\">Apartamente cu 4 camere de vanzare M\u0103r\u0103\u0219ti, Cluj-Napoca<\/a><\/li>\n<\/ul>\n\n<!-- ngfb content-buttons begin -->\n<!-- generated on 2026-04-30T15:34:54+00:00 -->\n<div class=\"ngfb-content-buttons\">\n<div class=\"ngfb-buttons en_US\">\n<!-- Email Button --><div class=\"css-button email-button\">\n  <a href=\"mailto:?subject=Share:%20Apartament%20Exclusivist%20cu%204%20Camere%2C%20Teras%C4%83%20Ampl%C4%83%20%C8%99i%20Parcare%20Privat%C4%83%20%C3%AEn%20Zon%C4%83%20Semicentral%C4%83&body=Cluj-Napoca%2C%20M%C4%83r%C4%83%C8%99ti%20-%20Apartament%20unicat%20de%204%20camere%2C%20situat%20semicentral%20la%20etajul%204%20cu%20teras%C4%83%20de%20100%20mp.%20Suprafa%C8%9Ba%20util%C4%83%20e%20de%20138%20mp%2C%20include%201%20living%20open%20space%2C%20buc%C4%83t%C4%83rie%2C%203%20dormitoare%2C%202%20b%C4%83i%2C%20%C8%99i%20dressing%20%C3%AEn%20dormitorul%20matrimonial.%20Finisaje%20premium%2C%20central%C4%83%20pe%20gaz%2C%20aer%20condi%C8%9Bionat.%20V%C3%A2ndut%20mobilat%2C%20cu%20parcare%20subteran%C4%83%20de%2080%20mp%20pentru%204%20ma%C8%99ini.%20Disponibil%20imediat%2C%20ideal%20pentru%20cump%C4%83r%C4%83tori%20preten%C8%9Bio%C8%99i%20%C3%AEn%20c%C4%83utarea%20luxului%20%C8%99i%20confortului.%0D%0A%0D%0AShared%20from%20https:\/\/propertybook.ro\/blog\/apartament-exclusivist-cu-4-camere-terasa-ampla-si-parcare-privata-in-zona-semicentrala\/%0D%0A\">\n    <span class=\"ngfb-icon\">\n      <svg xmlns=\"http:\/\/www.w3.org\/2000\/svg\" width=\"9\" height=\"9\" viewBox=\"0 0 28 28\">\n        <path d=\"M20.11 26.147c-2.335 1.05-4.36 1.4-7.124 1.4C6.524 27.548.84 22.916.84 15.284.84 7.343 6.602.45 15.4.45c6.854 0 11.8 4.7 11.8 11.252 0 5.684-3.193 9.265-7.398 9.3-1.83 0-3.153-.934-3.347-2.997h-.077c-1.208 1.986-2.96 2.997-5.023 2.997-2.532 0-4.36-1.868-4.36-5.062 0-4.75 3.503-9.07 9.11-9.07 1.713 0 3.7.4 4.6.972l-1.17 7.203c-.387 2.298-.115 3.3 1 3.4 1.674 0 3.774-2.102 3.774-6.58 0-5.06-3.27-8.994-9.304-8.994C9.05 2.87 3.83 7.545 3.83 14.97c0 6.5 4.2 10.2 10 10.202 1.987 0 4.09-.43 5.647-1.245l.634 2.22zM16.647 10.1c-.31-.078-.7-.155-1.207-.155-2.572 0-4.596 2.53-4.596 5.53 0 1.5.7 2.4 1.9 2.4 1.44 0 2.96-1.83 3.31-4.088l.592-3.72z\" \/>\n      <\/svg>\n    <\/span>\n    <span class=\"ngfb-text\"><\/span>\n  <\/a>\n<\/div><\/div><!-- .ngfb-buttons.en_US -->\n<\/div><!-- .ngfb-content-buttons -->\n<!-- ngfb content-buttons end -->\n\n","protected":false},"excerpt":{"rendered":"<p>Cluj-Napoca, M\u0103r\u0103\u0219ti &#8211; Apartament unicat de 4 camere, situat semicentral la etajul 4 cu teras\u0103 de 100 mp. Suprafa\u021ba util\u0103 e de 138 mp, include 1 living open space, buc\u0103t\u0103rie, 3 dormitoare, 2 b\u0103i, \u0219i dressing \u00een dormitorul matrimonial. Finisaje premium, central\u0103 pe gaz, aer condi\u021bionat. V\u00e2ndut mobilat, cu parcare subteran\u0103 de 80 mp pentru 4 ma\u0219ini. Disponibil imediat, ideal pentru cump\u0103r\u0103tori preten\u021bio\u0219i \u00een c\u0103utarea luxului \u0219i confortului.<\/p>\n","protected":false},"author":8,"featured_media":779,"comment_status":"open","ping_status":"open","sticky":false,"template":"","format":"standard","meta":{"footnotes":""},"categories":[50,48,47],"tags":[93,74,65,91,68,129,92,60,70,85],"class_list":["post-780","post","type-post","status-publish","format-standard","has-post-thumbnail","hentry","category-apartamente-de-vanzare-in-cluj-napoca","category-oferte-imobiliare-in-cluj-napoca","category-oferte","tag-4-camere","tag-balcon","tag-centrala-termica","tag-cluj-napoca","tag-decomandat","tag-etaj-4-6","tag-marasti","tag-parcare","tag-parchet","tag-termopane"],"_links":{"self":[{"href":"https:\/\/propertybook.ro\/blog\/wp-json\/wp\/v2\/posts\/780","targetHints":{"allow":["GET"]}}],"collection":[{"href":"https:\/\/propertybook.ro\/blog\/wp-json\/wp\/v2\/posts"}],"about":[{"href":"https:\/\/propertybook.ro\/blog\/wp-json\/wp\/v2\/types\/post"}],"author":[{"embeddable":true,"href":"https:\/\/propertybook.ro\/blog\/wp-json\/wp\/v2\/users\/8"}],"replies":[{"embeddable":true,"href":"https:\/\/propertybook.ro\/blog\/wp-json\/wp\/v2\/comments?post=780"}],"version-history":[{"count":0,"href":"https:\/\/propertybook.ro\/blog\/wp-json\/wp\/v2\/posts\/780\/revisions"}],"wp:featuredmedia":[{"embeddable":true,"href":"https:\/\/propertybook.ro\/blog\/wp-json\/wp\/v2\/media\/779"}],"wp:attachment":[{"href":"https:\/\/propertybook.ro\/blog\/wp-json\/wp\/v2\/media?parent=780"}],"wp:term":[{"taxonomy":"category","embeddable":true,"href":"https:\/\/propertybook.ro\/blog\/wp-json\/wp\/v2\/categories?post=780"},{"taxonomy":"post_tag","embeddable":true,"href":"https:\/\/propertybook.ro\/blog\/wp-json\/wp\/v2\/tags?post=780"}],"curies":[{"name":"wp","href":"https:\/\/api.w.org\/{rel}","templated":true}]}}