{"id":915,"date":"2024-01-16T15:55:06","date_gmt":"2024-01-16T13:55:06","guid":{"rendered":"https:\/\/propertybook.ro\/blog\/terasa-privata-si-confort-urban-apartament-de-inchiriat-cu-3-camere-in-piata-dorobanti\/"},"modified":"2024-01-16T15:55:06","modified_gmt":"2024-01-16T13:55:06","slug":"terasa-privata-si-confort-urban-apartament-de-inchiriat-cu-3-camere-in-piata-dorobanti","status":"publish","type":"post","link":"https:\/\/propertybook.ro\/blog\/terasa-privata-si-confort-urban-apartament-de-inchiriat-cu-3-camere-in-piata-dorobanti\/","title":{"rendered":"Teras\u0103 Privat\u0103 \u0219i Confort Urban: Apartament de \u00cenchiriat cu 3 Camere \u00een Pia\u021ba Doroban\u021bi"},"content":{"rendered":"\n<!-- ngfb content-buttons begin -->\n<!-- generated on 2026-04-30T15:44:46+00:00 -->\n<div class=\"ngfb-content-buttons\">\n<div class=\"ngfb-buttons en_US\">\n<!-- Email Button --><div class=\"css-button email-button\">\n  <a href=\"mailto:?subject=Share:%20Teras%C4%83%20Privat%C4%83%20%C8%99i%20Confort%20Urban%3A%20Apartament%20de%20%C3%8Enchiriat%20cu%203%20Camere%20%C3%AEn%20Pia%C8%9Ba%20Doroban%C8%9Bi&body=Bucure%C8%99ti%2C%20Centrul%20Civic%20-%20De%20%C3%AEnchiriat%20apartament%20de%20trei%20camere%20la%20parter%2C%20%C3%AEn%20zona%20Pia%C8%9Ba%20Doroban%C8%9Bi%2C%20cu%20teras%C4%83%20privat%C4%83%20%C8%99i%20loc%20de%20parcare%20%C3%AEn%20garaj.%20Proprietatea%20este%20complet%20mobilat%C4%83%20%C8%99i%20utilat%C4%83%2C%20dispune%20de%20lift%20%C8%99i%20central%C4%83%20termic%C4%83%20proprie%2C%20gata%20de%20locuit.%20Ideal%20pentru%20cei%20care%20caut%C4%83%20confort%20%C8%99i%20comoditate%20%C3%AEntr-o%20loca%C8%9Bie%20central%C4%83%20%C8%99i%20lini%C8%99tit%C4%83.%20Disponibilitate%20imediat%C4%83.%0D%0A%0D%0AShared%20from%20https:\/\/propertybook.ro\/blog\/terasa-privata-si-confort-urban-apartament-de-inchiriat-cu-3-camere-in-piata-dorobanti\/%0D%0A\">\n    <span class=\"ngfb-icon\">\n      <svg xmlns=\"http:\/\/www.w3.org\/2000\/svg\" width=\"9\" height=\"9\" viewBox=\"0 0 28 28\">\n        <path d=\"M20.11 26.147c-2.335 1.05-4.36 1.4-7.124 1.4C6.524 27.548.84 22.916.84 15.284.84 7.343 6.602.45 15.4.45c6.854 0 11.8 4.7 11.8 11.252 0 5.684-3.193 9.265-7.398 9.3-1.83 0-3.153-.934-3.347-2.997h-.077c-1.208 1.986-2.96 2.997-5.023 2.997-2.532 0-4.36-1.868-4.36-5.062 0-4.75 3.503-9.07 9.11-9.07 1.713 0 3.7.4 4.6.972l-1.17 7.203c-.387 2.298-.115 3.3 1 3.4 1.674 0 3.774-2.102 3.774-6.58 0-5.06-3.27-8.994-9.304-8.994C9.05 2.87 3.83 7.545 3.83 14.97c0 6.5 4.2 10.2 10 10.202 1.987 0 4.09-.43 5.647-1.245l.634 2.22zM16.647 10.1c-.31-.078-.7-.155-1.207-.155-2.572 0-4.596 2.53-4.596 5.53 0 1.5.7 2.4 1.9 2.4 1.44 0 2.96-1.83 3.31-4.088l.592-3.72z\" \/>\n      <\/svg>\n    <\/span>\n    <span class=\"ngfb-text\"><\/span>\n  <\/a>\n<\/div><\/div><!-- .ngfb-buttons.en_US -->\n<\/div><!-- .ngfb-content-buttons -->\n<!-- ngfb content-buttons end -->\n\n\n<!-- ngfb schema image for pinterest pin it button -->\n<div class=\"ngfb-schema-image-for-pinterest\" style=\"display:none;\">\n<img loading=\"lazy\" decoding=\"async\" src=\"https:\/\/propertybook.ro\/blog\/wp-content\/uploads\/2024\/01\/1924362.webp\" width=\"0\" height=\"0\" style=\"width:0;height:0;\" data-pin-description=\"Bucure\u0219ti, Centrul Civic - De &icirc;nchiriat apartament de trei camere la parter, &icirc;n zona Pia\u021ba Doroban\u021bi, cu teras\u0103 privat\u0103 \u0219i loc de parcare &icirc;n garaj. Proprietatea este complet mobilat\u0103 \u0219i utilat\u0103, dispune de lift \u0219i central\u0103 termic\u0103 proprie, gata de locuit. Ideal pentru cei care caut\u0103 confort \u0219i...\" alt=\"\"\/>\n<\/div><!-- .ngfb-schema-image-for-pinterest -->\n\n<figure class=\"wp-block-image size-large\"><img decoding=\"async\" src=\"https:\/\/cdn.propertybook.ro\/conadi.ro\/1924362.webp\" alt=\"\" \/><\/figure>\n<ul>\n<li><a href=\"\/bucuresti\/\">Imobiliare Bucure\u0219ti<\/a><\/li>\n<li><a href=\"\/bucuresti\/apartamente-vanzare\/\">Apartamente de vanzare Bucure\u0219ti<\/a><\/li>\n<li><a href=\"\/bucuresti\/apartamente-vanzare\/3-camere\/\">Apartamente cu 3 camere de vanzare Bucure\u0219ti<\/a><\/li>\n<li><a href=\"\/bucuresti\/apartamente-vanzare\/centrul_civic\/3-camere\/\">Apartamente cu 3 camere de vanzare Centrul Civic, Bucure\u0219ti<\/a><\/li>\n<\/ul>\n<p><a href=\"\/bucuresti\/imobiliare-168-1924362-de-vanzare-3-camere-dorobanti-beller-gradina-proprie\/\" class=\"pb-listing-action\">Detaliile proprietatii<\/a><\/p>\n<p>Titlu: Descoperi\u021bi Oaz\u0103 Urban\u0103 de Lini\u0219te \u0219i Confort \u00een Inima Zonei Doroban\u021bi<\/p>\n<p>Corpul blogului:<\/p>\n<p>Bine a\u021bi venit \u00eentr-un col\u021b de lume unde modernul se \u00eemplete\u0219te armonios cu lini\u0219tea urban\u0103, oferindu-v\u0103 o experien\u021b\u0103 reziden\u021bial\u0103 unic\u0103 \u00een inima unuia dintre cele mai r\u00e2vnite cartiere ale capitalei. Este o pl\u0103cere s\u0103 v\u0103 dezv\u0103luim o proprietate de \u00eenchiriat situat\u0103 strategic \u00een zona Pia\u021ba Doroban\u021bi, un simbol al elegan\u021bei \u0219i stilului de via\u021b\u0103 sofisticat.<\/p>\n<p>Aceast\u0103 proprietate \u00eenc\u00e2nt\u0103toare este compus\u0103 din trei camere generoase \u0219i este gata s\u0103 \u00eent\u00e2mpine chiria\u0219i cu bra\u021bele deschise. Umplut de c\u0103ldura natural\u0103 a soarelui, spa\u021biul la parter eman\u0103 o atmosfer\u0103 acas\u0103 care v\u0103 invit\u0103 s\u0103 v\u0103 relaxa\u021bi \u0219i s\u0103 v\u0103 destinde\u021bi dup\u0103 o zi agitat\u0103 \u00een ora\u0219.<\/p>\n<p>Unul dintre punctele forte ale acestui apartament este f\u0103r\u0103 \u00eendoial\u0103 terasa mic\u0103 \u0219i privat\u0103, o retragere \u00eenc\u00e2nt\u0103toare unde v\u0103 pute\u021bi savura cafeaua matinal\u0103 sau pute\u021bi citi cartea preferat\u0103 \u00een serile de var\u0103. Este o adevarat\u0103 raritate urban\u0103, oferindu-v\u0103 bucuria spa\u021biului exterior chiar \u0219i \u00een centrul ora\u0219ului.<\/p>\n<p>Confortul nu este trecut cu vederea, av\u00e2nd \u00een dotare un loc de parcare sigur \u00een garaj. Acest privilegiu va elimina din grija zilnic\u0103 a c\u0103ut\u0103rii unui loc de parcare \u0219i va oferi lini\u0219te sufleteasc\u0103 \u0219tiind c\u0103 vehiculul dvs. este bine p\u0103zit.<\/p>\n<p>Accesibilitatea este de asemenea asigurat\u0103 prin prezen\u021ba unui lift ce v\u0103 faciliteaz\u0103 mobilitatea \u0219i transportul f\u0103r\u0103 a v\u0103 \u00eengrijora de urcu\u0219ul cu sc\u0103rilor. Complet mobilat \u0219i utilat, apartamentul este preg\u0103tit s\u0103 r\u0103spund\u0103 tuturor nevoilor cotidiene. De la electrocasnice p\u00e2n\u0103 la finisaje selectate cu gust, totul este conceput pentru confortul dvs.<\/p>\n<p>Prin sistemul de \u00eenc\u0103lzire individual mul\u021bi se pot bucura de un c\u0103min c\u0103lduros, chiar \u0219i \u00een inima iernilor geroase. Aceasta func\u021bionalitate ofer\u0103 nu doar confort termic, dar \u0219i control deplin asupra cheltuielilor lunare.<\/p>\n<p>Cu disponibilitate imediat\u0103, acest apartament reprezint\u0103 oportunitatea ideal\u0103 pentru cei \u00een c\u0103utare de un nou c\u0103min, \u00eentr-o zon\u0103 lini\u0219tit\u0103 dar central\u0103. Este mai mult dec\u00e2t o simpl\u0103 locuin\u021b\u0103; este un stil de via\u021b\u0103, un refugiu urban, un spa\u021biu ce a\u0219teapt\u0103 s\u0103 fie numit &#8220;acas\u0103&#8221;.<\/p>\n<p>Dac\u0103 sunteti interesat de aceast\u0103 proprietate excep\u021bional\u0103 \u0219i dori\u021bi s\u0103 explora\u021bi posibilitatea de a deveni locatari, v\u0103 \u00eencuraj\u0103m s\u0103 programa\u021bi o vizionare. Aceast\u0103 bijuterie ascuns\u0103 \u00een inima ora\u0219ului nu va fi disponibil\u0103 la nesf\u00e2r\u0219it, a\u0219a c\u0103 asigura\u021bi-v\u0103 c\u0103 nu pierde\u021bi aceast\u0103 oportunitate rara!<\/p>\n<p>Vizitarea este cheia pentru a v\u0103 convinge c\u0103 acest apartament este preg\u0103tit s\u0103 devin\u0103 urm\u0103toarea dumneavoastr\u0103 cas\u0103. L\u0103sa\u021bi-v\u0103 vr\u0103jit de calitatea \u0219i confortul pe care le ofer\u0103 aceast\u0103 proprietate \u00een centrul vie\u021bii urbane.<\/p>\n<p><a href=\"\/bucuresti\/imobiliare-168-1924362-de-vanzare-3-camere-dorobanti-beller-gradina-proprie\/\" class=\"pb-listing-action\">Stabileste o vizionare<\/a><\/p>\n<ul>\n<li><a href=\"\/bucuresti\/\">Imobiliare Bucure\u0219ti<\/a><\/li>\n<li><a href=\"\/bucuresti\/apartamente-vanzare\/\">Apartamente de vanzare Bucure\u0219ti<\/a><\/li>\n<li><a href=\"\/bucuresti\/apartamente-vanzare\/3-camere\/\">Apartamente cu 3 camere de vanzare Bucure\u0219ti<\/a><\/li>\n<li><a href=\"\/bucuresti\/apartamente-vanzare\/centrul_civic\/3-camere\/\">Apartamente cu 3 camere de vanzare Centrul Civic, Bucure\u0219ti<\/a><\/li>\n<\/ul>\n\n<!-- ngfb content-buttons begin -->\n<!-- generated on 2026-04-30T15:44:46+00:00 -->\n<div class=\"ngfb-content-buttons\">\n<div class=\"ngfb-buttons en_US\">\n<!-- Email Button --><div class=\"css-button email-button\">\n  <a href=\"mailto:?subject=Share:%20Teras%C4%83%20Privat%C4%83%20%C8%99i%20Confort%20Urban%3A%20Apartament%20de%20%C3%8Enchiriat%20cu%203%20Camere%20%C3%AEn%20Pia%C8%9Ba%20Doroban%C8%9Bi&body=Bucure%C8%99ti%2C%20Centrul%20Civic%20-%20De%20%C3%AEnchiriat%20apartament%20de%20trei%20camere%20la%20parter%2C%20%C3%AEn%20zona%20Pia%C8%9Ba%20Doroban%C8%9Bi%2C%20cu%20teras%C4%83%20privat%C4%83%20%C8%99i%20loc%20de%20parcare%20%C3%AEn%20garaj.%20Proprietatea%20este%20complet%20mobilat%C4%83%20%C8%99i%20utilat%C4%83%2C%20dispune%20de%20lift%20%C8%99i%20central%C4%83%20termic%C4%83%20proprie%2C%20gata%20de%20locuit.%20Ideal%20pentru%20cei%20care%20caut%C4%83%20confort%20%C8%99i%20comoditate%20%C3%AEntr-o%20loca%C8%9Bie%20central%C4%83%20%C8%99i%20lini%C8%99tit%C4%83.%20Disponibilitate%20imediat%C4%83.%0D%0A%0D%0AShared%20from%20https:\/\/propertybook.ro\/blog\/terasa-privata-si-confort-urban-apartament-de-inchiriat-cu-3-camere-in-piata-dorobanti\/%0D%0A\">\n    <span class=\"ngfb-icon\">\n      <svg xmlns=\"http:\/\/www.w3.org\/2000\/svg\" width=\"9\" height=\"9\" viewBox=\"0 0 28 28\">\n        <path d=\"M20.11 26.147c-2.335 1.05-4.36 1.4-7.124 1.4C6.524 27.548.84 22.916.84 15.284.84 7.343 6.602.45 15.4.45c6.854 0 11.8 4.7 11.8 11.252 0 5.684-3.193 9.265-7.398 9.3-1.83 0-3.153-.934-3.347-2.997h-.077c-1.208 1.986-2.96 2.997-5.023 2.997-2.532 0-4.36-1.868-4.36-5.062 0-4.75 3.503-9.07 9.11-9.07 1.713 0 3.7.4 4.6.972l-1.17 7.203c-.387 2.298-.115 3.3 1 3.4 1.674 0 3.774-2.102 3.774-6.58 0-5.06-3.27-8.994-9.304-8.994C9.05 2.87 3.83 7.545 3.83 14.97c0 6.5 4.2 10.2 10 10.202 1.987 0 4.09-.43 5.647-1.245l.634 2.22zM16.647 10.1c-.31-.078-.7-.155-1.207-.155-2.572 0-4.596 2.53-4.596 5.53 0 1.5.7 2.4 1.9 2.4 1.44 0 2.96-1.83 3.31-4.088l.592-3.72z\" \/>\n      <\/svg>\n    <\/span>\n    <span class=\"ngfb-text\"><\/span>\n  <\/a>\n<\/div><\/div><!-- .ngfb-buttons.en_US -->\n<\/div><!-- .ngfb-content-buttons -->\n<!-- ngfb content-buttons end -->\n\n","protected":false},"excerpt":{"rendered":"<p>Bucure\u0219ti, Centrul Civic &#8211; De \u00eenchiriat apartament de trei camere la parter, \u00een zona Pia\u021ba Doroban\u021bi, cu teras\u0103 privat\u0103 \u0219i loc de parcare \u00een garaj. Proprietatea este complet mobilat\u0103 \u0219i utilat\u0103, dispune de lift \u0219i central\u0103 termic\u0103 proprie, gata de locuit. Ideal pentru cei care caut\u0103 confort \u0219i comoditate \u00eentr-o loca\u021bie central\u0103 \u0219i lini\u0219tit\u0103. Disponibilitate imediat\u0103.<\/p>\n","protected":false},"author":8,"featured_media":914,"comment_status":"open","ping_status":"open","sticky":false,"template":"","format":"standard","meta":{"footnotes":""},"categories":[52,49,47],"tags":[55,130,89,90,68,69,60],"class_list":["post-915","post","type-post","status-publish","format-standard","has-post-thumbnail","hentry","category-apartamente-de-vanzare-bucuresti","category-oferte-imobiliare-bucuresti","category-oferte","tag-3-camere","tag-an-const-2008","tag-bucuresti","tag-centrul-civic","tag-decomandat","tag-garaj","tag-parcare"],"_links":{"self":[{"href":"https:\/\/propertybook.ro\/blog\/wp-json\/wp\/v2\/posts\/915","targetHints":{"allow":["GET"]}}],"collection":[{"href":"https:\/\/propertybook.ro\/blog\/wp-json\/wp\/v2\/posts"}],"about":[{"href":"https:\/\/propertybook.ro\/blog\/wp-json\/wp\/v2\/types\/post"}],"author":[{"embeddable":true,"href":"https:\/\/propertybook.ro\/blog\/wp-json\/wp\/v2\/users\/8"}],"replies":[{"embeddable":true,"href":"https:\/\/propertybook.ro\/blog\/wp-json\/wp\/v2\/comments?post=915"}],"version-history":[{"count":0,"href":"https:\/\/propertybook.ro\/blog\/wp-json\/wp\/v2\/posts\/915\/revisions"}],"wp:featuredmedia":[{"embeddable":true,"href":"https:\/\/propertybook.ro\/blog\/wp-json\/wp\/v2\/media\/914"}],"wp:attachment":[{"href":"https:\/\/propertybook.ro\/blog\/wp-json\/wp\/v2\/media?parent=915"}],"wp:term":[{"taxonomy":"category","embeddable":true,"href":"https:\/\/propertybook.ro\/blog\/wp-json\/wp\/v2\/categories?post=915"},{"taxonomy":"post_tag","embeddable":true,"href":"https:\/\/propertybook.ro\/blog\/wp-json\/wp\/v2\/tags?post=915"}],"curies":[{"name":"wp","href":"https:\/\/api.w.org\/{rel}","templated":true}]}}