{"id":939,"date":"2024-01-18T17:46:00","date_gmt":"2024-01-18T15:46:00","guid":{"rendered":"https:\/\/propertybook.ro\/blog\/oportunitate-de-locuinta-noua-apartament-2-camere-amenajat-zona-calvaria-manastur\/"},"modified":"2024-01-18T17:46:00","modified_gmt":"2024-01-18T15:46:00","slug":"oportunitate-de-locuinta-noua-apartament-2-camere-amenajat-zona-calvaria-manastur","status":"publish","type":"post","link":"https:\/\/propertybook.ro\/blog\/oportunitate-de-locuinta-noua-apartament-2-camere-amenajat-zona-calvaria-manastur\/","title":{"rendered":"Oportunitate de Locuinta Noua &#8211; Apartament 2 Camere Amenajat, Zona Calvaria Manastur"},"content":{"rendered":"\n<!-- ngfb content-buttons begin -->\n<!-- generated on 2026-04-30T13:33:25+00:00 -->\n<div class=\"ngfb-content-buttons\">\n<div class=\"ngfb-buttons en_US\">\n<!-- Email Button --><div class=\"css-button email-button\">\n  <a href=\"mailto:?subject=Share:%20Oportunitate%20de%20Locuinta%20Noua%20%26%238211%3B%20Apartament%202%20Camere%20Amenajat%2C%20Zona%20Calvaria%20Manastur&body=Cluj-Napoca%2C%20M%C4%83n%C4%83%C8%99tur%20-%20De%20v%C3%A2nzare%20apartament%20cu%202%20camere%20%C3%AEn%20Manastur%2C%20zona%20Calvaria%2C%20situat%20la%20demisolul%20unui%20imobil%20nou.%20Are%20o%20suprafa%C8%9B%C4%83%20de%2055%20mp%2C%20cu%20finisaje%20moderne%3A%20parchet%20laminat%2C%20vopsea%20lavabil%C4%83%2C%20gresie%20%C8%99i%20faian%C8%9B%C4%83%20%C3%AEn%20baie%20%C8%99i%20buc%C4%83t%C4%83rie%2C%20u%C8%99i%20din%20lemn%20%C8%99i%20central%C4%83%20termic%C4%83.%20Compartimentat%20%C3%AEn%20sufragerie%20open%20space%2C%20dormitor%20%C8%99i%20baie.%0D%0A%0D%0AShared%20from%20https:\/\/propertybook.ro\/blog\/oportunitate-de-locuinta-noua-apartament-2-camere-amenajat-zona-calvaria-manastur\/%0D%0A\">\n    <span class=\"ngfb-icon\">\n      <svg xmlns=\"http:\/\/www.w3.org\/2000\/svg\" width=\"9\" height=\"9\" viewBox=\"0 0 28 28\">\n        <path d=\"M20.11 26.147c-2.335 1.05-4.36 1.4-7.124 1.4C6.524 27.548.84 22.916.84 15.284.84 7.343 6.602.45 15.4.45c6.854 0 11.8 4.7 11.8 11.252 0 5.684-3.193 9.265-7.398 9.3-1.83 0-3.153-.934-3.347-2.997h-.077c-1.208 1.986-2.96 2.997-5.023 2.997-2.532 0-4.36-1.868-4.36-5.062 0-4.75 3.503-9.07 9.11-9.07 1.713 0 3.7.4 4.6.972l-1.17 7.203c-.387 2.298-.115 3.3 1 3.4 1.674 0 3.774-2.102 3.774-6.58 0-5.06-3.27-8.994-9.304-8.994C9.05 2.87 3.83 7.545 3.83 14.97c0 6.5 4.2 10.2 10 10.202 1.987 0 4.09-.43 5.647-1.245l.634 2.22zM16.647 10.1c-.31-.078-.7-.155-1.207-.155-2.572 0-4.596 2.53-4.596 5.53 0 1.5.7 2.4 1.9 2.4 1.44 0 2.96-1.83 3.31-4.088l.592-3.72z\" \/>\n      <\/svg>\n    <\/span>\n    <span class=\"ngfb-text\"><\/span>\n  <\/a>\n<\/div><\/div><!-- .ngfb-buttons.en_US -->\n<\/div><!-- .ngfb-content-buttons -->\n<!-- ngfb content-buttons end -->\n\n\n<!-- ngfb schema image for pinterest pin it button -->\n<div class=\"ngfb-schema-image-for-pinterest\" style=\"display:none;\">\n<img loading=\"lazy\" decoding=\"async\" src=\"https:\/\/propertybook.ro\/blog\/wp-content\/uploads\/2024\/01\/140096.webp\" width=\"0\" height=\"0\" style=\"width:0;height:0;\" data-pin-description=\"Cluj-Napoca, M\u0103n\u0103\u0219tur - De v&acirc;nzare apartament cu 2 camere &icirc;n Manastur, zona Calvaria, situat la demisolul unui imobil nou. Are o suprafa\u021b\u0103 de 55 mp, cu finisaje moderne: parchet laminat, vopsea lavabil\u0103, gresie \u0219i faian\u021b\u0103 &icirc;n baie \u0219i buc\u0103t\u0103rie, u\u0219i din lemn \u0219i central\u0103 termic\u0103. Compartimentat &icirc;n...\" alt=\"\"\/>\n<\/div><!-- .ngfb-schema-image-for-pinterest -->\n\n<figure class=\"wp-block-image size-large\"><img decoding=\"async\" src=\"https:\/\/cdn.propertybook.ro\/napoca_imobiliare\/140096.webp\" alt=\"\" \/><\/figure>\n<ul>\n<li><a href=\"\/cluj-napoca\/\">Imobiliare Cluj-Napoca<\/a><\/li>\n<li><a href=\"\/cluj-napoca\/apartamente-vanzare\/\">Apartamente de vanzare Cluj-Napoca<\/a><\/li>\n<li><a href=\"\/cluj-napoca\/apartamente-vanzare\/2-camere\/\">Apartamente cu 2 camere de vanzare Cluj-Napoca<\/a><\/li>\n<li><a href=\"\/cluj-napoca\/apartamente-vanzare\/manastur\/2-camere\/\">Apartamente cu 2 camere de vanzare M\u0103n\u0103\u0219tur, Cluj-Napoca<\/a><\/li>\n<\/ul>\n<p><a href=\"\/cluj-napoca\/imobiliare-25-140096-vanzare-apartament-2-camere-in-manastur\/\" class=\"pb-listing-action\">Detaliile proprietatii<\/a><\/p>\n<p><h2 class=\"wp-block-heading\">Descoperi\u021bi Confortul Modern: Apartament Inc\u00e2nt\u0103tor cu 2 Camere \u00een Cartierul Manastur<\/h2>\n<p>C\u00e2nd v\u0103 g\u00e2ndi\u021bi la confort, intimitate \u0219i modernism, este posibil s\u0103 v\u0103 imagina\u021bi un loc pe care \u00eel pute\u021bi numi cu bucurie \u201eacas\u0103\u201d. Se spune c\u0103 dragostea \u00eencepe \u00eentre pere\u021bii propriului c\u0103min \u0219i, tocmai de aceea, este o deosebit\u0103 pl\u0103cere s\u0103 v\u0103 prezent\u0103m o proprietate care se \u00eencadreaz\u0103 perfect \u00een acest tablou: un apartament inc\u00e2nt\u0103tor cu dou\u0103 camere, situat \u00een inima cartierului Manastur, aproape de zona istoric\u0103 Calvaria Manastur.<\/p>\n<p><h2 class=\"wp-block-heading\">O Loca\u021bie Privilegiat\u0103<\/h2>\n<p>Cartierul Manastur este recunoscut pentru atmosfera sa vibrant\u0103 \u0219i comoditatea oferit\u0103 reziden\u021bilor s\u0103i. Afl\u00e2ndu-se la o arunc\u0103tur\u0103 de b\u0103\u021b de centrul aglomerat, dar totu\u0219i ferit de zgomotul urban, cartierul ofer\u0103 acces facil la numeroase facilit\u0103\u021bi: magazine, restaurante, parcuri \u0219i spa\u021bii de recreere. Este locul ideal pentru cei care doresc s\u0103 combine nevoia de lini\u0219te a vie\u021bii reziden\u021biale cu pulsul ora\u0219ului.<\/p>\n<p><h2 class=\"wp-block-heading\">Detalii Imobil<\/h2>\n<p>Apartamentul proasp\u0103t prezentat pe pia\u021ba imobiliar\u0103 se situeaz\u0103 la demisolul unui imobil nou, ce dispune de 4 nivele. Intimitatea \u0219i lini\u0219tea sunt la ele acas\u0103 \u00een acest ansamblu arhitectural care num\u0103r\u0103 doar c\u00e2teva unit\u0103\u021bi locative.<\/p>\n<p>Cu o suprafa\u021b\u0103 util\u0103 de 55 mp, apartamentul este compartimentat cu inteligen\u021b\u0103 \u0219i gust estetic, culmin\u00e2nd cu un spa\u021biu de locuit ce ofer\u0103 tot confortul necesar unei familii moderne sau unui cuplu \u00een c\u0103utarea primului lor c\u0103min. Camera principal\u0103 combin\u0103 bucat\u0103ria cu sufrageria \u00eentr-un open space generos, care eman\u0103 c\u0103ldur\u0103 \u0219i elegan\u021b\u0103, \u00een timp ce dormitorul asigur\u0103 intimitatea necesar\u0103 odihnei \u0219i relax\u0103rii.<\/p>\n<p><h2 class=\"wp-block-heading\">Finisaje \u0219i Dot\u0103ri<\/h2>\n<p>La interior, apartamentul str\u0103luce\u0219te prin finisaje moderne. Podelele sunt \u00eembr\u0103cate \u00een parchet laminat, u\u0219ile interioare sunt din lemn, oferind un aspect clasic \u0219i durabilitate, pe c\u00e2nd u\u0219a principal\u0103, de asemenea din lemn, promite securitate \u0219i confiden\u021bialitate. Peretele pictat cu vopsea lavabil\u0103 confer\u0103 un aer proasp\u0103t \u0219i curat, iar combina\u021bia de gresie \u0219i faian\u021b\u0103 modern\u0103 din baie \u0219i buc\u0103t\u0103rie este \u0219i ea de remarcat.<\/p>\n<p>Pentru iubitorii de confort \u0219i eficien\u021b\u0103, este vitale s\u0103 men\u021bion\u0103m c\u0103 locuin\u021ba dispune de \u00eenc\u0103lzire prin central\u0103 termic\u0103 proprie, asigur\u00e2nd un control optim al temperaturii \u0219i costurilor asociate.<\/p>\n<p><h2 class=\"wp-block-heading\">Concluzie<\/h2>\n<p>Dac\u0103 visezi la un spa\u021biu ce eman\u0103 personalitate \u0219i confort, \u00eentr-o loca\u021bie excelent\u0103, acest apartament cu dou\u0103 camere poate fi exact ceea ce cau\u021bi. Prinde oportunitatea de a tr\u0103i \u00eentr-un c\u0103min modern, ce promite s\u0103 fie o oaz\u0103 de lini\u0219te \u00een mijlocul vie\u021bii urbane efervescente.<\/p>\n<p>**Important de re\u021binut:** \u00cen cazul \u00een care aceast\u0103 proprietate a trezit interesul dumneavoastr\u0103 \u0219i dori\u021bi s\u0103 afla\u021bi mai multe detalii sau s\u0103 planifica\u021bi o vizionare, nu ezita\u021bi s\u0103 lua\u021bi leg\u0103tura pentru a discuta aceste aspecte \u00een detaliu.<\/p>\n<p><a href=\"\/cluj-napoca\/imobiliare-25-140096-vanzare-apartament-2-camere-in-manastur\/\" class=\"pb-listing-action\">Stabileste o vizionare<\/a><\/p>\n<ul>\n<li><a href=\"\/cluj-napoca\/\">Imobiliare Cluj-Napoca<\/a><\/li>\n<li><a href=\"\/cluj-napoca\/apartamente-vanzare\/\">Apartamente de vanzare Cluj-Napoca<\/a><\/li>\n<li><a href=\"\/cluj-napoca\/apartamente-vanzare\/2-camere\/\">Apartamente cu 2 camere de vanzare Cluj-Napoca<\/a><\/li>\n<li><a href=\"\/cluj-napoca\/apartamente-vanzare\/manastur\/2-camere\/\">Apartamente cu 2 camere de vanzare M\u0103n\u0103\u0219tur, Cluj-Napoca<\/a><\/li>\n<\/ul>\n\n<!-- ngfb content-buttons begin -->\n<!-- generated on 2026-04-30T13:33:25+00:00 -->\n<div class=\"ngfb-content-buttons\">\n<div class=\"ngfb-buttons en_US\">\n<!-- Email Button --><div class=\"css-button email-button\">\n  <a href=\"mailto:?subject=Share:%20Oportunitate%20de%20Locuinta%20Noua%20%26%238211%3B%20Apartament%202%20Camere%20Amenajat%2C%20Zona%20Calvaria%20Manastur&body=Cluj-Napoca%2C%20M%C4%83n%C4%83%C8%99tur%20-%20De%20v%C3%A2nzare%20apartament%20cu%202%20camere%20%C3%AEn%20Manastur%2C%20zona%20Calvaria%2C%20situat%20la%20demisolul%20unui%20imobil%20nou.%20Are%20o%20suprafa%C8%9B%C4%83%20de%2055%20mp%2C%20cu%20finisaje%20moderne%3A%20parchet%20laminat%2C%20vopsea%20lavabil%C4%83%2C%20gresie%20%C8%99i%20faian%C8%9B%C4%83%20%C3%AEn%20baie%20%C8%99i%20buc%C4%83t%C4%83rie%2C%20u%C8%99i%20din%20lemn%20%C8%99i%20central%C4%83%20termic%C4%83.%20Compartimentat%20%C3%AEn%20sufragerie%20open%20space%2C%20dormitor%20%C8%99i%20baie.%0D%0A%0D%0AShared%20from%20https:\/\/propertybook.ro\/blog\/oportunitate-de-locuinta-noua-apartament-2-camere-amenajat-zona-calvaria-manastur\/%0D%0A\">\n    <span class=\"ngfb-icon\">\n      <svg xmlns=\"http:\/\/www.w3.org\/2000\/svg\" width=\"9\" height=\"9\" viewBox=\"0 0 28 28\">\n        <path d=\"M20.11 26.147c-2.335 1.05-4.36 1.4-7.124 1.4C6.524 27.548.84 22.916.84 15.284.84 7.343 6.602.45 15.4.45c6.854 0 11.8 4.7 11.8 11.252 0 5.684-3.193 9.265-7.398 9.3-1.83 0-3.153-.934-3.347-2.997h-.077c-1.208 1.986-2.96 2.997-5.023 2.997-2.532 0-4.36-1.868-4.36-5.062 0-4.75 3.503-9.07 9.11-9.07 1.713 0 3.7.4 4.6.972l-1.17 7.203c-.387 2.298-.115 3.3 1 3.4 1.674 0 3.774-2.102 3.774-6.58 0-5.06-3.27-8.994-9.304-8.994C9.05 2.87 3.83 7.545 3.83 14.97c0 6.5 4.2 10.2 10 10.202 1.987 0 4.09-.43 5.647-1.245l.634 2.22zM16.647 10.1c-.31-.078-.7-.155-1.207-.155-2.572 0-4.596 2.53-4.596 5.53 0 1.5.7 2.4 1.9 2.4 1.44 0 2.96-1.83 3.31-4.088l.592-3.72z\" \/>\n      <\/svg>\n    <\/span>\n    <span class=\"ngfb-text\"><\/span>\n  <\/a>\n<\/div><\/div><!-- .ngfb-buttons.en_US -->\n<\/div><!-- .ngfb-content-buttons -->\n<!-- ngfb content-buttons end -->\n\n","protected":false},"excerpt":{"rendered":"<p>Cluj-Napoca, M\u0103n\u0103\u0219tur &#8211; De v\u00e2nzare apartament cu 2 camere \u00een Manastur, zona Calvaria, situat la demisolul unui imobil nou. Are o suprafa\u021b\u0103 de 55 mp, cu finisaje moderne: parchet laminat, vopsea lavabil\u0103, gresie \u0219i faian\u021b\u0103 \u00een baie \u0219i buc\u0103t\u0103rie, u\u0219i din lemn \u0219i central\u0103 termic\u0103. Compartimentat \u00een sufragerie open space, dormitor \u0219i baie.<\/p>\n","protected":false},"author":8,"featured_media":938,"comment_status":"open","ping_status":"open","sticky":false,"template":"","format":"standard","meta":{"footnotes":""},"categories":[50,48,47],"tags":[62,65,91,162,123,70,63],"class_list":["post-939","post","type-post","status-publish","format-standard","has-post-thumbnail","hentry","category-apartamente-de-vanzare-in-cluj-napoca","category-oferte-imobiliare-in-cluj-napoca","category-oferte","tag-2-camere","tag-centrala-termica","tag-cluj-napoca","tag-etaj-1-4-2","tag-manastur","tag-parchet","tag-semidecomandat"],"_links":{"self":[{"href":"https:\/\/propertybook.ro\/blog\/wp-json\/wp\/v2\/posts\/939","targetHints":{"allow":["GET"]}}],"collection":[{"href":"https:\/\/propertybook.ro\/blog\/wp-json\/wp\/v2\/posts"}],"about":[{"href":"https:\/\/propertybook.ro\/blog\/wp-json\/wp\/v2\/types\/post"}],"author":[{"embeddable":true,"href":"https:\/\/propertybook.ro\/blog\/wp-json\/wp\/v2\/users\/8"}],"replies":[{"embeddable":true,"href":"https:\/\/propertybook.ro\/blog\/wp-json\/wp\/v2\/comments?post=939"}],"version-history":[{"count":0,"href":"https:\/\/propertybook.ro\/blog\/wp-json\/wp\/v2\/posts\/939\/revisions"}],"wp:featuredmedia":[{"embeddable":true,"href":"https:\/\/propertybook.ro\/blog\/wp-json\/wp\/v2\/media\/938"}],"wp:attachment":[{"href":"https:\/\/propertybook.ro\/blog\/wp-json\/wp\/v2\/media?parent=939"}],"wp:term":[{"taxonomy":"category","embeddable":true,"href":"https:\/\/propertybook.ro\/blog\/wp-json\/wp\/v2\/categories?post=939"},{"taxonomy":"post_tag","embeddable":true,"href":"https:\/\/propertybook.ro\/blog\/wp-json\/wp\/v2\/tags?post=939"}],"curies":[{"name":"wp","href":"https:\/\/api.w.org\/{rel}","templated":true}]}}