{"id":957,"date":"2024-01-22T15:45:55","date_gmt":"2024-01-22T13:45:55","guid":{"rendered":"https:\/\/propertybook.ro\/blog\/apartament-modern-cu-3-camere-si-garaj-in-piata-mihai-viteazul\/"},"modified":"2024-01-22T15:45:55","modified_gmt":"2024-01-22T13:45:55","slug":"apartament-modern-cu-3-camere-si-garaj-in-piata-mihai-viteazul","status":"publish","type":"post","link":"https:\/\/propertybook.ro\/blog\/apartament-modern-cu-3-camere-si-garaj-in-piata-mihai-viteazul\/","title":{"rendered":"Apartament modern cu 3 camere \u0219i garaj \u00een Piata Mihai Viteazul"},"content":{"rendered":"\n<!-- ngfb content-buttons begin -->\n<!-- generated on 2026-04-30T21:34:27+00:00 -->\n<div class=\"ngfb-content-buttons\">\n<div class=\"ngfb-buttons en_US\">\n<!-- Email Button --><div class=\"css-button email-button\">\n  <a href=\"mailto:?subject=Share:%20Apartament%20modern%20cu%203%20camere%20%C8%99i%20garaj%20%C3%AEn%20Piata%20Mihai%20Viteazul&body=Cluj-Napoca%2C%20Centru%20-%20De%20vanzare%20apartament%20cu%203%20camere%20in%20Piata%20Mihai%20Viteazul%2C%20etaj%201%2F4%2C%2069%20mp%20utili%2C%201%20balcon.%20Include%202%20dormitor%2C%20living%20spatios%2C%20bucatarie%2C%20baie%2C%20hol%2C%20finisaje%20moderne.%20Dotat%20cu%20centrala%20proprie%2C%20tamplarie%20PVC%2C%20izolatie%20termica.%20Pre%C8%9Bul%20include%20garaj.%20Zona%20centrala%2C%20aproape%20de%20transport%2C%20scoli%2C%20magazine.%0D%0A%0D%0AShared%20from%20https:\/\/propertybook.ro\/blog\/apartament-modern-cu-3-camere-si-garaj-in-piata-mihai-viteazul\/%0D%0A\">\n    <span class=\"ngfb-icon\">\n      <svg xmlns=\"http:\/\/www.w3.org\/2000\/svg\" width=\"9\" height=\"9\" viewBox=\"0 0 28 28\">\n        <path d=\"M20.11 26.147c-2.335 1.05-4.36 1.4-7.124 1.4C6.524 27.548.84 22.916.84 15.284.84 7.343 6.602.45 15.4.45c6.854 0 11.8 4.7 11.8 11.252 0 5.684-3.193 9.265-7.398 9.3-1.83 0-3.153-.934-3.347-2.997h-.077c-1.208 1.986-2.96 2.997-5.023 2.997-2.532 0-4.36-1.868-4.36-5.062 0-4.75 3.503-9.07 9.11-9.07 1.713 0 3.7.4 4.6.972l-1.17 7.203c-.387 2.298-.115 3.3 1 3.4 1.674 0 3.774-2.102 3.774-6.58 0-5.06-3.27-8.994-9.304-8.994C9.05 2.87 3.83 7.545 3.83 14.97c0 6.5 4.2 10.2 10 10.202 1.987 0 4.09-.43 5.647-1.245l.634 2.22zM16.647 10.1c-.31-.078-.7-.155-1.207-.155-2.572 0-4.596 2.53-4.596 5.53 0 1.5.7 2.4 1.9 2.4 1.44 0 2.96-1.83 3.31-4.088l.592-3.72z\" \/>\n      <\/svg>\n    <\/span>\n    <span class=\"ngfb-text\"><\/span>\n  <\/a>\n<\/div><\/div><!-- .ngfb-buttons.en_US -->\n<\/div><!-- .ngfb-content-buttons -->\n<!-- ngfb content-buttons end -->\n\n\n<!-- ngfb schema image for pinterest pin it button -->\n<div class=\"ngfb-schema-image-for-pinterest\" style=\"display:none;\">\n<img loading=\"lazy\" decoding=\"async\" src=\"https:\/\/propertybook.ro\/blog\/wp-content\/uploads\/2024\/01\/140325.webp\" width=\"0\" height=\"0\" style=\"width:0;height:0;\" data-pin-description=\"Cluj-Napoca, Centru - De vanzare apartament cu 3 camere in Piata Mihai Viteazul, etaj 1\/4, 69 mp utili, 1 balcon. Include 2 dormitor, living spatios, bucatarie, baie, hol, finisaje moderne. Dotat cu centrala proprie, tamplarie PVC, izolatie termica. Pre\u021bul include garaj. Zona centrala, aproape...\" alt=\"\"\/>\n<\/div><!-- .ngfb-schema-image-for-pinterest -->\n\n<figure class=\"wp-block-image size-large\"><img decoding=\"async\" src=\"https:\/\/cdn.propertybook.ro\/napoca_imobiliare\/140325.webp\" alt=\"\" \/><\/figure>\n<ul>\n<li><a href=\"\/cluj-napoca\/\">Imobiliare Cluj-Napoca<\/a><\/li>\n<li><a href=\"\/cluj-napoca\/apartamente-vanzare\/\">Apartamente de vanzare Cluj-Napoca<\/a><\/li>\n<li><a href=\"\/cluj-napoca\/apartamente-vanzare\/3-camere\/\">Apartamente cu 3 camere de vanzare Cluj-Napoca<\/a><\/li>\n<li><a href=\"\/cluj-napoca\/apartamente-vanzare\/centru\/3-camere\/\">Apartamente cu 3 camere de vanzare Centru, Cluj-Napoca<\/a><\/li>\n<\/ul>\n<p><a href=\"\/cluj-napoca\/imobiliare-25-140325-de-vanzare-apartament-3-camere-in-centru\/\" class=\"pb-listing-action\">Detaliile proprietatii<\/a><\/p>\n<p><h2 class=\"wp-block-heading\">Descoperi\u021bi Un Apartament Cu 3 Camere \u00een Inima Ora\u0219ului<\/h2>\n<p>Sunte\u021bi \u00een c\u0103utarea unei locuin\u021be \u00eentr-o zon\u0103 central\u0103, cu acces la facilit\u0103\u021bile urbane \u0219i un plus de confort? V\u0103 invit\u0103m s\u0103 explora\u021bi o proprietate excep\u021bional\u0103 ce se distinge prin amenajare, localizare \u0219i comoditate!<\/p>\n<p><h2 class=\"wp-block-heading\">Loca\u021bie Privilegiat\u0103<\/h2>\n<p>G\u0103si\u021bi-v\u0103 o oaz\u0103 de lini\u0219te \u00een inima ora\u0219ului, la c\u00e2\u021biva pa\u0219i de efervescen\u021ba \u0219i cultura centrului urban. Situat strategic \u00een apropierea Pie\u021bei Mihai Viteazul, acest apartament cu trei camere v\u0103 a\u0219teapt\u0103 s\u0103 deveni\u021bi parte din vitalitatea \u0219i istoria zonei. Plimb\u0103rile relaxante prin Parcul Central, vizitele la muzee \u0219i proximitatea fa\u021b\u0103 de centrele de divertisment vor deveni partea preferat\u0103 a rutinei dumneavoastr\u0103 zilnice.<\/p>\n<p><h2 class=\"wp-block-heading\">Descriere Proprietate<\/h2>\n<p>V\u0103 prezent\u0103m un apartament spatios, situat la etajul intermediar al unui imobil termic recent reabilitat. Atmosfera cald\u0103 \u0219i primitorie este \u00eent\u00e2mpinat\u0103 de finisaje moderne \u0219i un design interior care subliniaz\u0103 confortul \u0219i func\u021bionalitatea.<\/p>\n<p>Apartamentul se \u00eentinde pe o suprafa\u021b\u0103 util\u0103 de 69 mp, dispun\u00e2nd de dou\u0103 dormitoare confortabile \u0219i un living generos cu ie\u0219ire pe un balcon aerisit. Buc\u0103t\u0103ria v\u0103 va inspira s\u0103 crea\u021bi feluri de m\u00e2ncare delicioase, iar baia elegant\u0103, \u00een tonuri neutre, este dotat\u0103 cu gresie \u0219i faiant\u0103 moderne. Holurile spa\u021bioase des\u0103v\u00e2r\u0219esc sentimentul de acas\u0103 oferit de acest loc special.<\/p>\n<p><h2 class=\"wp-block-heading\">Finisaje \u0219i Dot\u0103ri <\/h2>\n<p>Aten\u021bia la detalii se observ\u0103 prin calitatea finisajelor: pardoseal\u0103 cu parchet laminat durabil, pere\u021bi decora\u021bi cu vopsea lavabil\u0103 \u00een culori calde \u0219i tamplarie termoizolant\u0103 din PVC pentru o izolare eficient\u0103. Securitatea nu este neglijat\u0103, gra\u021bie u\u0219ii de la intrare, care este din metal, asigur\u00e2ndu-v\u0103 lini\u0219tea sufleteasc\u0103.<\/p>\n<p><h2 class=\"wp-block-heading\">Confort Termic Asigurat<\/h2>\n<p>Confortul termic este garantat de o central\u0103 proprie \u0219i izola\u021bie de calitate superioar\u0103, astfel \u00eenc\u00e2t s\u0103 beneficia\u021bi de economie \u0219i eficien\u021b\u0103 energetic\u0103 pe tot parcursul anului.<\/p>\n<p><h2 class=\"wp-block-heading\">Parcare Inclus\u0103<\/h2>\n<p>Pentru a r\u0103spunde nevoilor cotidiene, aceast\u0103 proprietate include un garaj convenabil situat \u00een curtea interioar\u0103, astfel \u00eenc\u00e2t problemele de parcare s\u0103 nu mai constituie un motiv de stres.<\/p>\n<p><h2 class=\"wp-block-heading\">Concluzie<\/h2>\n<p>Dac\u0103 v\u0103 afla\u021bi \u00een c\u0103utarea unui spa\u021biu care s\u0103 combine armonios confortul, localizarea excep\u021bional\u0103 \u0219i accesul la facilit\u0103\u021bile urbane, acest apartament cu 3 camere constituie alegerea perfect\u0103. V\u0103 invit\u0103m s\u0103 descoperi\u021bi un stil de via\u021b\u0103 \u00een care calitatea locuirii este pe m\u0103sura a\u0219tept\u0103rilor dumneavoastr\u0103.<\/p>\n<p>Pentru mai multe detalii \u0219i pentru a programa o vizionare personal\u0103, nu ezita\u021bi s\u0103 ne contacta\u021bi. A\u0219tept\u0103m cu entuziasm s\u0103 v\u0103 ghid\u0103m spre noua dumneavoastr\u0103 cas\u0103 de vis!<\/p>\n<p><a href=\"\/cluj-napoca\/imobiliare-25-140325-de-vanzare-apartament-3-camere-in-centru\/\" class=\"pb-listing-action\">Stabileste o vizionare<\/a><\/p>\n<ul>\n<li><a href=\"\/cluj-napoca\/\">Imobiliare Cluj-Napoca<\/a><\/li>\n<li><a href=\"\/cluj-napoca\/apartamente-vanzare\/\">Apartamente de vanzare Cluj-Napoca<\/a><\/li>\n<li><a href=\"\/cluj-napoca\/apartamente-vanzare\/3-camere\/\">Apartamente cu 3 camere de vanzare Cluj-Napoca<\/a><\/li>\n<li><a href=\"\/cluj-napoca\/apartamente-vanzare\/centru\/3-camere\/\">Apartamente cu 3 camere de vanzare Centru, Cluj-Napoca<\/a><\/li>\n<\/ul>\n\n<!-- ngfb content-buttons begin -->\n<!-- generated on 2026-04-30T21:34:27+00:00 -->\n<div class=\"ngfb-content-buttons\">\n<div class=\"ngfb-buttons en_US\">\n<!-- Email Button --><div class=\"css-button email-button\">\n  <a href=\"mailto:?subject=Share:%20Apartament%20modern%20cu%203%20camere%20%C8%99i%20garaj%20%C3%AEn%20Piata%20Mihai%20Viteazul&body=Cluj-Napoca%2C%20Centru%20-%20De%20vanzare%20apartament%20cu%203%20camere%20in%20Piata%20Mihai%20Viteazul%2C%20etaj%201%2F4%2C%2069%20mp%20utili%2C%201%20balcon.%20Include%202%20dormitor%2C%20living%20spatios%2C%20bucatarie%2C%20baie%2C%20hol%2C%20finisaje%20moderne.%20Dotat%20cu%20centrala%20proprie%2C%20tamplarie%20PVC%2C%20izolatie%20termica.%20Pre%C8%9Bul%20include%20garaj.%20Zona%20centrala%2C%20aproape%20de%20transport%2C%20scoli%2C%20magazine.%0D%0A%0D%0AShared%20from%20https:\/\/propertybook.ro\/blog\/apartament-modern-cu-3-camere-si-garaj-in-piata-mihai-viteazul\/%0D%0A\">\n    <span class=\"ngfb-icon\">\n      <svg xmlns=\"http:\/\/www.w3.org\/2000\/svg\" width=\"9\" height=\"9\" viewBox=\"0 0 28 28\">\n        <path d=\"M20.11 26.147c-2.335 1.05-4.36 1.4-7.124 1.4C6.524 27.548.84 22.916.84 15.284.84 7.343 6.602.45 15.4.45c6.854 0 11.8 4.7 11.8 11.252 0 5.684-3.193 9.265-7.398 9.3-1.83 0-3.153-.934-3.347-2.997h-.077c-1.208 1.986-2.96 2.997-5.023 2.997-2.532 0-4.36-1.868-4.36-5.062 0-4.75 3.503-9.07 9.11-9.07 1.713 0 3.7.4 4.6.972l-1.17 7.203c-.387 2.298-.115 3.3 1 3.4 1.674 0 3.774-2.102 3.774-6.58 0-5.06-3.27-8.994-9.304-8.994C9.05 2.87 3.83 7.545 3.83 14.97c0 6.5 4.2 10.2 10 10.202 1.987 0 4.09-.43 5.647-1.245l.634 2.22zM16.647 10.1c-.31-.078-.7-.155-1.207-.155-2.572 0-4.596 2.53-4.596 5.53 0 1.5.7 2.4 1.9 2.4 1.44 0 2.96-1.83 3.31-4.088l.592-3.72z\" \/>\n      <\/svg>\n    <\/span>\n    <span class=\"ngfb-text\"><\/span>\n  <\/a>\n<\/div><\/div><!-- .ngfb-buttons.en_US -->\n<\/div><!-- .ngfb-content-buttons -->\n<!-- ngfb content-buttons end -->\n\n","protected":false},"excerpt":{"rendered":"<p>Cluj-Napoca, Centru &#8211; De vanzare apartament cu 3 camere in Piata Mihai Viteazul, etaj 1\/4, 69 mp utili, 1 balcon. Include 2 dormitor, living spatios, bucatarie, baie, hol, finisaje moderne. Dotat cu centrala proprie, tamplarie PVC, izolatie termica. Pre\u021bul include garaj. Zona centrala, aproape de transport, scoli, magazine.<\/p>\n","protected":false},"author":8,"featured_media":956,"comment_status":"open","ping_status":"open","sticky":false,"template":"","format":"standard","meta":{"footnotes":""},"categories":[50,48,47],"tags":[55,74,65,104,91,68,67,69,70],"class_list":["post-957","post","type-post","status-publish","format-standard","has-post-thumbnail","hentry","category-apartamente-de-vanzare-in-cluj-napoca","category-oferte-imobiliare-in-cluj-napoca","category-oferte","tag-3-camere","tag-balcon","tag-centrala-termica","tag-centru","tag-cluj-napoca","tag-decomandat","tag-etaj-1-4","tag-garaj","tag-parchet"],"_links":{"self":[{"href":"https:\/\/propertybook.ro\/blog\/wp-json\/wp\/v2\/posts\/957","targetHints":{"allow":["GET"]}}],"collection":[{"href":"https:\/\/propertybook.ro\/blog\/wp-json\/wp\/v2\/posts"}],"about":[{"href":"https:\/\/propertybook.ro\/blog\/wp-json\/wp\/v2\/types\/post"}],"author":[{"embeddable":true,"href":"https:\/\/propertybook.ro\/blog\/wp-json\/wp\/v2\/users\/8"}],"replies":[{"embeddable":true,"href":"https:\/\/propertybook.ro\/blog\/wp-json\/wp\/v2\/comments?post=957"}],"version-history":[{"count":0,"href":"https:\/\/propertybook.ro\/blog\/wp-json\/wp\/v2\/posts\/957\/revisions"}],"wp:featuredmedia":[{"embeddable":true,"href":"https:\/\/propertybook.ro\/blog\/wp-json\/wp\/v2\/media\/956"}],"wp:attachment":[{"href":"https:\/\/propertybook.ro\/blog\/wp-json\/wp\/v2\/media?parent=957"}],"wp:term":[{"taxonomy":"category","embeddable":true,"href":"https:\/\/propertybook.ro\/blog\/wp-json\/wp\/v2\/categories?post=957"},{"taxonomy":"post_tag","embeddable":true,"href":"https:\/\/propertybook.ro\/blog\/wp-json\/wp\/v2\/tags?post=957"}],"curies":[{"name":"wp","href":"https:\/\/api.w.org\/{rel}","templated":true}]}}