{"id":979,"date":"2024-01-23T19:46:17","date_gmt":"2024-01-23T17:46:17","guid":{"rendered":"https:\/\/propertybook.ro\/blog\/apartament-2-camere-luminos-si-confortabil-in-manastur-ideal-amplasat-si-finisat-modern\/"},"modified":"2024-01-23T19:46:17","modified_gmt":"2024-01-23T17:46:17","slug":"apartament-2-camere-luminos-si-confortabil-in-manastur-ideal-amplasat-si-finisat-modern","status":"publish","type":"post","link":"https:\/\/propertybook.ro\/blog\/apartament-2-camere-luminos-si-confortabil-in-manastur-ideal-amplasat-si-finisat-modern\/","title":{"rendered":"Apartament 2 Camere Luminos \u0219i Confortabil \u00een Manastur, Ideal Amplasat \u0219i Finisat Modern"},"content":{"rendered":"\n<!-- ngfb content-buttons begin -->\n<!-- generated on 2026-05-01T13:34:18+00:00 -->\n<div class=\"ngfb-content-buttons\">\n<div class=\"ngfb-buttons en_US\">\n<!-- Email Button --><div class=\"css-button email-button\">\n  <a href=\"mailto:?subject=Share:%20Apartament%202%20Camere%20Luminos%20%C8%99i%20Confortabil%20%C3%AEn%20Manastur%2C%20Ideal%20Amplasat%20%C8%99i%20Finisat%20Modern&body=Cluj-Napoca%2C%20M%C4%83n%C4%83%C8%99tur%20-%20De%20v%C3%A2nzare%20apartament%20confortabil%20cu%202%20camere%20%C3%AEn%20Manastur%2C%20lini%C8%99tit%2C%20situat%20etajul%206%2F8%2C%2046%20mp%20utili%20plus%20un%20balcon%20de%204%20mp.%20Include%20dormitor%2C%20living%2C%20baie%2C%20buc%C4%83t%C4%83rie%2C%20hol%20%C8%99i%20beneficiaz%C4%83%20de%20finisaje%20moderne%2C%20u%C8%99i%20interioare%20din%20lemn%2C%20u%C8%99%C4%83%20metalic%C4%83%20%C8%99i%20parchet%20laminat.%20Contacta%C8%9Bi%20pentru%20detalii%20sau%20vizionare.%0D%0A%0D%0AShared%20from%20https:\/\/propertybook.ro\/blog\/apartament-2-camere-luminos-si-confortabil-in-manastur-ideal-amplasat-si-finisat-modern\/%0D%0A\">\n    <span class=\"ngfb-icon\">\n      <svg xmlns=\"http:\/\/www.w3.org\/2000\/svg\" width=\"9\" height=\"9\" viewBox=\"0 0 28 28\">\n        <path d=\"M20.11 26.147c-2.335 1.05-4.36 1.4-7.124 1.4C6.524 27.548.84 22.916.84 15.284.84 7.343 6.602.45 15.4.45c6.854 0 11.8 4.7 11.8 11.252 0 5.684-3.193 9.265-7.398 9.3-1.83 0-3.153-.934-3.347-2.997h-.077c-1.208 1.986-2.96 2.997-5.023 2.997-2.532 0-4.36-1.868-4.36-5.062 0-4.75 3.503-9.07 9.11-9.07 1.713 0 3.7.4 4.6.972l-1.17 7.203c-.387 2.298-.115 3.3 1 3.4 1.674 0 3.774-2.102 3.774-6.58 0-5.06-3.27-8.994-9.304-8.994C9.05 2.87 3.83 7.545 3.83 14.97c0 6.5 4.2 10.2 10 10.202 1.987 0 4.09-.43 5.647-1.245l.634 2.22zM16.647 10.1c-.31-.078-.7-.155-1.207-.155-2.572 0-4.596 2.53-4.596 5.53 0 1.5.7 2.4 1.9 2.4 1.44 0 2.96-1.83 3.31-4.088l.592-3.72z\" \/>\n      <\/svg>\n    <\/span>\n    <span class=\"ngfb-text\"><\/span>\n  <\/a>\n<\/div><\/div><!-- .ngfb-buttons.en_US -->\n<\/div><!-- .ngfb-content-buttons -->\n<!-- ngfb content-buttons end -->\n\n<figure class=\"wp-block-image size-large\"><img decoding=\"async\" src=\"https:\/\/cdn.propertybook.ro\/napoca_imobiliare\/140479.webp\" alt=\"\" \/><\/figure>\n<ul>\n<li><a href=\"\/cluj-napoca\/\">Imobiliare Cluj-Napoca<\/a><\/li>\n<li><a href=\"\/cluj-napoca\/apartamente-vanzare\/\">Apartamente de vanzare Cluj-Napoca<\/a><\/li>\n<li><a href=\"\/cluj-napoca\/apartamente-vanzare\/2-camere\/\">Apartamente cu 2 camere de vanzare Cluj-Napoca<\/a><\/li>\n<li><a href=\"\/cluj-napoca\/apartamente-vanzare\/manastur\/2-camere\/\">Apartamente cu 2 camere de vanzare M\u0103n\u0103\u0219tur, Cluj-Napoca<\/a><\/li>\n<\/ul>\n<p><a href=\"\/cluj-napoca\/imobiliare-25-140479-se-vinde-apartament-2-camere-in-manastur\/\" class=\"pb-listing-action\">Detaliile proprietatii<\/a><\/p>\n<p><h2 class=\"wp-block-heading\">Descoper\u0103 Confortul Urban \u2013 Apartament de 2 Camere \u00een Manastur<\/h2>\n<p>E\u0219ti \u00een c\u0103utarea unui nou camin \u00een Cluj-Napoca? A\u0219ezat \u00een inima cartierului Manastur, acest apartament cu 2 camere este o alegere perfect\u0103 pentru tineri profesioni\u0219ti, cupluri sau pentru cei care caut\u0103 s\u0103 investeasc\u0103 \u00eentr-o proprietate cu poten\u021bial ridicat de \u00eenchiriere.<\/p>\n<p><h2 class=\"wp-block-heading\">Loca\u021bia \u2013 Oaz\u0103 de Lini\u0219te \u00een Inima Orasului<\/h2>\n<p>Situat la etajul 6 al unui bloc modern de 8 etaje, acest apartament ofer\u0103 at\u00e2t confortul urban, c\u00e2t \u0219i retragerea \u00eentr-un decor lini\u0219tit \u0219i sigur, departe de forfota cotidian\u0103. Vecin\u0103t\u0103\u021bi bine \u00eentre\u021binute \u0219i un acces facil la toate facilit\u0103\u021bile urbane sunt doar c\u00e2teva dintre avantajele prezentei loca\u021bii.<\/p>\n<p><h2 class=\"wp-block-heading\">Design \u0219i Compartimentare Optime<\/h2>\n<p>Acest apartament bine proiectat ofer\u0103 o suprafa\u021b\u0103 util\u0103 de 46 mp, inteligent compartimentat\u0103 pentru a maximiza spa\u021biul de locuit \u0219i confortul. Cu un dormitor \u00eenc\u0103p\u0103tor \u0219i un living spatios, locuin\u021ba este perfect\u0103 pentru relaxare \u0219i odihn\u0103 dup\u0103 o zi agitat\u0103 la serviciu. Baia func\u021bional\u0103 \u0219i buc\u0103t\u0103ria complet utilat\u0103 sunt g\u00e2ndite pentru a facilita via\u021ba de zi cu zi, iar holul larg asigur\u0103 un spa\u021biu de primire primitoare.<\/p>\n<p>Nu \u00een ultimul r\u00e2nd, balconul de 4 mp adaug\u0103 un plus de valoare, oferind un spa\u021biu exterior privat pentru cafeaua de diminea\u021b\u0103 sau lectura \u00een zilele \u00eensorite.<\/p>\n<p><h2 class=\"wp-block-heading\">Finisajele \u2013 Mixul Ideal \u00centre Modern \u0219i Clasic<\/h2>\n<p>Aten\u021bia la detalii este evident\u0103 \u00een alegerea finisajelor performante care asigur\u0103 nu doar un aspect estetic pl\u0103cut, dar \u0219i o \u00eentre\u021binere u\u0219oar\u0103. U\u0219ile interioare din lemn adaug\u0103 c\u0103ldur\u0103 \u0219i stil, \u00een timp ce u\u0219a metalic\u0103 la intrare ofer\u0103 siguran\u021ba necesar\u0103 oric\u0103rui c\u0103min. Parchetul laminat care imit\u0103 lemnul aduce un aer de naturale\u021be \u0219i confort.<\/p>\n<p><h2 class=\"wp-block-heading\">Un Nou \u00cenceput Te A\u0219teapt\u0103!<\/h2>\n<p>Dac\u0103 te-ai s\u0103turat de c\u0103ut\u0103rile interminabile pentru casa perfect\u0103, aceasta poate fi r\u0103spunsul pe care \u00eel a\u0219tepti. Acest apartament reprezint\u0103 combina\u021bia perfect\u0103 de confort, stil \u0219i func\u021bionalitate. Te invit\u0103m s\u0103 descoperi poten\u021bialul acestui spa\u021biu, care ar putea fi noua ta locuin\u021b\u0103 sau o investi\u021bie de \u00eencredere.<\/p>\n<p>Pentru a experimenta farmecul \u0219i particularit\u0103\u021bile acestui apartament, te \u00eencuraj\u0103m s\u0103 programezi o vizionare. Ai ocazia unic\u0103 de a te plimba prin \u00eenc\u0103peri, de a admira finisajele \u0219i de a \u00ee\u021bi imagina viata \u00een acest minunat spa\u021biu.<\/p>\n<p>\u00cencepe-\u021bi c\u0103l\u0103toria c\u0103tre noua ta adres\u0103 de acas\u0103 ast\u0103zi \u0219i ia primul pas spre un viitor \u00eembun\u0103t\u0103\u021bit \u00een cadrul acestui apartament cu 2 camere \u00een Manastur!<\/p>\n<p><h2 class=\"wp-block-heading\">Pentru a programa o vizionare sau pentru a afla mai multe informa\u021bii, te rug\u0103m s\u0103 iei leg\u0103tura cu noi. Suntem aici pentru a-\u021bi r\u0103spunde la \u00eentreb\u0103ri \u0219i a te ghida \u00een procesul de achizi\u021bie a acestei propriet\u0103\u021bi minunate.<\/h2>\n<p>&#8212;<\/p>\n<p>Amintim c\u0103 acest articol este destinat inform\u0103rii \u0219i nu con\u021bine detalii de contact sau nume ale agen\u021biilor imobiliare. \u00ce\u021bi recomand\u0103m s\u0103 cau\u021bi listarea acestui apartament pe platformele dedicate pentru a programa o vizionare sau pentru a ini\u021bia procesul de achizi\u021bie.<\/p>\n<p><a href=\"\/cluj-napoca\/imobiliare-25-140479-se-vinde-apartament-2-camere-in-manastur\/\" class=\"pb-listing-action\">Stabileste o vizionare<\/a><\/p>\n<ul>\n<li><a href=\"\/cluj-napoca\/\">Imobiliare Cluj-Napoca<\/a><\/li>\n<li><a href=\"\/cluj-napoca\/apartamente-vanzare\/\">Apartamente de vanzare Cluj-Napoca<\/a><\/li>\n<li><a href=\"\/cluj-napoca\/apartamente-vanzare\/2-camere\/\">Apartamente cu 2 camere de vanzare Cluj-Napoca<\/a><\/li>\n<li><a href=\"\/cluj-napoca\/apartamente-vanzare\/manastur\/2-camere\/\">Apartamente cu 2 camere de vanzare M\u0103n\u0103\u0219tur, Cluj-Napoca<\/a><\/li>\n<\/ul>\n\n<!-- ngfb content-buttons begin -->\n<!-- generated on 2026-05-01T13:34:18+00:00 -->\n<div class=\"ngfb-content-buttons\">\n<div class=\"ngfb-buttons en_US\">\n<!-- Email Button --><div class=\"css-button email-button\">\n  <a href=\"mailto:?subject=Share:%20Apartament%202%20Camere%20Luminos%20%C8%99i%20Confortabil%20%C3%AEn%20Manastur%2C%20Ideal%20Amplasat%20%C8%99i%20Finisat%20Modern&body=Cluj-Napoca%2C%20M%C4%83n%C4%83%C8%99tur%20-%20De%20v%C3%A2nzare%20apartament%20confortabil%20cu%202%20camere%20%C3%AEn%20Manastur%2C%20lini%C8%99tit%2C%20situat%20etajul%206%2F8%2C%2046%20mp%20utili%20plus%20un%20balcon%20de%204%20mp.%20Include%20dormitor%2C%20living%2C%20baie%2C%20buc%C4%83t%C4%83rie%2C%20hol%20%C8%99i%20beneficiaz%C4%83%20de%20finisaje%20moderne%2C%20u%C8%99i%20interioare%20din%20lemn%2C%20u%C8%99%C4%83%20metalic%C4%83%20%C8%99i%20parchet%20laminat.%20Contacta%C8%9Bi%20pentru%20detalii%20sau%20vizionare.%0D%0A%0D%0AShared%20from%20https:\/\/propertybook.ro\/blog\/apartament-2-camere-luminos-si-confortabil-in-manastur-ideal-amplasat-si-finisat-modern\/%0D%0A\">\n    <span class=\"ngfb-icon\">\n      <svg xmlns=\"http:\/\/www.w3.org\/2000\/svg\" width=\"9\" height=\"9\" viewBox=\"0 0 28 28\">\n        <path d=\"M20.11 26.147c-2.335 1.05-4.36 1.4-7.124 1.4C6.524 27.548.84 22.916.84 15.284.84 7.343 6.602.45 15.4.45c6.854 0 11.8 4.7 11.8 11.252 0 5.684-3.193 9.265-7.398 9.3-1.83 0-3.153-.934-3.347-2.997h-.077c-1.208 1.986-2.96 2.997-5.023 2.997-2.532 0-4.36-1.868-4.36-5.062 0-4.75 3.503-9.07 9.11-9.07 1.713 0 3.7.4 4.6.972l-1.17 7.203c-.387 2.298-.115 3.3 1 3.4 1.674 0 3.774-2.102 3.774-6.58 0-5.06-3.27-8.994-9.304-8.994C9.05 2.87 3.83 7.545 3.83 14.97c0 6.5 4.2 10.2 10 10.202 1.987 0 4.09-.43 5.647-1.245l.634 2.22zM16.647 10.1c-.31-.078-.7-.155-1.207-.155-2.572 0-4.596 2.53-4.596 5.53 0 1.5.7 2.4 1.9 2.4 1.44 0 2.96-1.83 3.31-4.088l.592-3.72z\" \/>\n      <\/svg>\n    <\/span>\n    <span class=\"ngfb-text\"><\/span>\n  <\/a>\n<\/div><\/div><!-- .ngfb-buttons.en_US -->\n<\/div><!-- .ngfb-content-buttons -->\n<!-- ngfb content-buttons end -->\n\n","protected":false},"excerpt":{"rendered":"<p>Cluj-Napoca, M\u0103n\u0103\u0219tur &#8211; De v\u00e2nzare apartament confortabil cu 2 camere \u00een Manastur, lini\u0219tit, situat etajul 6\/8, 46 mp utili plus un balcon de 4 mp. Include dormitor, living, baie, buc\u0103t\u0103rie, hol \u0219i beneficiaz\u0103 de finisaje moderne, u\u0219i interioare din lemn, u\u0219\u0103 metalic\u0103 \u0219i parchet laminat. Contacta\u021bi pentru detalii sau vizionare.<\/p>\n","protected":false},"author":8,"featured_media":978,"comment_status":"open","ping_status":"open","sticky":false,"template":"","format":"standard","meta":{"footnotes":""},"categories":[50,48,47],"tags":[62,74,91,68,159,123,70],"class_list":["post-979","post","type-post","status-publish","format-standard","has-post-thumbnail","hentry","category-apartamente-de-vanzare-in-cluj-napoca","category-oferte-imobiliare-in-cluj-napoca","category-oferte","tag-2-camere","tag-balcon","tag-cluj-napoca","tag-decomandat","tag-etaj-6-8","tag-manastur","tag-parchet"],"_links":{"self":[{"href":"https:\/\/propertybook.ro\/blog\/wp-json\/wp\/v2\/posts\/979","targetHints":{"allow":["GET"]}}],"collection":[{"href":"https:\/\/propertybook.ro\/blog\/wp-json\/wp\/v2\/posts"}],"about":[{"href":"https:\/\/propertybook.ro\/blog\/wp-json\/wp\/v2\/types\/post"}],"author":[{"embeddable":true,"href":"https:\/\/propertybook.ro\/blog\/wp-json\/wp\/v2\/users\/8"}],"replies":[{"embeddable":true,"href":"https:\/\/propertybook.ro\/blog\/wp-json\/wp\/v2\/comments?post=979"}],"version-history":[{"count":0,"href":"https:\/\/propertybook.ro\/blog\/wp-json\/wp\/v2\/posts\/979\/revisions"}],"wp:featuredmedia":[{"embeddable":true,"href":"https:\/\/propertybook.ro\/blog\/wp-json\/wp\/v2\/media\/978"}],"wp:attachment":[{"href":"https:\/\/propertybook.ro\/blog\/wp-json\/wp\/v2\/media?parent=979"}],"wp:term":[{"taxonomy":"category","embeddable":true,"href":"https:\/\/propertybook.ro\/blog\/wp-json\/wp\/v2\/categories?post=979"},{"taxonomy":"post_tag","embeddable":true,"href":"https:\/\/propertybook.ro\/blog\/wp-json\/wp\/v2\/tags?post=979"}],"curies":[{"name":"wp","href":"https:\/\/api.w.org\/{rel}","templated":true}]}}