{"id":986,"date":"2024-01-24T15:45:55","date_gmt":"2024-01-24T13:45:55","guid":{"rendered":"https:\/\/propertybook.ro\/blog\/apartament-decomandat-2-camere-cu-vedere-la-parcul-central-si-loc-de-parcare-inclus\/"},"modified":"2024-01-24T15:45:55","modified_gmt":"2024-01-24T13:45:55","slug":"apartament-decomandat-2-camere-cu-vedere-la-parcul-central-si-loc-de-parcare-inclus","status":"publish","type":"post","link":"https:\/\/propertybook.ro\/blog\/apartament-decomandat-2-camere-cu-vedere-la-parcul-central-si-loc-de-parcare-inclus\/","title":{"rendered":"Apartament Decomandat 2 Camere cu Vedere la Parcul Central \u0219i Loc de Parcare Inclus"},"content":{"rendered":"\n<!-- ngfb content-buttons begin -->\n<!-- generated on 2026-05-01T12:29:30+00:00 -->\n<div class=\"ngfb-content-buttons\">\n<div class=\"ngfb-buttons en_US\">\n<!-- Email Button --><div class=\"css-button email-button\">\n  <a href=\"mailto:?subject=Share:%20Apartament%20Decomandat%202%20Camere%20cu%20Vedere%20la%20Parcul%20Central%20%C8%99i%20Loc%20de%20Parcare%20Inclus&body=Cluj-Napoca%2C%20Centru%20-%20De%20v%C3%A2nzare%20apartament%20decomandat%2C%2046%20mp%2C%20%C3%AEn%20centrul%20Clujului%2C%20l%C3%A2ng%C4%83%20Parcul%20Central%20%C8%99i%20Cluj%20Arena.%20Include%20un%20dormitor%2C%20living%2C%20buc%C4%83t%C4%83rie%2C%20baie%2C%20hol%2C%20%C8%99i%20un%20balcon%20spa%C8%9Bios%20cu%20vedere%20la%20lacul%20Chios.%20Dotat%20cu%20loc%20de%20parcare%2C%20finisaje%20de%20calitate%2C%20termopan%20PVC%20%C8%99i%20centrala%20proprie.%20Ideal%20amplasat%20%C8%99i%20confortabil.%0D%0A%0D%0AShared%20from%20https:\/\/propertybook.ro\/blog\/apartament-decomandat-2-camere-cu-vedere-la-parcul-central-si-loc-de-parcare-inclus\/%0D%0A\">\n    <span class=\"ngfb-icon\">\n      <svg xmlns=\"http:\/\/www.w3.org\/2000\/svg\" width=\"9\" height=\"9\" viewBox=\"0 0 28 28\">\n        <path d=\"M20.11 26.147c-2.335 1.05-4.36 1.4-7.124 1.4C6.524 27.548.84 22.916.84 15.284.84 7.343 6.602.45 15.4.45c6.854 0 11.8 4.7 11.8 11.252 0 5.684-3.193 9.265-7.398 9.3-1.83 0-3.153-.934-3.347-2.997h-.077c-1.208 1.986-2.96 2.997-5.023 2.997-2.532 0-4.36-1.868-4.36-5.062 0-4.75 3.503-9.07 9.11-9.07 1.713 0 3.7.4 4.6.972l-1.17 7.203c-.387 2.298-.115 3.3 1 3.4 1.674 0 3.774-2.102 3.774-6.58 0-5.06-3.27-8.994-9.304-8.994C9.05 2.87 3.83 7.545 3.83 14.97c0 6.5 4.2 10.2 10 10.202 1.987 0 4.09-.43 5.647-1.245l.634 2.22zM16.647 10.1c-.31-.078-.7-.155-1.207-.155-2.572 0-4.596 2.53-4.596 5.53 0 1.5.7 2.4 1.9 2.4 1.44 0 2.96-1.83 3.31-4.088l.592-3.72z\" \/>\n      <\/svg>\n    <\/span>\n    <span class=\"ngfb-text\"><\/span>\n  <\/a>\n<\/div><\/div><!-- .ngfb-buttons.en_US -->\n<\/div><!-- .ngfb-content-buttons -->\n<!-- ngfb content-buttons end -->\n\n\n<!-- ngfb schema image for pinterest pin it button -->\n<div class=\"ngfb-schema-image-for-pinterest\" style=\"display:none;\">\n<img loading=\"lazy\" decoding=\"async\" src=\"https:\/\/propertybook.ro\/blog\/wp-content\/uploads\/2024\/01\/140539.webp\" width=\"0\" height=\"0\" style=\"width:0;height:0;\" data-pin-description=\"Cluj-Napoca, Centru - De v&acirc;nzare apartament decomandat, 46 mp, &icirc;n centrul Clujului, l&acirc;ng\u0103 Parcul Central \u0219i Cluj Arena. Include un dormitor, living, buc\u0103t\u0103rie, baie, hol, \u0219i un balcon spa\u021bios cu vedere la lacul Chios. Dotat cu loc de parcare, finisaje de calitate, termopan PVC \u0219i centrala...\" alt=\"\"\/>\n<\/div><!-- .ngfb-schema-image-for-pinterest -->\n\n<figure class=\"wp-block-image size-large\"><img decoding=\"async\" src=\"https:\/\/cdn.propertybook.ro\/napoca_imobiliare\/140539.webp\" alt=\"\" \/><\/figure>\n<ul>\n<li><a href=\"\/cluj-napoca\/\">Imobiliare Cluj-Napoca<\/a><\/li>\n<li><a href=\"\/cluj-napoca\/apartamente-vanzare\/\">Apartamente de vanzare Cluj-Napoca<\/a><\/li>\n<li><a href=\"\/cluj-napoca\/apartamente-vanzare\/2-camere\/\">Apartamente cu 2 camere de vanzare Cluj-Napoca<\/a><\/li>\n<li><a href=\"\/cluj-napoca\/apartamente-vanzare\/centru\/2-camere\/\">Apartamente cu 2 camere de vanzare Centru, Cluj-Napoca<\/a><\/li>\n<\/ul>\n<p><a href=\"\/cluj-napoca\/imobiliare-25-140539-se-vinde-apartament-2-camere-in-centru\/\" class=\"pb-listing-action\">Detaliile proprietatii<\/a><\/p>\n<p><h2 class=\"wp-block-heading\">Descoperi\u021bi Oaz\u0103 Urban\u0103: Oportunitatea dvs. pentru Un T\u0103r\u00e2m Elegant la Parcul Central<\/h2>\n<p>Visa\u021bi la o locuin\u021b\u0103 care \u00eembin\u0103 frumuse\u021bea naturii cu confortul \u0219i comoditatea vie\u021bii urbane? Imagina\u021bi-v\u0103 c\u0103 dimine\u021bile v\u0103 \u00eencep cu priveli\u0219ti captive ale Parcului Central, cu lacul Chios sclipind la distan\u021b\u0103, \u00een timp ce savura\u021bi cafeaua pe un balcon generos. Dac\u0103 acest tablou sun\u0103 irezistibil, atunci preg\u0103ti\u021bi-v\u0103 s\u0103 v\u0103 \u00eent\u00e2mpina\u021bi noul c\u0103min: un apartament cu dou\u0103 camere aflat \u00een inima vibrant\u0103 a Clujului.<\/p>\n<p>Pozi\u021bionat strategic vis-a-vis de una dintre cele mai iubite oaze verzi ale ora\u0219ului, acest imobil promite nu doar conexiunea cu natura, ci \u0219i acces u\u0219or la atractiile \u0219i facilit\u0103\u021bile urbane. Cluj Arena, un punct de referin\u021b\u0103 pentru evenimentele din ora\u0219, este la doar c\u00e2\u021biva pa\u0219i distan\u021b\u0103, complet\u00e2nd portofoliul ambi\u021bios al loca\u021biei. <\/p>\n<p>Interiorul acestui apartament, amplasat la un etaj intermediar, este o armonie \u00eentre func\u021bionalitate \u0219i estetic\u0103, cu finisaje care reflect\u0103 un gust atent pentru detalii. Cu o suprafa\u021b\u0103 util\u0103 de 46 mp, aceast\u0103 locuin\u021b\u0103 decomandat\u0103 ofer\u0103 spa\u021biul ideal pentru cei care caut\u0103 un c\u0103min elegant \u0219i primitor. Un dormitor odihnitor, un living spa\u021bios, o baie modern\u0103, o buc\u0103t\u0103rie intuitiv\u0103 \u0219i un hol primitor compun acest spa\u021biu de via\u021b\u0103 ce flateaz\u0103 orice stil de via\u021b\u0103 urban.<\/p>\n<p>Nu vorbim doar despre estetic\u0103 \u0219i confort; func\u021bionalitatea nu este neglijat\u0103. Pardoseala din parchet laminat \u0219i peretii proasp\u0103t zugr\u0103vi\u021bi cu vopsea lavabil\u0103 sunt dovezi ale calit\u0103\u021bii \u0219i grijii pe care acest c\u0103min le ofer\u0103. \u00cen plus, pentru confortul termic, locuin\u021ba este dotat\u0103 cu o central\u0103 proprie, asigur\u00e2nd c\u0103ldur\u0103 \u0219i confort pe parcursul \u00eentregului an.<\/p>\n<p>\u0218i pentru c\u0103 orice bijuterie urban\u0103 merit\u0103 propriul s\u0103u seif, apartamentul include un loc de parcare \u00een incinta protejat\u0103 a cur\u021bii blocului, garant\u00e2nd securitatea vehiculului dvs.<\/p>\n<p>Acest seduc\u0103tor apartament reprezint\u0103 mai mult dec\u00e2t o simpl\u0103 ofert\u0103 imobiliar\u0103; el este o promisiune pentru o via\u021b\u0103 echilibrat\u0103 \u00eentre natur\u0103 \u0219i modernitate, un sanctuar personal \u00een inima efervescentului Cluj. Este un punct de plecare pentru aventuri urbane \u0219i o retragere calm\u0103 pentru momentele de r\u0103gaz. Dac\u0103 sunte\u021bi preg\u0103ti\u021bi s\u0103 experimenta\u021bi aceast\u0103 combina\u021bie irezistibil\u0103 de charm \u0219i confort, este momentul s\u0103 transforma\u021bi visul \u00een realitate.<\/p>\n<p><a href=\"\/cluj-napoca\/imobiliare-25-140539-se-vinde-apartament-2-camere-in-centru\/\" class=\"pb-listing-action\">Stabileste o vizionare<\/a><\/p>\n<ul>\n<li><a href=\"\/cluj-napoca\/\">Imobiliare Cluj-Napoca<\/a><\/li>\n<li><a href=\"\/cluj-napoca\/apartamente-vanzare\/\">Apartamente de vanzare Cluj-Napoca<\/a><\/li>\n<li><a href=\"\/cluj-napoca\/apartamente-vanzare\/2-camere\/\">Apartamente cu 2 camere de vanzare Cluj-Napoca<\/a><\/li>\n<li><a href=\"\/cluj-napoca\/apartamente-vanzare\/centru\/2-camere\/\">Apartamente cu 2 camere de vanzare Centru, Cluj-Napoca<\/a><\/li>\n<\/ul>\n\n<!-- ngfb content-buttons begin -->\n<!-- generated on 2026-05-01T12:29:30+00:00 -->\n<div class=\"ngfb-content-buttons\">\n<div class=\"ngfb-buttons en_US\">\n<!-- Email Button --><div class=\"css-button email-button\">\n  <a href=\"mailto:?subject=Share:%20Apartament%20Decomandat%202%20Camere%20cu%20Vedere%20la%20Parcul%20Central%20%C8%99i%20Loc%20de%20Parcare%20Inclus&body=Cluj-Napoca%2C%20Centru%20-%20De%20v%C3%A2nzare%20apartament%20decomandat%2C%2046%20mp%2C%20%C3%AEn%20centrul%20Clujului%2C%20l%C3%A2ng%C4%83%20Parcul%20Central%20%C8%99i%20Cluj%20Arena.%20Include%20un%20dormitor%2C%20living%2C%20buc%C4%83t%C4%83rie%2C%20baie%2C%20hol%2C%20%C8%99i%20un%20balcon%20spa%C8%9Bios%20cu%20vedere%20la%20lacul%20Chios.%20Dotat%20cu%20loc%20de%20parcare%2C%20finisaje%20de%20calitate%2C%20termopan%20PVC%20%C8%99i%20centrala%20proprie.%20Ideal%20amplasat%20%C8%99i%20confortabil.%0D%0A%0D%0AShared%20from%20https:\/\/propertybook.ro\/blog\/apartament-decomandat-2-camere-cu-vedere-la-parcul-central-si-loc-de-parcare-inclus\/%0D%0A\">\n    <span class=\"ngfb-icon\">\n      <svg xmlns=\"http:\/\/www.w3.org\/2000\/svg\" width=\"9\" height=\"9\" viewBox=\"0 0 28 28\">\n        <path d=\"M20.11 26.147c-2.335 1.05-4.36 1.4-7.124 1.4C6.524 27.548.84 22.916.84 15.284.84 7.343 6.602.45 15.4.45c6.854 0 11.8 4.7 11.8 11.252 0 5.684-3.193 9.265-7.398 9.3-1.83 0-3.153-.934-3.347-2.997h-.077c-1.208 1.986-2.96 2.997-5.023 2.997-2.532 0-4.36-1.868-4.36-5.062 0-4.75 3.503-9.07 9.11-9.07 1.713 0 3.7.4 4.6.972l-1.17 7.203c-.387 2.298-.115 3.3 1 3.4 1.674 0 3.774-2.102 3.774-6.58 0-5.06-3.27-8.994-9.304-8.994C9.05 2.87 3.83 7.545 3.83 14.97c0 6.5 4.2 10.2 10 10.202 1.987 0 4.09-.43 5.647-1.245l.634 2.22zM16.647 10.1c-.31-.078-.7-.155-1.207-.155-2.572 0-4.596 2.53-4.596 5.53 0 1.5.7 2.4 1.9 2.4 1.44 0 2.96-1.83 3.31-4.088l.592-3.72z\" \/>\n      <\/svg>\n    <\/span>\n    <span class=\"ngfb-text\"><\/span>\n  <\/a>\n<\/div><\/div><!-- .ngfb-buttons.en_US -->\n<\/div><!-- .ngfb-content-buttons -->\n<!-- ngfb content-buttons end -->\n\n","protected":false},"excerpt":{"rendered":"<p>Cluj-Napoca, Centru &#8211; De v\u00e2nzare apartament decomandat, 46 mp, \u00een centrul Clujului, l\u00e2ng\u0103 Parcul Central \u0219i Cluj Arena. Include un dormitor, living, buc\u0103t\u0103rie, baie, hol, \u0219i un balcon spa\u021bios cu vedere la lacul Chios. Dotat cu loc de parcare, finisaje de calitate, termopan PVC \u0219i centrala proprie. Ideal amplasat \u0219i confortabil.<\/p>\n","protected":false},"author":8,"featured_media":985,"comment_status":"open","ping_status":"open","sticky":false,"template":"","format":"standard","meta":{"footnotes":""},"categories":[50,48,47],"tags":[62,74,65,104,91,68,67,60,70],"class_list":["post-986","post","type-post","status-publish","format-standard","has-post-thumbnail","hentry","category-apartamente-de-vanzare-in-cluj-napoca","category-oferte-imobiliare-in-cluj-napoca","category-oferte","tag-2-camere","tag-balcon","tag-centrala-termica","tag-centru","tag-cluj-napoca","tag-decomandat","tag-etaj-1-4","tag-parcare","tag-parchet"],"_links":{"self":[{"href":"https:\/\/propertybook.ro\/blog\/wp-json\/wp\/v2\/posts\/986","targetHints":{"allow":["GET"]}}],"collection":[{"href":"https:\/\/propertybook.ro\/blog\/wp-json\/wp\/v2\/posts"}],"about":[{"href":"https:\/\/propertybook.ro\/blog\/wp-json\/wp\/v2\/types\/post"}],"author":[{"embeddable":true,"href":"https:\/\/propertybook.ro\/blog\/wp-json\/wp\/v2\/users\/8"}],"replies":[{"embeddable":true,"href":"https:\/\/propertybook.ro\/blog\/wp-json\/wp\/v2\/comments?post=986"}],"version-history":[{"count":0,"href":"https:\/\/propertybook.ro\/blog\/wp-json\/wp\/v2\/posts\/986\/revisions"}],"wp:featuredmedia":[{"embeddable":true,"href":"https:\/\/propertybook.ro\/blog\/wp-json\/wp\/v2\/media\/985"}],"wp:attachment":[{"href":"https:\/\/propertybook.ro\/blog\/wp-json\/wp\/v2\/media?parent=986"}],"wp:term":[{"taxonomy":"category","embeddable":true,"href":"https:\/\/propertybook.ro\/blog\/wp-json\/wp\/v2\/categories?post=986"},{"taxonomy":"post_tag","embeddable":true,"href":"https:\/\/propertybook.ro\/blog\/wp-json\/wp\/v2\/tags?post=986"}],"curies":[{"name":"wp","href":"https:\/\/api.w.org\/{rel}","templated":true}]}}